{"id":151644,"date":"2025-06-04T14:43:08","date_gmt":"2025-06-04T14:43:08","guid":{"rendered":"https:\/\/www.europesays.com\/fr\/151644\/"},"modified":"2025-06-04T14:43:08","modified_gmt":"2025-06-04T14:43:08","slug":"marseille-cette-deputee-rn-presente-dans-un-groupe-facebook-raciste-et-homophobe","status":"publish","type":"post","link":"https:\/\/www.europesays.com\/fr\/151644\/","title":{"rendered":"Marseille. Cette d\u00e9put\u00e9e RN pr\u00e9sente dans un groupe Facebook raciste et homophobe"},"content":{"rendered":"<p>            Par<br \/>\n        <strong><br \/>\n            <a href=\"https:\/\/actu.fr\/auteur\/thibault-nadal-actu-fr\" title=\"Consulter tous les articles de Thibault Nadal\" target=\"_blank\" rel=\"noopener\">Thibault Nadal<\/a><br \/>\n        <\/strong><\/p>\n<p>        Publi\u00e9 le<\/p>\n<p>            4 juin 2025 \u00e0 16h04        <\/p>\n<p>Plusieurs d\u00e9put\u00e9s dans la tourmente. Dans une enqu\u00eate, le m\u00e9dia <a href=\"https:\/\/lesjours.fr\/obsessions\/rn-conquete-pouvoir\/ep23-groupe-facebook-bardella\/\" target=\"_blank\" rel=\"noopener\">Les Jours<\/a> r\u00e9v\u00e8le que neuf parlementaires du <a href=\"https:\/\/actu.fr\/tag\/rassemblement-national-rn\" target=\"_blank\" rel=\"noopener\">Rassemblement national<\/a>, dont la d\u00e9put\u00e9e de <a href=\"https:\/\/actu.fr\/marseille\/\" target=\"_blank\" rel=\"noopener\">Marseille<\/a>, Monique Griseti, figurent dans un groupe <a href=\"https:\/\/actu.fr\/tag\/facebook\" target=\"_blank\" rel=\"noopener\">Facebook<\/a>\u00a0baptis\u00e9 \u00ab\u2009La France avec Jordan Bardella\u2009\u00bb. Dans celui-ci, des <strong>messages \u00e0 caract\u00e8re raciste, islamophobe, homophobe et antis\u00e9mite<\/strong> y ont \u00e9t\u00e9 publi\u00e9s.<\/p>\n<p class=\" wall-content\">Apr\u00e8s avoir \u00e9t\u00e9 renomm\u00e9, le groupe a depuis \u00e9t\u00e9 supprim\u00e9.<\/p>\n<p>Des messages de haine propag\u00e9s<\/p>\n<p class=\" wall-content\">Parmi les principaux messages post\u00e9s dans ce groupe qui compte 11\u2009500 membres et qu\u2019ont r\u00e9ussi \u00e0 infiltrer nos confr\u00e8res, on retrouve <strong>des insultes homophobes<\/strong> visant l\u2019ancien Premier ministre, <a href=\"https:\/\/actu.fr\/tag\/gabriel-attal\" target=\"_blank\" rel=\"noopener\">Gabriel Attal<\/a> ou d\u2019autres messages haineux comme\u2009: \u00ab\u2009Les Arabes dehors\u2009\u00bb ou \u00ab\u2009La France est dirig\u00e9e par les juifs sionistes\u2009\u00bb.<\/p>\n<p class=\" wall-content\">Enfin, <strong>des publications faisant r\u00e9f\u00e9rence \u00e0 Adolf Hitler<\/strong>. \u00ab\u2009Il nous manque un mec \u00e0 petite moustache. Tout serait fini tr\u00e8s vite. D\u00e9sol\u00e9, j\u2019ai oubli\u00e9 son nom\u2009\u00bb, ont rep\u00e9r\u00e9 les journalistes des Jours.<\/p>\n<p class=\" wall-content\">Ces derniers pr\u00e9cisent qu\u2019aucun des neuf d\u00e9put\u00e9s du RN n\u2019a signal\u00e9 ces messages \u00e0 la Justice. Pourtant, <strong>l\u2019article\u00a040 du Code de proc\u00e9dure p\u00e9nale<\/strong> impose \u00e0 toute autorit\u00e9 publique inform\u00e9e d\u2019un d\u00e9lit de le signaler.<\/p>\n<p>Vid\u00e9os : en ce moment sur Actu<\/p>\n<p class=\" wall-content\">Contact\u00e9e, Monique Griseti n\u2019a pas souhait\u00e9 r\u00e9pondre \u00e0 nos sollicitations.<\/p>\n<p>Des d\u00e9put\u00e9s RN d\u00e9j\u00e0 \u00e9pingl\u00e9s pour des faits similaires<\/p>\n<p class=\" wall-content\">Ce n\u2019est pas la premi\u00e8re fois que des parlementaires RN se font \u00e9pingler pour leur appartenance \u00e0 des groupes Facebook appelant \u00e0 la haine.<\/p>\n<p class=\" wall-content\">En janvier dernier, une enqu\u00eate des Jours d\u00e9j\u00e0 avait r\u00e9v\u00e9l\u00e9 que<strong> sept d\u2019entre eux appartenaient au groupe des \u00ab\u2009Barjols\u2009\u00bb,<\/strong> actuellement poursuivi pour incitation \u00e0 la haine.<\/p>\n<p class=\" wall-content\">Suivez toute l\u2019actualit\u00e9 de vos villes et m\u00e9dias favoris en vous inscrivant \u00e0 <a href=\"https:\/\/moncompte.actu.fr\" title=\"D\u00e9couvez Mon Actu\" rel=\"nofollow noopener\" data-trk=\"{&quot;cta&quot;:{&quot;action&quot;:&quot;https:\\\/\\\/moncompte.actu.fr&quot;,&quot;category&quot;:&quot;mon compte&quot;,&quot;from&quot;:&quot;article footer&quot;,&quot;name&quot;:&quot;Mon actu&quot;,&quot;type&quot;:&quot;cta&quot;}}\" target=\"_blank\">Mon Actu<\/a>.<\/p>\n<ul class=\"ac-article-tag wall-content\">\n<li><a href=\"https:\/\/actu.fr\/tag\/facebook\" data-trk=\"{&quot;cta&quot;:{&quot;action&quot;:&quot;Facebook&quot;,&quot;category&quot;:&quot;tag&quot;,&quot;from&quot;:&quot;article footer&quot;,&quot;name&quot;:&quot;Facebook&quot;,&quot;type&quot;:&quot;cta&quot;}}\" target=\"_blank\" rel=\"noopener\">#Facebook<\/a><\/li>\n<li><a href=\"https:\/\/actu.fr\/tag\/rassemblement-national-rn\" data-trk=\"{&quot;cta&quot;:{&quot;action&quot;:&quot;Rassemblement National (RN)&quot;,&quot;category&quot;:&quot;tag&quot;,&quot;from&quot;:&quot;article footer&quot;,&quot;name&quot;:&quot;Rassemblement National (RN)&quot;,&quot;type&quot;:&quot;cta&quot;}}\" target=\"_blank\" rel=\"noopener\">#Rassemblement National (RN)<\/a><\/li>\n<\/ul>\n","protected":false},"excerpt":{"rendered":"Par Thibault Nadal Publi\u00e9 le 4 juin 2025 \u00e0 16h04 Plusieurs d\u00e9put\u00e9s dans la tourmente. Dans une enqu\u00eate,&hellip;\n","protected":false},"author":2,"featured_media":151645,"comment_status":"","ping_status":"","sticky":false,"template":"","format":"standard","meta":{"footnotes":""},"categories":[2814],"tags":[1111,11,1777,674,4688,1011,27,884,12,316,882,2556,25],"class_list":{"0":"post-151644","1":"post","2":"type-post","3":"status-publish","4":"format-standard","5":"has-post-thumbnail","7":"category-marseille","8":"tag-actu","9":"tag-actualites","10":"tag-eu","11":"tag-europe","12":"tag-facebook","13":"tag-fr","14":"tag-france","15":"tag-marseille","16":"tag-news","17":"tag-politique","18":"tag-provence-alpes-cote-dazur","19":"tag-rassemblement-national-rn","20":"tag-republique-francaise"},"share_on_mastodon":{"url":"https:\/\/pubeurope.com\/@fr\/114625629710879638","error":""},"_links":{"self":[{"href":"https:\/\/www.europesays.com\/fr\/wp-json\/wp\/v2\/posts\/151644","targetHints":{"allow":["GET"]}}],"collection":[{"href":"https:\/\/www.europesays.com\/fr\/wp-json\/wp\/v2\/posts"}],"about":[{"href":"https:\/\/www.europesays.com\/fr\/wp-json\/wp\/v2\/types\/post"}],"author":[{"embeddable":true,"href":"https:\/\/www.europesays.com\/fr\/wp-json\/wp\/v2\/users\/2"}],"replies":[{"embeddable":true,"href":"https:\/\/www.europesays.com\/fr\/wp-json\/wp\/v2\/comments?post=151644"}],"version-history":[{"count":0,"href":"https:\/\/www.europesays.com\/fr\/wp-json\/wp\/v2\/posts\/151644\/revisions"}],"wp:featuredmedia":[{"embeddable":true,"href":"https:\/\/www.europesays.com\/fr\/wp-json\/wp\/v2\/media\/151645"}],"wp:attachment":[{"href":"https:\/\/www.europesays.com\/fr\/wp-json\/wp\/v2\/media?parent=151644"}],"wp:term":[{"taxonomy":"category","embeddable":true,"href":"https:\/\/www.europesays.com\/fr\/wp-json\/wp\/v2\/categories?post=151644"},{"taxonomy":"post_tag","embeddable":true,"href":"https:\/\/www.europesays.com\/fr\/wp-json\/wp\/v2\/tags?post=151644"}],"curies":[{"name":"wp","href":"https:\/\/api.w.org\/{rel}","templated":true}]}}