{"id":151648,"date":"2025-06-04T14:45:12","date_gmt":"2025-06-04T14:45:12","guid":{"rendered":"https:\/\/www.europesays.com\/fr\/151648\/"},"modified":"2025-06-04T14:45:12","modified_gmt":"2025-06-04T14:45:12","slug":"pres-de-lyon-un-burger-king-ouvre-ses-portes-dans-cette-commune","status":"publish","type":"post","link":"https:\/\/www.europesays.com\/fr\/151648\/","title":{"rendered":"Pr\u00e8s de Lyon : un Burger King ouvre ses portes dans cette commune"},"content":{"rendered":"<p>Burger King va ouvrir un nouveau restaurant dans le Rh\u00f4ne. L&rsquo;enseigne de fast-food s&rsquo;installe \u00e0 Meyzieu, pr\u00e8s de Lyon. Ouverture pr\u00e9vue jeudi 5 juin.<\/p>\n<p>Le roi des burgers continue de s&rsquo;implanter dans l&rsquo;agglom\u00e9ration lyonnaise. Jeudi 5 juin, \u00e0 11h, <b>Burger King<\/b> ouvre un nouveau restaurant sur la commune de <b>Meyzieu<\/b>, \u00e0 l&rsquo;est de Lyon.<\/p>\n<p>Un nouveau Burger King pr\u00e8s de Lyon<\/p>\n<p>La cha\u00eene am\u00e9ricaine de fast-food s&rsquo;installe \u00e0 c\u00f4t\u00e9 de l&rsquo;H\u00f4tel 3 \u00e9toiles des Lumi\u00e8res, pr\u00e8s de la RD302.<\/p>\n<p>Au total, ce nouveau Burger King, qui est le premier sur la commune, comptera 174 places, dont 38 en terrasse.<\/p>\n<p>Selon <a class=\"url\" href=\"https:\/\/www.leprogres.fr\/economie\/2025\/06\/04\/un-burger-king-va-remplacer-le-restaurant-de-sebastien-chabal-et-lionel-nallet-a-meyzieu\" target=\"_blank\" rel=\"noopener\">Le Progr\u00e8s<\/a>, l&rsquo;enseigne de burgers prend ainsi la place de l&rsquo;ancien restaurant \u00ab\u00a0Au champ du coq\u00a0\u00bb ouvert par S\u00e9bastien Chabal et Lional Nallet en 2013.<\/p>\n<p>Burger King, 150 rue de la R\u00e9publique, Meyzieu. Ouverture en salle de 11h \u00e0 23h tous les jours, et jusqu&rsquo;\u00e0 minuit le vendredi et le samedi. Le drive est ouvert jusqu&rsquo;\u00e0 1h du matin le vendredi et le samedi.<\/p>\n<p><img loading=\"lazy\" decoding=\"async\" src=\"https:\/\/www.europesays.com\/fr\/wp-content\/uploads\/2025\/06\/1749048312_803_img\" width=\"350\" height=\"200\" border=\"0\" title=\"Un magasin Action\"\/><\/p>\n<p>\u25baConso<\/p>\n<p style=\"font-size: 22px;\"><b>Un nouveau magasin Action va ouvrir dans le centre-ville de Lyon\u00a0<\/b><\/p>\n<p>Un nouveau magasin Action va ouvrir prochainement&#8230;<\/p>\n<p><\/p>\n","protected":false},"excerpt":{"rendered":"Burger King va ouvrir un nouveau restaurant dans le Rh\u00f4ne. L&rsquo;enseigne de fast-food s&rsquo;installe \u00e0 Meyzieu, pr\u00e8s de&hellip;\n","protected":false},"author":2,"featured_media":151649,"comment_status":"","ping_status":"","sticky":false,"template":"","format":"standard","meta":{"footnotes":""},"categories":[1889],"tags":[1111,11,2430,16504,21039,1777,674,16827,1011,27,2428,12497,12,25,9844],"class_list":{"0":"post-151648","1":"post","2":"type-post","3":"status-publish","4":"format-standard","5":"has-post-thumbnail","7":"category-lyon","8":"tag-actu","9":"tag-actualites","10":"tag-auvergne-rhone-alpes","11":"tag-burger","12":"tag-burger-king","13":"tag-eu","14":"tag-europe","15":"tag-fast-food","16":"tag-fr","17":"tag-france","18":"tag-lyon","19":"tag-meyzieu","20":"tag-news","21":"tag-republique-francaise","22":"tag-rhne"},"share_on_mastodon":{"url":"https:\/\/pubeurope.com\/@fr\/114625637736381599","error":""},"_links":{"self":[{"href":"https:\/\/www.europesays.com\/fr\/wp-json\/wp\/v2\/posts\/151648","targetHints":{"allow":["GET"]}}],"collection":[{"href":"https:\/\/www.europesays.com\/fr\/wp-json\/wp\/v2\/posts"}],"about":[{"href":"https:\/\/www.europesays.com\/fr\/wp-json\/wp\/v2\/types\/post"}],"author":[{"embeddable":true,"href":"https:\/\/www.europesays.com\/fr\/wp-json\/wp\/v2\/users\/2"}],"replies":[{"embeddable":true,"href":"https:\/\/www.europesays.com\/fr\/wp-json\/wp\/v2\/comments?post=151648"}],"version-history":[{"count":0,"href":"https:\/\/www.europesays.com\/fr\/wp-json\/wp\/v2\/posts\/151648\/revisions"}],"wp:featuredmedia":[{"embeddable":true,"href":"https:\/\/www.europesays.com\/fr\/wp-json\/wp\/v2\/media\/151649"}],"wp:attachment":[{"href":"https:\/\/www.europesays.com\/fr\/wp-json\/wp\/v2\/media?parent=151648"}],"wp:term":[{"taxonomy":"category","embeddable":true,"href":"https:\/\/www.europesays.com\/fr\/wp-json\/wp\/v2\/categories?post=151648"},{"taxonomy":"post_tag","embeddable":true,"href":"https:\/\/www.europesays.com\/fr\/wp-json\/wp\/v2\/tags?post=151648"}],"curies":[{"name":"wp","href":"https:\/\/api.w.org\/{rel}","templated":true}]}}