{"id":151654,"date":"2025-06-04T14:48:08","date_gmt":"2025-06-04T14:48:08","guid":{"rendered":"https:\/\/www.europesays.com\/fr\/151654\/"},"modified":"2025-06-04T14:48:08","modified_gmt":"2025-06-04T14:48:08","slug":"grimpez-les-222-marches-de-la-butte-montmartre-pour-sauver-des-vies","status":"publish","type":"post","link":"https:\/\/www.europesays.com\/fr\/151654\/","title":{"rendered":"grimpez les 222 marches de la butte Montmartre pour sauver des vies"},"content":{"rendered":"<p>            Par<br \/>\n        <strong><br \/>\n            <a href=\"https:\/\/actu.fr\/auteur\/thomas-martin\" title=\"Consulter tous les articles de Thomas Martin\" rel=\"nofollow noopener\" target=\"_blank\">Thomas Martin<\/a><br \/>\n        <\/strong><\/p>\n<p>        Publi\u00e9 le<\/p>\n<p>            4 juin 2025 \u00e0 16h34        <\/p>\n<p>Depuis 2021, la Course Verticale, organis\u00e9e par la marque d\u2019h\u00f4tels HappyCulture, r\u00e9unit sportifs et amateurs pour gravir 222 marches de l\u2019escalier de la Butte Montmartre, chaque mont\u00e9e rapportant 100 euros \u00e0 l\u2019association M\u00e9c\u00e9nat Chirurgie Cardiaque. Une op\u00e9ration qui a d\u00e9j\u00e0 permis de sauver 30 enfants.<\/p>\n<p class=\" wall-content\">Rendez-vous pour la 5\u00e8me \u00e9dition ce jeudi 5 juin au pied de l\u2019escalier de la rue Foyatier dans le 18\u00e8me arrondissement de Paris afin de courir seul ou en \u00e9quipe. L\u2019an pass\u00e9, <a href=\"https:\/\/actu.fr\/occitanie\/toulouse_31555\/claude-dartois-le-multiple-finaliste-de-koh-lanta-s-entraine-a-toulouse-pour-sa-nouvelle-emission-sur-la-danse_62281989.html\" rel=\"nofollow noopener\" target=\"_blank\">Claude Dartois<\/a>, <a href=\"https:\/\/actu.fr\/normandie\/caen_14118\/dorian-louvet-ambitieux-en-trail-je-ne-suis-pas-juste-un-influenceur-qui-court_61444251.html\" rel=\"nofollow noopener\" target=\"_blank\">Dorian Louvet<\/a> et\u00a0<a href=\"https:\/\/actu.fr\/ile-de-france\/le-kremlin-bicetre_94043\/koh-lanta-la-legende-le-retour-aux-affaires-de-laurent-maistret_44318655.html\" rel=\"nofollow noopener\" target=\"_blank\">Laurent Maistret<\/a>, anciens candidats de <a href=\"https:\/\/actu.fr\/tag\/koh-lanta\" rel=\"nofollow noopener\" target=\"_blank\">Koh Lanta<\/a>, avaient particip\u00e9.\u00a0<\/p>\n<p class=\" wall-content\">70 000 euros avaient \u00e9t\u00e9 collect\u00e9s lors de la derni\u00e8re \u00e9dition.\u00a0<\/p>\n<p class=\" wall-content\">Suivez toute l\u2019actualit\u00e9 de vos villes et m\u00e9dias favoris en vous inscrivant \u00e0 <a href=\"https:\/\/moncompte.actu.fr\" title=\"D\u00e9couvez Mon Actu\" rel=\"nofollow noopener\" data-trk=\"{&quot;cta&quot;:{&quot;action&quot;:&quot;https:\\\/\\\/moncompte.actu.fr&quot;,&quot;category&quot;:&quot;mon compte&quot;,&quot;from&quot;:&quot;article footer&quot;,&quot;name&quot;:&quot;Mon actu&quot;,&quot;type&quot;:&quot;cta&quot;}}\" target=\"_blank\">Mon Actu<\/a>.<\/p>\n","protected":false},"excerpt":{"rendered":"Par Thomas Martin Publi\u00e9 le 4 juin 2025 \u00e0 16h34 Depuis 2021, la Course Verticale, organis\u00e9e par la&hellip;\n","protected":false},"author":2,"featured_media":151655,"comment_status":"","ping_status":"","sticky":false,"template":"","format":"standard","meta":{"footnotes":""},"categories":[1888],"tags":[1111,1928,11,1927,1777,674,1011,27,7661,12,1926,626,1925,25,71,104],"class_list":{"0":"post-151654","1":"post","2":"type-post","3":"status-publish","4":"format-standard","5":"has-post-thumbnail","7":"category-paris","8":"tag-actu","9":"tag-actu-paris","10":"tag-actualites","11":"tag-actualites-paris","12":"tag-eu","13":"tag-europe","14":"tag-fr","15":"tag-france","16":"tag-montmartre","17":"tag-news","18":"tag-news-paris","19":"tag-paris","20":"tag-paris-news","21":"tag-republique-francaise","22":"tag-sante","23":"tag-societe"},"share_on_mastodon":{"url":"https:\/\/pubeurope.com\/@fr\/114625649756582422","error":""},"_links":{"self":[{"href":"https:\/\/www.europesays.com\/fr\/wp-json\/wp\/v2\/posts\/151654","targetHints":{"allow":["GET"]}}],"collection":[{"href":"https:\/\/www.europesays.com\/fr\/wp-json\/wp\/v2\/posts"}],"about":[{"href":"https:\/\/www.europesays.com\/fr\/wp-json\/wp\/v2\/types\/post"}],"author":[{"embeddable":true,"href":"https:\/\/www.europesays.com\/fr\/wp-json\/wp\/v2\/users\/2"}],"replies":[{"embeddable":true,"href":"https:\/\/www.europesays.com\/fr\/wp-json\/wp\/v2\/comments?post=151654"}],"version-history":[{"count":0,"href":"https:\/\/www.europesays.com\/fr\/wp-json\/wp\/v2\/posts\/151654\/revisions"}],"wp:featuredmedia":[{"embeddable":true,"href":"https:\/\/www.europesays.com\/fr\/wp-json\/wp\/v2\/media\/151655"}],"wp:attachment":[{"href":"https:\/\/www.europesays.com\/fr\/wp-json\/wp\/v2\/media?parent=151654"}],"wp:term":[{"taxonomy":"category","embeddable":true,"href":"https:\/\/www.europesays.com\/fr\/wp-json\/wp\/v2\/categories?post=151654"},{"taxonomy":"post_tag","embeddable":true,"href":"https:\/\/www.europesays.com\/fr\/wp-json\/wp\/v2\/tags?post=151654"}],"curies":[{"name":"wp","href":"https:\/\/api.w.org\/{rel}","templated":true}]}}