{"id":151656,"date":"2025-06-04T14:49:10","date_gmt":"2025-06-04T14:49:10","guid":{"rendered":"https:\/\/www.europesays.com\/fr\/151656\/"},"modified":"2025-06-04T14:49:10","modified_gmt":"2025-06-04T14:49:10","slug":"sander-lak-lancera-une-marque-a-son-nom-a-loccasion-de-la-semaine-de-la-mode-de-paris","status":"publish","type":"post","link":"https:\/\/www.europesays.com\/fr\/151656\/","title":{"rendered":"Sander Lak lancera une marque \u00e0 son nom \u00e0 l&rsquo;occasion de la Semaine de la mode de Paris"},"content":{"rendered":"<p class=\"article-content col-md-8 offset-md-1\">\n                                <a class=\"fnwAddLinks\" href=\"https:\/\/fr.fashionnetwork.com\/tags-sander-lak\" title=\"Sander Lak\" target=\"_blank\" rel=\"noopener\">Sander Lak<\/a>, fondateur et directeur cr\u00e9atif de l&rsquo;ancienne griffe <a class=\"fnwAddLinks\" href=\"https:\/\/fr.fashionnetwork.com\/tags-sies-marjan\" title=\"Sies Marjan\" target=\"_blank\" rel=\"noopener\">Sies Marjan<\/a>, revient dans l&rsquo;industrie de la mode avec le lancement d&rsquo;une marque \u00e0 son nom, Sanderlak.<\/p>\n<p><img decoding=\"async\" class=\"news-image\" style=\"width:100%;max-width:659px;\" src=\"https:\/\/www.europesays.com\/fr\/wp-content\/uploads\/2025\/06\/bb3d.jpg\" alt=\"Sander Lak lancera sa marque \u00e9ponyme lors de la Semaine de la mode masculine \u00e0 Paris.\" loading=\"lazy\"\/>Sander Lak lancera sa marque \u00e9ponyme lors de la Semaine de la mode masculine \u00e0 Paris. &#8211; Courtesy of Theo Wenner<\/p>\n<p class=\"col-md-8 offset-md-1 article-content--texte\">Avec une vision fa\u00e7onn\u00e9e par l&rsquo;\u00e9ducation internationale de Sander Lak et son exploration permanente de l&rsquo;identit\u00e9, Sanderlak vise \u00e0 introduire une nouvelle perspective dans le monde de la mode de luxe.<\/p>\n<p>Chaque ann\u00e9e, la marque s&rsquo;inspirera d&rsquo;un lieu sp\u00e9cifique, qui servira de point d&rsquo;ancrage conceptuel \u00e0 ses collections. Les lieux choisis influenceront les th\u00e8mes, la palette, les textures et l&rsquo;ambiance des cr\u00e9ations.<\/p>\n<p class=\"col-md-8 offset-md-1 article-content--texte\">Bien que fond\u00e9es sur la mode masculine, les collections sont con\u00e7ues pour transcender les genres, offrant une approche inclusive de l&rsquo;habillement de luxe.<\/p>\n<p>Pour Lak, ce nouveau chapitre s&rsquo;inscrit dans le prolongement d&rsquo;une carri\u00e8re qui a d\u00e9but\u00e9 par des \u00e9tudes \u00e0 l&rsquo;ArtEZ d&rsquo;<a class=\"fnwAddLinks\" href=\"https:\/\/fr.fashionnetwork.com\/tags-arnhem\" title=\"Arnhem\" target=\"_blank\" rel=\"noopener\">Arnhem<\/a>, aux Pays-Bas, et un master en mode masculine au <a class=\"fnwAddLinks\" href=\"https:\/\/fr.fashionnetwork.com\/tags-central-saint-martins\" title=\"Central Saint Martins\" target=\"_blank\" rel=\"noopener\">Central Saint Martins<\/a> de Londres. Son parcours professionnel l&rsquo;a amen\u00e9 \u00e0 travailler chez 3.1 Phillip Lim \u00e0 New York, <a class=\"fnwAddLinks\" href=\"https:\/\/fr.fashionnetwork.com\/tags-balmain\" title=\"Balmain\" target=\"_blank\" rel=\"noopener\">Balmain<\/a> \u00e0 Paris et <a class=\"fnwAddLinks\" href=\"https:\/\/fr.fashionnetwork.com\/tags-dries-van-noten\" title=\"Dries Van Noten\" target=\"_blank\" rel=\"noopener\">Dries Van Noten<\/a> \u00e0 Anvers pendant cinq ans.<\/p>\n<p>En 2016, Lak a lanc\u00e9 Sies Marjan \u00e0 New York, une marque qui porte le nom de ses parents. La marque a valu \u00e0 Lak le prix CFDA du designer \u00e9mergent de l&rsquo;ann\u00e9e en 2018, ainsi que de nombreuses nominations dans l&rsquo;industrie, avant de fermer ses portes en 2020 en raison de l&rsquo;impact \u00e9conomique du Covid-19.<\/p>\n<p>Sa premi\u00e8re collection \u00e9ponyme sera d\u00e9voil\u00e9e \u00e0 Paris lors de rendez-vous priv\u00e9s.\n                            <\/p>\n<p>\n                                Cet article est une traduction automatique.<br \/>\n                                    <a href=\"https:\/\/ww.fashionnetwork.com\/news\/Sander-lak-to-launch-namesake-label-during-paris-fashion-week,1737179.html\" target=\"_blank\" rel=\"noopener\">Cliquez ici<\/a> pour consulter l&rsquo;article d&rsquo;origine.\n                            <\/p>\n<p>\n                                Tous droits de reproduction et de repr\u00e9sentation r\u00e9serv\u00e9s.<br \/>\u00a9 2025 FashionNetwork.com\n                            <\/p>\n","protected":false},"excerpt":{"rendered":"Sander Lak, fondateur et directeur cr\u00e9atif de l&rsquo;ancienne griffe Sies Marjan, revient dans l&rsquo;industrie de la mode avec&hellip;\n","protected":false},"author":2,"featured_media":151657,"comment_status":"","ping_status":"","sticky":false,"template":"","format":"standard","meta":{"footnotes":""},"categories":[1888],"tags":[28104,1111,1928,11,1927,28105,28102,2424,28106,537,2423,28103,947,1777,674,1011,27,2425,985,12,1926,2298,626,1925,2426,2427,25,2421,28108,28107,2422],"class_list":{"0":"post-151656","1":"post","2":"type-post","3":"status-publish","4":"format-standard","5":"has-post-thumbnail","7":"category-paris","8":"tag-3-1-philip-lim","9":"tag-actu","10":"tag-actu-paris","11":"tag-actualites","12":"tag-actualites-paris","13":"tag-arnhem","14":"tag-balmain","15":"tag-beaute","16":"tag-central-saint-martins","17":"tag-contact","18":"tag-cosmetiques","19":"tag-council-of-fashion-designers-of-america","20":"tag-dries-van-noten","21":"tag-eu","22":"tag-europe","23":"tag-fr","24":"tag-france","25":"tag-luxe","26":"tag-mode","27":"tag-news","28":"tag-news-paris","29":"tag-parfum","30":"tag-paris","31":"tag-paris-news","32":"tag-professionnel","33":"tag-professionnels","34":"tag-republique-francaise","35":"tag-reseau","36":"tag-sander-lak","37":"tag-sies-marjan","38":"tag-textile"},"share_on_mastodon":{"url":"https:\/\/pubeurope.com\/@fr\/114625653221908674","error":""},"_links":{"self":[{"href":"https:\/\/www.europesays.com\/fr\/wp-json\/wp\/v2\/posts\/151656","targetHints":{"allow":["GET"]}}],"collection":[{"href":"https:\/\/www.europesays.com\/fr\/wp-json\/wp\/v2\/posts"}],"about":[{"href":"https:\/\/www.europesays.com\/fr\/wp-json\/wp\/v2\/types\/post"}],"author":[{"embeddable":true,"href":"https:\/\/www.europesays.com\/fr\/wp-json\/wp\/v2\/users\/2"}],"replies":[{"embeddable":true,"href":"https:\/\/www.europesays.com\/fr\/wp-json\/wp\/v2\/comments?post=151656"}],"version-history":[{"count":0,"href":"https:\/\/www.europesays.com\/fr\/wp-json\/wp\/v2\/posts\/151656\/revisions"}],"wp:featuredmedia":[{"embeddable":true,"href":"https:\/\/www.europesays.com\/fr\/wp-json\/wp\/v2\/media\/151657"}],"wp:attachment":[{"href":"https:\/\/www.europesays.com\/fr\/wp-json\/wp\/v2\/media?parent=151656"}],"wp:term":[{"taxonomy":"category","embeddable":true,"href":"https:\/\/www.europesays.com\/fr\/wp-json\/wp\/v2\/categories?post=151656"},{"taxonomy":"post_tag","embeddable":true,"href":"https:\/\/www.europesays.com\/fr\/wp-json\/wp\/v2\/tags?post=151656"}],"curies":[{"name":"wp","href":"https:\/\/api.w.org\/{rel}","templated":true}]}}