{"id":151666,"date":"2025-06-04T14:54:08","date_gmt":"2025-06-04T14:54:08","guid":{"rendered":"https:\/\/www.europesays.com\/fr\/151666\/"},"modified":"2025-06-04T14:54:08","modified_gmt":"2025-06-04T14:54:08","slug":"ces-etats-conservateurs-qui-mettent-leurs-universites-publiques-au-pas","status":"publish","type":"post","link":"https:\/\/www.europesays.com\/fr\/151666\/","title":{"rendered":"Ces \u00c9tats conservateurs qui mettent leurs universit\u00e9s publiques au pas"},"content":{"rendered":"\n<p>Les l\u00e9gislateurs r\u00e9publicains des \u00c9tats conservateurs exercent un contr\u00f4le \u201cde plus en plus \u00e9troit sur ce qui doit \u00eatre enseign\u00e9 dans les universit\u00e9s publiques\u201d,<a class=\"ithalc\" data-ithal=\"lien_externe\" data-ithalc=\"[nav_article]\" target=\"_blank\" href=\"https:\/\/www.washingtonpost.com\/education\/2025\/06\/02\/republican-state-laws-university-college-classes\/\" rel=\"noopener\"> souligne <strong>The<\/strong> <strong>Washington Post<\/strong><\/a>.<strong> <\/strong>Un contr\u00f4le qui, selon le corps professoral, \u201cmenace les fondements de l\u2019enseignement sup\u00e9rieur et de la libert\u00e9 acad\u00e9mique\u201d.<\/p>\n<p>C\u2019est le cas notamment de la Floride, de l\u2019Ohio et de l\u2019Utah, trois \u00c9tats r\u00e9publicains qui se sont r\u00e9cemment dot\u00e9s de lois \u00e9dictant\u00a0ce que les \u00e9tudiants doivent apprendre lors de leurs premi\u00e8res ann\u00e9es d\u2019\u00e9tudes et qui ont \u201crendu obligatoire l\u2019enseignement de cours d\u2019\u00e9ducation civique centr\u00e9s sur la civilisation occidentale et proscrit les cours portant sur la race et le genre\u201d, poursuit le quotidien de la capitale f\u00e9d\u00e9rale.<\/p>\n<p>Dans ces \u00c9tats, les l\u00e9gislateurs conservateurs estiment qu\u2019il est temps \u201cde recentrer les cours universitaires sur des textes essentiels, et non sur des contenus impr\u00e9gn\u00e9s par la politique des identit\u00e9s\u201d, no<\/p>\n","protected":false},"excerpt":{"rendered":"Les l\u00e9gislateurs r\u00e9publicains des \u00c9tats conservateurs exercent un contr\u00f4le \u201cde plus en plus \u00e9troit sur ce qui doit&hellip;\n","protected":false},"author":2,"featured_media":151667,"comment_status":"","ping_status":"","sticky":false,"template":"","format":"standard","meta":{"footnotes":""},"categories":[1589],"tags":[11,3822,75,73,1866,12,28109,316,770,1864,1865,6871,1863,308],"class_list":{"0":"post-151666","1":"post","2":"type-post","3":"status-publish","4":"format-standard","5":"has-post-thumbnail","7":"category-etats-unis","8":"tag-actualites","9":"tag-amu00e9riques","10":"tag-donald-trump","11":"tag-etats-unis","12":"tag-etats-unis-damerique","13":"tag-news","14":"tag-parti-ru00e9publicain-u00e9tats-unis","15":"tag-politique","16":"tag-u00e9tats-unis","17":"tag-united-states","18":"tag-united-states-of-america","19":"tag-universitu00e9s","20":"tag-us","21":"tag-usa"},"share_on_mastodon":{"url":"https:\/\/pubeurope.com\/@fr\/114625672802820254","error":""},"_links":{"self":[{"href":"https:\/\/www.europesays.com\/fr\/wp-json\/wp\/v2\/posts\/151666","targetHints":{"allow":["GET"]}}],"collection":[{"href":"https:\/\/www.europesays.com\/fr\/wp-json\/wp\/v2\/posts"}],"about":[{"href":"https:\/\/www.europesays.com\/fr\/wp-json\/wp\/v2\/types\/post"}],"author":[{"embeddable":true,"href":"https:\/\/www.europesays.com\/fr\/wp-json\/wp\/v2\/users\/2"}],"replies":[{"embeddable":true,"href":"https:\/\/www.europesays.com\/fr\/wp-json\/wp\/v2\/comments?post=151666"}],"version-history":[{"count":0,"href":"https:\/\/www.europesays.com\/fr\/wp-json\/wp\/v2\/posts\/151666\/revisions"}],"wp:featuredmedia":[{"embeddable":true,"href":"https:\/\/www.europesays.com\/fr\/wp-json\/wp\/v2\/media\/151667"}],"wp:attachment":[{"href":"https:\/\/www.europesays.com\/fr\/wp-json\/wp\/v2\/media?parent=151666"}],"wp:term":[{"taxonomy":"category","embeddable":true,"href":"https:\/\/www.europesays.com\/fr\/wp-json\/wp\/v2\/categories?post=151666"},{"taxonomy":"post_tag","embeddable":true,"href":"https:\/\/www.europesays.com\/fr\/wp-json\/wp\/v2\/tags?post=151666"}],"curies":[{"name":"wp","href":"https:\/\/api.w.org\/{rel}","templated":true}]}}