{"id":151670,"date":"2025-06-04T14:56:10","date_gmt":"2025-06-04T14:56:10","guid":{"rendered":"https:\/\/www.europesays.com\/fr\/151670\/"},"modified":"2025-06-04T14:56:10","modified_gmt":"2025-06-04T14:56:10","slug":"lallemagne-et-la-france-prouvent-leur-maitrise-des-airs-a-romorantin","status":"publish","type":"post","link":"https:\/\/www.europesays.com\/fr\/151670\/","title":{"rendered":"L\u2019Allemagne et la France prouvent leur ma\u00eetrise des airs \u00e0 Romorantin"},"content":{"rendered":"<p>C\u2019est au ch\u00e2teau de Beauvais de Romorantin que s\u2019est cl\u00f4tur\u00e9e la comp\u00e9tition Ina 2025 (International air de vol \u00e0 voile), en pr\u00e9sence\u00a0de nombreux \u00e9lus du d\u00e9partement, vendredi 30\u00a0mai 2025.\u00a0Avec le concours de quelques personnalit\u00e9s, le colonel Beno\u00eet Cornu, commandant de la base a\u00e9rienne 273, et le capitaine S\u00e9bastien Marguet, commandant de l\u2019escadron d\u2019instruction au vol \u00e0 voile&#8230; <\/p>\n<p>    Cet article a \u00e9t\u00e9 tronqu\u00e9. Abonnez-vous pour lire l&rsquo;article complet sur notre site.<\/p>\n<p style=\"margin: 0 !important; padding: 0 !important; font-size: 12px !important;\">Cet article a \u00e9t\u00e9 tronqu\u00e9. Abonnez-vous pour lire l&rsquo;article complet.<\/p>\n<p>    <a href=\"https:\/\/www.lanouvellerepublique.fr\/abonnements\" style=\"display: inline-block; margin-top: 5px !important; padding: 6px 12px !important; background: #cb1c27; color: white; text-decoration: none; border-radius: 4px; font-size: 12px !important;\" rel=\"nofollow noopener\" target=\"_blank\"><br \/>\n      S&rsquo;abonner<br \/>\n    <\/a><\/p>\n","protected":false},"excerpt":{"rendered":"C\u2019est au ch\u00e2teau de Beauvais de Romorantin que s\u2019est cl\u00f4tur\u00e9e la comp\u00e9tition Ina 2025 (International air de vol&hellip;\n","protected":false},"author":2,"featured_media":151671,"comment_status":"","ping_status":"","sticky":false,"template":"","format":"standard","meta":{"footnotes":""},"categories":[1587],"tags":[11,672,1813,1804,1674,1805,1803,28111,1777,674,1801,12,28110,1802,9559],"class_list":{"0":"post-151670","1":"post","2":"type-post","3":"status-publish","4":"format-standard","5":"has-post-thumbnail","7":"category-allemagne","8":"tag-actualites","9":"tag-allemagne","10":"tag-armee","11":"tag-bundesrepublik-deutschland","12":"tag-communes","13":"tag-de","14":"tag-deutschland","15":"tag-distinction","16":"tag-eu","17":"tag-europe","18":"tag-germany","19":"tag-news","20":"tag-pruniers-en-sologne","21":"tag-republique-federale-dallemagne","22":"tag-romorantin-lanthenay"},"share_on_mastodon":{"url":"https:\/\/pubeurope.com\/@fr\/114625680692255932","error":""},"_links":{"self":[{"href":"https:\/\/www.europesays.com\/fr\/wp-json\/wp\/v2\/posts\/151670","targetHints":{"allow":["GET"]}}],"collection":[{"href":"https:\/\/www.europesays.com\/fr\/wp-json\/wp\/v2\/posts"}],"about":[{"href":"https:\/\/www.europesays.com\/fr\/wp-json\/wp\/v2\/types\/post"}],"author":[{"embeddable":true,"href":"https:\/\/www.europesays.com\/fr\/wp-json\/wp\/v2\/users\/2"}],"replies":[{"embeddable":true,"href":"https:\/\/www.europesays.com\/fr\/wp-json\/wp\/v2\/comments?post=151670"}],"version-history":[{"count":0,"href":"https:\/\/www.europesays.com\/fr\/wp-json\/wp\/v2\/posts\/151670\/revisions"}],"wp:featuredmedia":[{"embeddable":true,"href":"https:\/\/www.europesays.com\/fr\/wp-json\/wp\/v2\/media\/151671"}],"wp:attachment":[{"href":"https:\/\/www.europesays.com\/fr\/wp-json\/wp\/v2\/media?parent=151670"}],"wp:term":[{"taxonomy":"category","embeddable":true,"href":"https:\/\/www.europesays.com\/fr\/wp-json\/wp\/v2\/categories?post=151670"},{"taxonomy":"post_tag","embeddable":true,"href":"https:\/\/www.europesays.com\/fr\/wp-json\/wp\/v2\/tags?post=151670"}],"curies":[{"name":"wp","href":"https:\/\/api.w.org\/{rel}","templated":true}]}}