{"id":151672,"date":"2025-06-04T14:57:08","date_gmt":"2025-06-04T14:57:08","guid":{"rendered":"https:\/\/www.europesays.com\/fr\/151672\/"},"modified":"2025-06-04T14:57:08","modified_gmt":"2025-06-04T14:57:08","slug":"la-carte-des-13-projets-etrangers-dans-lesquels-leurope-va-investir","status":"publish","type":"post","link":"https:\/\/www.europesays.com\/fr\/151672\/","title":{"rendered":"la carte des 13 projets \u00e9trangers dans lesquels l&rsquo;Europe va investir"},"content":{"rendered":"<p>Il y a eu le Critical raw materials Act en 2023, puis la cr\u00e9ation d&rsquo;une liste de 17 mati\u00e8res premi\u00e8res strat\u00e9giques, enfin, fin mars dernier, la Commission europ\u00e9enne d\u00e9voilait\u00a0les 47 projets europ\u00e9ens dans lesquels elle allait investir pour dynamiser l&rsquo;extraction, le raffinage, le traitement et le recyclage des terres rares et m\u00e9taux critiques. D\u00e9sormais,\u00a0la derni\u00e8re partie de la strat\u00e9gie se d\u00e9roule en dehors des fronti\u00e8res de l&rsquo;UE.<\/p>\n<p>Ce mercredi, St\u00e9phane S\u00e9journ\u00e9, Commissaire europ\u00e9en\u00a0charg\u00e9 de la prosp\u00e9rit\u00e9 et de la strat\u00e9gie industrielle, a r\u00e9v\u00e9l\u00e9 les 13 projets extra-europ\u00e9ens qui feront l&rsquo;objet d&rsquo;investissement des Vingt-Sept.\u00a0\u00ab Cette diversification est importante pour permettre \u00e0 l&rsquo;Union europ\u00e9enne de rester ind\u00e9pendante dans les crises g\u00e9opolitiques et diplomatiques futures\u00a0\u00bb a insist\u00e9 le vice-pr\u00e9sident de la Commission.<\/p>\n<p>Ces projets, parmi lesquels des mines et des usines de raffinages, permettront \u00e0 l&rsquo;Europe de muscler sa cha\u00eene d&rsquo;approvisionnement et notamment en graphite et nickel, au regard des projets s\u00e9lectionn\u00e9s.<\/p>\n<p>Pour le moment, avec les premiers laur\u00e9ats, l&rsquo;Europe va se doter de comp\u00e9tences d&rsquo;extraction mini\u00e8re ou de raffinage pour 14 des 17 minerais strat\u00e9giques class\u00e9s comme tel par la Commission. Il manque \u00e0 l&rsquo;appel le titane, le bismuth, ou encore le silicium.<\/p>\n","protected":false},"excerpt":{"rendered":"Il y a eu le Critical raw materials Act en 2023, puis la cr\u00e9ation d&rsquo;une liste de 17&hellip;\n","protected":false},"author":2,"featured_media":151673,"comment_status":"","ping_status":"","sticky":false,"template":"","format":"standard","meta":{"footnotes":""},"categories":[1586],"tags":[17,11,11617,28112,1446,154,33,3331,1777,674,1011,27,966,12,4916,25],"class_list":{"0":"post-151672","1":"post","2":"type-post","3":"status-publish","4":"format-standard","5":"has-post-thumbnail","7":"category-europe","8":"tag-17","9":"tag-actualites","10":"tag-carte","11":"tag-critiques","12":"tag-dans","13":"tag-des","14":"tag-economie","15":"tag-etrangers","16":"tag-eu","17":"tag-europe","18":"tag-fr","19":"tag-france","20":"tag-metaux","21":"tag-news","22":"tag-projets","23":"tag-republique-francaise"},"share_on_mastodon":{"url":"https:\/\/pubeurope.com\/@fr\/114625684852683825","error":""},"_links":{"self":[{"href":"https:\/\/www.europesays.com\/fr\/wp-json\/wp\/v2\/posts\/151672","targetHints":{"allow":["GET"]}}],"collection":[{"href":"https:\/\/www.europesays.com\/fr\/wp-json\/wp\/v2\/posts"}],"about":[{"href":"https:\/\/www.europesays.com\/fr\/wp-json\/wp\/v2\/types\/post"}],"author":[{"embeddable":true,"href":"https:\/\/www.europesays.com\/fr\/wp-json\/wp\/v2\/users\/2"}],"replies":[{"embeddable":true,"href":"https:\/\/www.europesays.com\/fr\/wp-json\/wp\/v2\/comments?post=151672"}],"version-history":[{"count":0,"href":"https:\/\/www.europesays.com\/fr\/wp-json\/wp\/v2\/posts\/151672\/revisions"}],"wp:featuredmedia":[{"embeddable":true,"href":"https:\/\/www.europesays.com\/fr\/wp-json\/wp\/v2\/media\/151673"}],"wp:attachment":[{"href":"https:\/\/www.europesays.com\/fr\/wp-json\/wp\/v2\/media?parent=151672"}],"wp:term":[{"taxonomy":"category","embeddable":true,"href":"https:\/\/www.europesays.com\/fr\/wp-json\/wp\/v2\/categories?post=151672"},{"taxonomy":"post_tag","embeddable":true,"href":"https:\/\/www.europesays.com\/fr\/wp-json\/wp\/v2\/tags?post=151672"}],"curies":[{"name":"wp","href":"https:\/\/api.w.org\/{rel}","templated":true}]}}