{"id":151684,"date":"2025-06-04T15:05:09","date_gmt":"2025-06-04T15:05:09","guid":{"rendered":"https:\/\/www.europesays.com\/fr\/151684\/"},"modified":"2025-06-04T15:05:09","modified_gmt":"2025-06-04T15:05:09","slug":"mirra-est-responsable-de-ce-quil-sest-passe-kafelnikov-analyse-la-defaite-dandreeva-contre-boisson","status":"publish","type":"post","link":"https:\/\/www.europesays.com\/fr\/151684\/","title":{"rendered":"\u00ab Mirra est responsable de ce qu\u2019il s\u2019est pass\u00e9 \u00bb Kafelnikov analyse la d\u00e9faite d\u2019Andreeva contre Boisson"},"content":{"rendered":"<p>                <img decoding=\"async\" src=\"https:\/\/www.europesays.com\/fr\/wp-content\/uploads\/2025\/06\/CfUG.jpg\" alt=\"\u00ab Mirra est responsable de ce qu\u2019il s\u2019est pass\u00e9 \u00bb Kafelnikov analyse la d\u00e9faite d\u2019Andreeva contre Boisson\"\/><\/p>\n<p>Ievgueni Kafelnikov a analys\u00e9 la d\u00e9faite de sa compatriote Mirra Andreeva contre Lo\u00efs Boisson pour le m\u00e9dia russe Championat. Pour lui, Andreeva avait le match en main et elle a perdu de sa par sa faute.<\/p>\n<p>Il d\u00e9clare : \u00ab Vu le jeu de la Fran\u00e7aise, je ne suis absolument pas surpris qu&rsquo;elle obtienne un tel r\u00e9sultat. Il est clair qu&rsquo;elle n&rsquo;est pas la 361e joueuse mondiale. Elle joue tr\u00e8s bien sur terre battue et poss\u00e8de un coup droit ph\u00e9nom\u00e9nal.<\/p>\n<p>J&rsquo;ai vu Boisson jouer pour la premi\u00e8re fois ; j&rsquo;ai \u00e9t\u00e9 tr\u00e8s impressionn\u00e9 par son jeu. J\u2019aurais aim\u00e9 que Mirra gagne. Mais pour le tennis f\u00e9minin en g\u00e9n\u00e9ral et pour Roland-Garros lui-m\u00eame, ce n&rsquo;est pas si mal que la Fran\u00e7aise ait atteint les demi-finales.<\/p>\n<p>C&rsquo;est dommage, mais pour le tennis f\u00e9minin dans son ensemble, c&rsquo;est relativement bien. C&rsquo;est dommage pour Mirra. Elle avait toutes ses chances. Honn\u00eatement, j&rsquo;ai du mal \u00e0 dire ce qui s&rsquo;est pass\u00e9 \u00e0 partir du milieu du premier set.<\/p>\n<p>Mirra avait son adversaire entre ses mains, mais a ensuite conc\u00e9d\u00e9 plusieurs jeux cons\u00e9cutifs, ce qui a redonn\u00e9 espoir \u00e0 la Fran\u00e7aise. Au d\u00e9but, elle n&rsquo;avait pas ce sentiment.<\/p>\n<p>Mirra est elle-m\u00eame responsable de ce qui s&rsquo;est pass\u00e9. Bien s\u00fbr, c&rsquo;est l&rsquo;exp\u00e9rience. On apprend de ces matchs. C&rsquo;est peut-\u00eatre bon pour son avenir qu&rsquo;un tel match ait eu lieu. \u00bb<\/p>\n","protected":false},"excerpt":{"rendered":"Ievgueni Kafelnikov a analys\u00e9 la d\u00e9faite de sa compatriote Mirra Andreeva contre Lo\u00efs Boisson pour le m\u00e9dia russe&hellip;\n","protected":false},"author":2,"featured_media":151685,"comment_status":"","ping_status":"","sticky":false,"template":"","format":"standard","meta":{"footnotes":""},"categories":[1415],"tags":[1011,27,60,1467],"class_list":{"0":"post-151684","1":"post","2":"type-post","3":"status-publish","4":"format-standard","5":"has-post-thumbnail","7":"category-tennis","8":"tag-fr","9":"tag-france","10":"tag-sports","11":"tag-tennis"},"share_on_mastodon":{"url":"https:\/\/pubeurope.com\/@fr\/114625716125685190","error":""},"_links":{"self":[{"href":"https:\/\/www.europesays.com\/fr\/wp-json\/wp\/v2\/posts\/151684","targetHints":{"allow":["GET"]}}],"collection":[{"href":"https:\/\/www.europesays.com\/fr\/wp-json\/wp\/v2\/posts"}],"about":[{"href":"https:\/\/www.europesays.com\/fr\/wp-json\/wp\/v2\/types\/post"}],"author":[{"embeddable":true,"href":"https:\/\/www.europesays.com\/fr\/wp-json\/wp\/v2\/users\/2"}],"replies":[{"embeddable":true,"href":"https:\/\/www.europesays.com\/fr\/wp-json\/wp\/v2\/comments?post=151684"}],"version-history":[{"count":0,"href":"https:\/\/www.europesays.com\/fr\/wp-json\/wp\/v2\/posts\/151684\/revisions"}],"wp:featuredmedia":[{"embeddable":true,"href":"https:\/\/www.europesays.com\/fr\/wp-json\/wp\/v2\/media\/151685"}],"wp:attachment":[{"href":"https:\/\/www.europesays.com\/fr\/wp-json\/wp\/v2\/media?parent=151684"}],"wp:term":[{"taxonomy":"category","embeddable":true,"href":"https:\/\/www.europesays.com\/fr\/wp-json\/wp\/v2\/categories?post=151684"},{"taxonomy":"post_tag","embeddable":true,"href":"https:\/\/www.europesays.com\/fr\/wp-json\/wp\/v2\/tags?post=151684"}],"curies":[{"name":"wp","href":"https:\/\/api.w.org\/{rel}","templated":true}]}}