{"id":151686,"date":"2025-06-04T15:07:11","date_gmt":"2025-06-04T15:07:11","guid":{"rendered":"https:\/\/www.europesays.com\/fr\/151686\/"},"modified":"2025-06-04T15:07:11","modified_gmt":"2025-06-04T15:07:11","slug":"yamaha-va-enchainer-le-gp-daragon-et-trois-jours-dessais","status":"publish","type":"post","link":"https:\/\/www.europesays.com\/fr\/151686\/","title":{"rendered":"Yamaha va encha\u00eener le GP d&rsquo;Arag\u00f3n et trois jours d&rsquo;essais"},"content":{"rendered":"<p>Alors que le championnat entre dans son deuxi\u00e8me tiers, Yamaha aborde une nouvelle p\u00e9riode tr\u00e8s charg\u00e9e. Profitant toujours \u00e0 fond des concessions qui lui sont accord\u00e9es par le r\u00e8glement, le constructeur pr\u00e9voit un nouveau test priv\u00e9 dans la foul\u00e9e d&rsquo;un Grand Prix d\u00e9j\u00e0 intense au MotorLand Arag\u00f3n.<\/p>\n<p>Cette huiti\u00e8me manche de la saison sera en effet suivie par un test collectif, lundi. Il s&rsquo;agit de la deuxi\u00e8me des trois journ\u00e9es de la sorte pr\u00e9vues au <a href=\"https:\/\/fr.motorsport.com\/motogp\/schedule\/2025\/?event_types%5B%5D=race\" target=\"_self\" rel=\"noopener\">calendrier MotoGP<\/a> cette ann\u00e9e, la prochaine n&rsquo;\u00e9tant pas attendue avant septembre. Ensuite, et un mois apr\u00e8s leur dernier test priv\u00e9 effectu\u00e9 \u00e0 Misano, les troupes d&rsquo;Iwata seront \u00e0 nouveau au travail la semaine prochaine, cette fois pour deux jours \u00e0 Barcelone.<\/p>\n<p>Lire aussi :<\/p>\n<p>Ces rendez-vous s&rsquo;inscrivent dans une phase de d\u00e9veloppement qui a d\u00e9j\u00e0 conduit \u00e0 plusieurs mises \u00e0 jour. L&rsquo;usine a ainsi fourni une \u00e9volution moteur et un nouveau package a\u00e9ro lors des deux derniers Grands Prix, n\u00e9anmoins ces \u00e9l\u00e9ments ne constituaient que des \u00e9tapes dans les travaux men\u00e9s.<\/p>\n<p>Concernant les pi\u00e8ces d&rsquo;a\u00e9rodynamique int\u00e9gr\u00e9es au nouveau car\u00e9nage homologu\u00e9, il faut attendre une version plus aboutie, en carbone, pour ajouter aux progr\u00e8s ressentis par <a href=\"https:\/\/fr.motorsport.com\/driver\/fabio-quartararo\/109400\/\" target=\"_blank\" rel=\"noopener\">Fabio Quartararo<\/a> \u00e0 Silverstone\u00a0\u2212\u00a0et peut-\u00eatre convaincre <a href=\"https:\/\/fr.motorsport.com\/driver\/alex-rins\/109402\/\" target=\"_blank\" rel=\"noopener\">\u00c1lex Rins<\/a>, qui pour le moment reste dubitatif. Quant au moteur, il est possible qu&rsquo;il \u00e9volue encore dans l&rsquo;optique du GP d&rsquo;Italie qui aura lieu dans deux semaines, avec une nouvelle version qui pourrait d\u00e8s lors \u00eatre \u00e9valu\u00e9e par les pilotes au MotorLand.<\/p>\n<p>Pour mener \u00e0 bien ce travail, Yamaha alignera cinq motos lors du Grand Prix de cette semaine, avec <a href=\"https:\/\/fr.motorsport.com\/driver\/augusto-fernandez\/452210\/\" target=\"_blank\" rel=\"noopener\">Augusto Fern\u00e1ndez<\/a> inscrit en tant que wild-card en plus des quatre titulaires. L&rsquo;Espagnol participera dans la foul\u00e9e au test de lundi.<\/p>\n<p>\u00ab\u00a0Le MotorLand Arag\u00f3n est une belle piste. Il ne s&rsquo;agit pas d&rsquo;un circuit &lsquo;typiquement Yamaha&rsquo;, mais cela en fait un bon terrain d&rsquo;essais\u00a0\u00bb, observe Massimo Meregalli, en \u00e9cho \u00e0 Fabio Quartararo qui s&rsquo;attend \u00e0 un week-end compliqu\u00e9.<\/p>\n<p>   <img decoding=\"async\" draggable=\"false\" src=\"https:\/\/www.europesays.com\/fr\/wp-content\/uploads\/2025\/06\/jack-miller-pramac-racing-alex.jpg\" alt=\"Yamaha aura cinq pilotes engag\u00e9s au GP d'Aragon.\" width=\"1200\" height=\"800\" loading=\"lazy\"\/> <\/p>\n<p class=\"title\">Yamaha aura cinq pilotes engag\u00e9s au GP d&rsquo;Arag\u00f3n.<\/p>\n<p class=\"photographer\">Photo de : Pramac Racing<\/p>\n<p>\u00ab\u00a0Nous avons r\u00e9alis\u00e9 des progr\u00e8s lors des Grands Prix pr\u00e9c\u00e9dents et nous sommes curieux de voir quelles peuvent \u00eatre nos performances \u00e0 Alca\u00f1iz.\u00a0Si nous observons \u00e0 nouveau un niveau de performance positif ce week-end, cela confirmera nos progr\u00e8s\u00a0\u00bb, poursuit le directeur de l&rsquo;\u00e9quipe officielle Yamaha.<\/p>\n<p>\u00ab\u00a0Il est essentiel de continuer \u00e0 travailler avec m\u00e9thode, comme nous l&rsquo;avons fait jusqu&rsquo;ici cette saison. Nous aurons aussi notre test team sur ce GP, alors nous esp\u00e9rons collecter de bonnes donn\u00e9es et continuer \u00e0 travailler sur le d\u00e9veloppement de la moto. Lundi, il y aura aussi le test IRTA, o\u00f9 nous poursuivrons l&rsquo;\u00e9valuation de la moto.\u00a0\u00bb<\/p>\n<p>L&rsquo;am\u00e9lioration du rythme de course comme objectif<\/p>\n<p>En pr\u00e9parant un nouveau moteur qui sera donc probablement utilis\u00e9 au Mugello, Yamaha entend poursuivre sa qu\u00eate de performance pure et cible en particulier l&rsquo;am\u00e9lioration de sa vitesse de pointe. Mais plus largement, le constructeur sait qu&rsquo;il doit \u00e9lever son niveau en course et mieux r\u00e9pondre au manque d&rsquo;adh\u00e9rence sur certaines pistes.<\/p>\n<p>\u00ab\u00a0D&rsquo;apr\u00e8s ce que j&rsquo;ai observ\u00e9 lors des derni\u00e8res courses, il est clair que la M1 a atteint un certain niveau de stabilit\u00e9 en termes de comportement et, par cons\u00e9quent, de performances. Les trois pole positions cons\u00e9cutives de Quartararo le refl\u00e8tent clairement. Les progr\u00e8s r\u00e9alis\u00e9s en qualifications sont \u00e9vidents\u00a0;\u00a0maintenant, le prochain step doit \u00eatre d&rsquo;am\u00e9liorer notre rythme de course\u00a0\u00bb, souligne Gino Borsoi, qui a aussi vu <a href=\"https:\/\/fr.motorsport.com\/driver\/jack-miller\/96423\/\" target=\"_blank\" rel=\"noopener\">Jack Miller<\/a>, son pilote chez Pramac Racing, profiter de la hausse du niveau.<\/p>\n<p>\u00ab\u00a0Apr\u00e8s le GP d&rsquo;Arag\u00f3n, nous aurons d&rsquo;importantes s\u00e9ances d&rsquo;essais\u00a0:\u00a0le test officiel collectif lundi au MotorLand, suivi par deux jours de test priv\u00e9 pour Yamaha mercredi et jeudi \u00e0 Montmel\u00f3. Nous essaierons \u00e0 cette occasion de nouvelles \u00e9volutions, dont j&rsquo;esp\u00e8re qu&rsquo;elles vont nous aider \u00e0 devenir plus r\u00e9guliers pendant les courses\u00a0\u00bb, conclut le directeur de l&rsquo;\u00e9quipe satellite, qui soutient aujourd&rsquo;hui pleinement ces efforts de d\u00e9veloppement d&rsquo;une marque soulag\u00e9e d&rsquo;avoir pu augmenter ses effectifs.<\/p>\n<p>Lire aussi :<\/p>\n<p>Dans cet article<\/p>\n<p>    L\u00e9na Buffa\n<\/p>\n<p>    MotoGP\n<\/p>\n<p>    Jack Miller\n<\/p>\n<p>    Miguel Oliveira\n<\/p>\n<p>    Fabio Quartararo\n<\/p>\n<p>    \u00c1lex Rins\n<\/p>\n<p>    Yamaha Factory Racing\n<\/p>\n<p>    Pramac Racing\n<\/p>\n<p>Soyez le premier inform\u00e9 et souscrivez aux alertes mails pour recevoir les infos en temps r\u00e9el<\/p>\n<p>    S&rsquo;abonner aux alertes de news<\/p>\n","protected":false},"excerpt":{"rendered":"Alors que le championnat entre dans son deuxi\u00e8me tiers, Yamaha aborde une nouvelle p\u00e9riode tr\u00e8s charg\u00e9e. Profitant toujours&hellip;\n","protected":false},"author":2,"featured_media":151687,"comment_status":"","ping_status":"","sticky":false,"template":"","format":"standard","meta":{"footnotes":""},"categories":[1413],"tags":[1680,1011,27,26452,12836,3594,1457,1456,1458,26453,3593,60,10648,3796],"class_list":{"0":"post-151686","1":"post","2":"type-post","3":"status-publish","4":"format-standard","5":"has-post-thumbnail","7":"category-moto","8":"tag-fabio-quartararo","9":"tag-fr","10":"tag-france","11":"tag-gp-daragu00f3n","12":"tag-jack-miller","13":"tag-miguel-oliveira","14":"tag-moto","15":"tag-motocycle","16":"tag-motogp","17":"tag-motorland-aragu00f3n","18":"tag-pramac-racing","19":"tag-sports","20":"tag-u00c1lex-rins","21":"tag-yamaha-factory-racing"},"share_on_mastodon":{"url":"https:\/\/pubeurope.com\/@fr\/114625724095067641","error":""},"_links":{"self":[{"href":"https:\/\/www.europesays.com\/fr\/wp-json\/wp\/v2\/posts\/151686","targetHints":{"allow":["GET"]}}],"collection":[{"href":"https:\/\/www.europesays.com\/fr\/wp-json\/wp\/v2\/posts"}],"about":[{"href":"https:\/\/www.europesays.com\/fr\/wp-json\/wp\/v2\/types\/post"}],"author":[{"embeddable":true,"href":"https:\/\/www.europesays.com\/fr\/wp-json\/wp\/v2\/users\/2"}],"replies":[{"embeddable":true,"href":"https:\/\/www.europesays.com\/fr\/wp-json\/wp\/v2\/comments?post=151686"}],"version-history":[{"count":0,"href":"https:\/\/www.europesays.com\/fr\/wp-json\/wp\/v2\/posts\/151686\/revisions"}],"wp:featuredmedia":[{"embeddable":true,"href":"https:\/\/www.europesays.com\/fr\/wp-json\/wp\/v2\/media\/151687"}],"wp:attachment":[{"href":"https:\/\/www.europesays.com\/fr\/wp-json\/wp\/v2\/media?parent=151686"}],"wp:term":[{"taxonomy":"category","embeddable":true,"href":"https:\/\/www.europesays.com\/fr\/wp-json\/wp\/v2\/categories?post=151686"},{"taxonomy":"post_tag","embeddable":true,"href":"https:\/\/www.europesays.com\/fr\/wp-json\/wp\/v2\/tags?post=151686"}],"curies":[{"name":"wp","href":"https:\/\/api.w.org\/{rel}","templated":true}]}}