{"id":151693,"date":"2025-06-04T15:11:10","date_gmt":"2025-06-04T15:11:10","guid":{"rendered":"https:\/\/www.europesays.com\/fr\/151693\/"},"modified":"2025-06-04T15:11:10","modified_gmt":"2025-06-04T15:11:10","slug":"patrick-sebastien-empeche-de-monter-le-plus-petit-cabaret-du-monde-je-suis-ecoeure-on-me-casse-les-cilles","status":"publish","type":"post","link":"https:\/\/www.europesays.com\/fr\/151693\/","title":{"rendered":"Patrick S\u00e9bastien emp\u00each\u00e9 de monter \u00ab\u00a0le plus petit cabaret du monde\u00a0\u00bb : \u00ab\u00a0je suis \u00e9c\u0153ur\u00e9\u00a0\u00bb, \u00ab\u00a0on me casse les c**illes\u00a0\u00bb"},"content":{"rendered":"<p>      R\u00e9sum\u00e9<\/p>\n<p>\u00c0 71 ans, Patrick S\u00e9bastien souhaite ouvrir un petit cabaret dans le Lot mais fait face \u00e0 des obstacles locaux qui mettent son projet en danger.<\/p>\n<p>        Sommaire<\/p>\n<p>\u00c0 71 ans, Patrick S\u00e9bastien entend bien monter son \u00ab\u00a0plus petit cabaret du monde\u00a0\u00bb. Six ans apr\u00e8s l&rsquo;arr\u00eat de la diffusion de son \u00e9mission <a href=\"https:\/\/www.public.fr\/patrick-sebastien-jete-comme-une-merde-de-la-television-sa-decision-radicale\" target=\"_blank\" rel=\"noopener\">\u00ab\u00a0Le Plus Grand Cabaret du monde\u00a0\u00bb<\/a> sur France 2, l&rsquo;animateur \u00e0 la chevelure blonde veut ouvrir <strong>un format de poche, chez lui<\/strong>, <strong>dans le Lot. <\/strong><\/p>\n<p>Et il a bien avanc\u00e9, au point o\u00f9 il doit prendre une d\u00e9cision dans \u00ab\u00a0un mois ou deux\u00a0\u00bb, comme il l&rsquo;explique \u00e0 la D\u00e9p\u00eache du midi. Malheureusement, <a href=\"https:\/\/vsd.fr\/80246-patrick-sebastien-revele-comment-il-a-tenu-apres-lannonce-du-deces-de-son-fils\/\" target=\"_blank\" rel=\"noopener\">il rencontre des probl\u00e8mes, localement.<\/a><\/p>\n<p>En effet, il t\u00e9moigne, un peu exc\u00e9d\u00e9 : \u00ab\u00a0je n&rsquo;aurai jamais imagin\u00e9 comme, dans ce pays, c&rsquo;est dur d&rsquo;entreprendre. <strong>Et comme on me fait chier\u00a0\u00bb.<\/strong><\/p>\n<p>Patrick S\u00e9bastien furax<\/p>\n<p>Citant <strong>\u00ab\u00a0les commissions\u00a0\u00bb et \u00ab\u00a0la jalousie des voisins\u00a0\u00bb<\/strong> comme premiers poisons, Patrick S\u00e9bastien ne comprend pas ce qui cloche. En effet, \u00ab\u00a0le terrain est \u00e0 moi, je mets mon pognon \u00e0 moi, je ne demande rien \u00e0 personne, je vais faire bosser du monde dans la r\u00e9gion,<strong> et on me casse les couilles\u00a0\u00bb<\/strong>, dit-il.<\/p>\n<p>D&rsquo;ailleurs, il le sait, son projet n&rsquo;est qu&rsquo;un plus pour tout le voisinage. Il liste : <strong>\u00ab\u00a0Je vole rien \u00e0 personne<\/strong>, je n&#8217;empi\u00e8te pas sur le domaine de public. Il y a plein de gens qui vont venir, on va faire bosser les gens autour, parce que je ne fais pas h\u00f4tel ni restaurant\u00a0\u00bb.<\/p>\n<p>Pourquoi il veut monter ce cabaret ?<\/p>\n<p>Surpris de l&rsquo;accueil qu&rsquo;a eu sa proposition, il peste. Et l\u00e2che : \u00ab\u00a0<strong>t&rsquo;as la sensation d&rsquo;\u00eatre le p\u00e8re No\u00ebl et on te dit &lsquo;casse toi connard remonte dans ta chemin\u00e9e'\u00a0\u00bb.<\/strong><\/p>\n<p>Et Patrick S\u00e9bastien, \u00ab\u00a0\u00e9coeur\u00e9\u00a0\u00bb qu&rsquo;on \u00ab\u00a0l&#8217;emp\u00eache d&rsquo;entreprendre\u00a0\u00bb, pense m\u00eame \u00e0 ne pas investir. Toutefois, il sait pourquoi il veut poursuivre ce projet. <\/p>\n<p>Lui qui ne va pas \u00ab\u00a0y chercher de la tune\u00a0\u00bb, esp\u00e8re juste <strong>\u00ab\u00a0finir (sa) vie peinard\u00a0\u00bb,<\/strong> \u00e0 faire ce qu&rsquo;il aime. \u00ab\u00a0\u00c7a va \u00eatre le plaisir tous les soirs de monter une revue pour un cabaret de 160 places\u00a0\u00bb dit-il. <\/p>\n<p>      Mentionn\u00e9s dans cet article<\/p>\n<p>\u00c0 lire aussi<\/p>\n","protected":false},"excerpt":{"rendered":"R\u00e9sum\u00e9 \u00c0 71 ans, Patrick S\u00e9bastien souhaite ouvrir un petit cabaret dans le Lot mais fait face \u00e0&hellip;\n","protected":false},"author":2,"featured_media":151694,"comment_status":"","ping_status":"","sticky":false,"template":"","format":"standard","meta":{"footnotes":""},"categories":[1359],"tags":[58,59,1011,27,28113,6097,973],"class_list":{"0":"post-151693","1":"post","2":"type-post","3":"status-publish","4":"format-standard","5":"has-post-thumbnail","7":"category-people","8":"tag-divertissement","9":"tag-entertainment","10":"tag-fr","11":"tag-france","12":"tag-le-plus-grand-cabaret-du-monde","13":"tag-patrick-sebastien","14":"tag-people"},"share_on_mastodon":{"url":"https:\/\/pubeurope.com\/@fr\/114625739684086566","error":""},"_links":{"self":[{"href":"https:\/\/www.europesays.com\/fr\/wp-json\/wp\/v2\/posts\/151693","targetHints":{"allow":["GET"]}}],"collection":[{"href":"https:\/\/www.europesays.com\/fr\/wp-json\/wp\/v2\/posts"}],"about":[{"href":"https:\/\/www.europesays.com\/fr\/wp-json\/wp\/v2\/types\/post"}],"author":[{"embeddable":true,"href":"https:\/\/www.europesays.com\/fr\/wp-json\/wp\/v2\/users\/2"}],"replies":[{"embeddable":true,"href":"https:\/\/www.europesays.com\/fr\/wp-json\/wp\/v2\/comments?post=151693"}],"version-history":[{"count":0,"href":"https:\/\/www.europesays.com\/fr\/wp-json\/wp\/v2\/posts\/151693\/revisions"}],"wp:featuredmedia":[{"embeddable":true,"href":"https:\/\/www.europesays.com\/fr\/wp-json\/wp\/v2\/media\/151694"}],"wp:attachment":[{"href":"https:\/\/www.europesays.com\/fr\/wp-json\/wp\/v2\/media?parent=151693"}],"wp:term":[{"taxonomy":"category","embeddable":true,"href":"https:\/\/www.europesays.com\/fr\/wp-json\/wp\/v2\/categories?post=151693"},{"taxonomy":"post_tag","embeddable":true,"href":"https:\/\/www.europesays.com\/fr\/wp-json\/wp\/v2\/tags?post=151693"}],"curies":[{"name":"wp","href":"https:\/\/api.w.org\/{rel}","templated":true}]}}