{"id":151703,"date":"2025-06-04T15:16:08","date_gmt":"2025-06-04T15:16:08","guid":{"rendered":"https:\/\/www.europesays.com\/fr\/151703\/"},"modified":"2025-06-04T15:16:08","modified_gmt":"2025-06-04T15:16:08","slug":"cest-une-premiere-james-cameron-sattaque-a-la-fantasy-avec-ce-best-seller","status":"publish","type":"post","link":"https:\/\/www.europesays.com\/fr\/151703\/","title":{"rendered":"C&rsquo;est une premi\u00e8re, James Cameron s&rsquo;attaque \u00e0 la fantasy avec ce best-seller"},"content":{"rendered":"<p>Oubliez Pandora, James Cameron a un autre projet dans ses tiroirs. Alors que <a href=\"https:\/\/www.journaldugeek.com\/2025\/04\/04\/avatar-3-fire-and-ash-devoile-ses-premieres-images\/\" target=\"_blank\" rel=\"noopener\">Fire and Ash<\/a> doit investir nos \u00e9crans en d\u00e9cembre prochain, et que tout le monde s\u2019active pour faire \u00e9clore ce troisi\u00e8me volet de la saga, le r\u00e9alisateur vient de jeter son d\u00e9volu sur un univers de fantasy. C\u2019est une grande premi\u00e8re pour celui qui a construit sa r\u00e9putation sur de la science-fiction. Il veut s\u2019attaquer \u00e0 l\u2019adaptation d\u2019un roman qui fait grand bruit aupr\u00e8s des amateurs du genre. Sur Instagram, Cameron vient d\u2019annoncer avoir acquis les droits de <strong>Les Diables<\/strong>, roman de \u201cdark fantasy\u201d qui n\u2019a rien \u00e0 envier \u00e0 l\u2019univers de George R.R Martin et sorti le <strong>15 mai dernier en France<\/strong>. Dans un communiqu\u00e9, il explique avoir \u00e9t\u00e9 saisi par l\u2019\u00e9criture et l\u2019imaginaire de son auteur,<strong> Joe Abercombie.\u00a0<\/strong><\/p>\n<blockquote>\n<p>\u201cComment d\u00e9crire Les Diables\u00a0? Une aventure pleine d\u2019esprit et de mordant\u00a0? Un combat \u00e9pique entre le bien et le mal, sauf que, la plupart du temps, impossible de les distinguer. C\u2019est du Joe Abercombie dans sa forme la plus aboutie, ouvrant les portes d\u2019un monde nouveau et avec une assembl\u00e9e de personnages d\u00e9licieux\u201d.\u00a0<\/p>\n<\/blockquote>\n<p>Les Diables\u00a0s\u2019inscrit dans une <strong>Europe m\u00e9di\u00e9vale au bord du gouffre.<\/strong> La peste et la famine font rage. Des princes avides de pouvoir sont d\u00e9vor\u00e9s par leurs ambitions et des monstres r\u00f4dent. Une seule certitude demeure\u00a0:<strong> les Elfes vont revenir<\/strong> et ils d\u00e9voreront tous ceux qui se trouvent sur leur passage. Mais le vicaire Diaz a une mission qui pourrait changer la face du monde\u00a0: il doit faire <strong>asseoir une voleuse sur le tr\u00f4ne de Troie<\/strong> et enfin <strong>r\u00e9unifier les \u00c9glises d\u2019Occident et d\u2019Orient.\u00a0<\/strong><\/p>\n<p>James Cameron se chargera <strong>d\u2019\u00e9crire le sc\u00e9nario en collaboration avec Abercombie<\/strong> lui-m\u00eame, une t\u00e2che qui devrait s\u2019av\u00e9rer ais\u00e9e puisque son \u00e9criture cin\u00e9matographique en fait le candidat id\u00e9al pour un passage sur le grand \u00e9cran. Cameron ne tarit pas d\u2019\u00e9loges \u00e0 l\u2019\u00e9gard e celui qu\u2019il consid\u00e8re comme l\u2019une <strong>des voix les plus importantes de la fantasy moderne.<\/strong> La r\u00e9ciproque est vraie. L\u2019auteur britannique se dit ravi de voir un auteur et producteur de l\u2019envergure de Cameron s\u2019emparer de son imaginaire. \u201cPersonne ne peut rivaliser, il trouve toujours l\u2019\u00e9quilibre entre action impressionnante, grand spectacle et des enjeux humains qui prennent aux tripes\u201d.\u00a0<\/p>\n<blockquote class=\"instagram-media\" style=\"background: #FFF; border: 0; border-radius: 3px; box-shadow: 0 0 1px 0 rgba(0,0,0,0.5),0 1px 10px 0 rgba(0,0,0,0.15); margin: 1px; max-width: 540px; min-width: 326px; padding: 0; width: calc(100% - 2px);\" data-instgrm-captioned=\"\" data-instgrm-permalink=\"https:\/\/www.instagram.com\/p\/DKZx6F5g6Rs\/?utm_source=ig_embed&amp;utm_campaign=loading\" data-instgrm-version=\"14\"><\/blockquote>\n<p>  C\u2019est pour bient\u00f4t\u00a0? <\/p>\n<p>Si Cameron ne pr\u00e9cise pas le calendrier de sortie de ce nouveau film, il confie son envie d\u2019entamer l\u2019\u00e9criture le plus rapidement possible. \u201cJe suis impatient de me plonger dans ce nouveau projet, alors que nous terminons Avatar\u00a0: Fire and Ash\u201d.\u00a0Pour rappel, James Cameron a plusieurs fois \u00e9mis l\u2019id\u00e9e de passer le relais derri\u00e8re la cam\u00e9ra pour Avatar. Il devrait d\u2019ailleurs se consacrer prochainement \u00e0 un projet \u00e9voluant autour <a href=\"https:\/\/www.journaldugeek.com\/2025\/05\/12\/apres-avatar-james-cameron-a-un-autre-projet\/\" target=\"_blank\" rel=\"noopener\">des bombardements d\u2019Hiroshima et Nagasaki<\/a>. On ne sait pas encore o\u00f9 s\u2019inscrira Les Diables dans ce programme, ni m\u00eame si Cameron se chargera de la r\u00e9alisation.<\/p>\n<p>On en r\u00eave tout de m\u00eame, que sa ma\u00eetrise des effets visuels et des technologies de pointe soit mise \u00e0 profit d\u2019une fresque \u00e9pique et sombre de fantasy. Comme Avatar a red\u00e9fini le panorama de la science-fiction au cin\u00e9ma, on peut esp\u00e9rer que Les Diables repr\u00e9sente un tournant pour le genre qui se fait beaucoup trop discret dans les salles obscures et qui <a href=\"https:\/\/www.journaldugeek.com\/2025\/05\/27\/cest-officiel-prime-video-jette-leponge-avec-la-roue-du-temps\/\" target=\"_blank\" rel=\"noopener\">peine \u00e0 convaincre<\/a> sur le petit \u00e9cran.<\/p>\n<blockquote>\n<p class=\"text-base text-neutral-700 dark:text-neutral-300\">\ud83d\udfe3 Pour ne manquer aucune news sur le Journal du Geek, abonnez-vous sur <a href=\"https:\/\/news.google.com\/publications\/CAAqBwgKMNr_hAswwYyCAw?hl=fr&amp;gl=FR&amp;ceid=FR%3Afr\" target=\"_blank\" rel=\"noopener\">Google Actualit\u00e9s<\/a> et sur <a href=\"https:\/\/whatsapp.com\/channel\/0029VaClM5y4tRry12tb7D2h\" target=\"_blank\" rel=\"noopener\">notre WhatsApp<\/a>. Et si vous nous adorez, on a <a href=\"https:\/\/www.journaldugeek.com\/newsletter\/\" target=\"_blank\" rel=\"noopener\">une newsletter tous les matins<\/a>.<\/p>\n<\/blockquote>\n<p>        <script async src=\"\/\/www.instagram.com\/embed.js\"><\/script><\/p>\n","protected":false},"excerpt":{"rendered":"Oubliez Pandora, James Cameron a un autre projet dans ses tiroirs. Alors que Fire and Ash doit investir&hellip;\n","protected":false},"author":2,"featured_media":151704,"comment_status":"","ping_status":"","sticky":false,"template":"","format":"standard","meta":{"footnotes":""},"categories":[1354],"tags":[58,59,19321,1346,1011,27,28114,1360],"class_list":{"0":"post-151703","1":"post","2":"type-post","3":"status-publish","4":"format-standard","5":"has-post-thumbnail","7":"category-films","8":"tag-divertissement","9":"tag-entertainment","10":"tag-fantasy","11":"tag-films","12":"tag-fr","13":"tag-france","14":"tag-james-cameron","15":"tag-movies"},"share_on_mastodon":{"url":"https:\/\/pubeurope.com\/@fr\/114625759480864090","error":""},"_links":{"self":[{"href":"https:\/\/www.europesays.com\/fr\/wp-json\/wp\/v2\/posts\/151703","targetHints":{"allow":["GET"]}}],"collection":[{"href":"https:\/\/www.europesays.com\/fr\/wp-json\/wp\/v2\/posts"}],"about":[{"href":"https:\/\/www.europesays.com\/fr\/wp-json\/wp\/v2\/types\/post"}],"author":[{"embeddable":true,"href":"https:\/\/www.europesays.com\/fr\/wp-json\/wp\/v2\/users\/2"}],"replies":[{"embeddable":true,"href":"https:\/\/www.europesays.com\/fr\/wp-json\/wp\/v2\/comments?post=151703"}],"version-history":[{"count":0,"href":"https:\/\/www.europesays.com\/fr\/wp-json\/wp\/v2\/posts\/151703\/revisions"}],"wp:featuredmedia":[{"embeddable":true,"href":"https:\/\/www.europesays.com\/fr\/wp-json\/wp\/v2\/media\/151704"}],"wp:attachment":[{"href":"https:\/\/www.europesays.com\/fr\/wp-json\/wp\/v2\/media?parent=151703"}],"wp:term":[{"taxonomy":"category","embeddable":true,"href":"https:\/\/www.europesays.com\/fr\/wp-json\/wp\/v2\/categories?post=151703"},{"taxonomy":"post_tag","embeddable":true,"href":"https:\/\/www.europesays.com\/fr\/wp-json\/wp\/v2\/tags?post=151703"}],"curies":[{"name":"wp","href":"https:\/\/api.w.org\/{rel}","templated":true}]}}