{"id":151714,"date":"2025-06-04T15:22:08","date_gmt":"2025-06-04T15:22:08","guid":{"rendered":"https:\/\/www.europesays.com\/fr\/151714\/"},"modified":"2025-06-04T15:22:08","modified_gmt":"2025-06-04T15:22:08","slug":"lukraine-revendique-une-nouvelle-attaque-contre-le-pont-de-crimee-symbole-de-lannexion-de-la-peninsule-par-la-russie-7","status":"publish","type":"post","link":"https:\/\/www.europesays.com\/fr\/151714\/","title":{"rendered":"L\u2019Ukraine revendique une nouvelle attaque contre le pont de Crim\u00e9e, symbole de l\u2019annexion de la p\u00e9ninsule par la Russie"},"content":{"rendered":"<p>   \u00ab\u00a0Moscou doit \u00eatre contraint \u00e0 la diplomatie\u00a0\u00bb, d\u00e9clare Volodymyr Zelensky \u00e0 ses alli\u00e9s             <\/p>\n<p class=\"post__live-container--answer-text post__space-node\">Pour mettre un terme \u00e0 sa guerre en Ukraine, \u00ab\u00a0Moscou doit \u00eatre contraint \u00e0 la diplomatie. Nous avons besoin d\u2019un cessez-le-feu. Nous avons besoin d\u2019une paix v\u00e9ritable (&#8230;), d\u2019une v\u00e9ritable s\u00e9curit\u00e9, et nous devons utiliser toutes les m\u00e9thodes disponibles pour y parvenir\u00a0\u00bb, a assur\u00e9 Volodymyr Zelensky, dans une liaison vid\u00e9o, au d\u00e9but d\u2019une r\u00e9union au si\u00e8ge de l\u2019Otan des ministres de la d\u00e9fense des pays alli\u00e9s de Kiev.<\/p>\n<p class=\"post__live-container--answer-text post__space-node\">Mais avant cela, l\u2019Ukraine a aussi besoin de renforcer sa propre d\u00e9fense contre les attaques russes, a-t-il rappel\u00e9, faisant \u00e9tat du bilan de 643 enfants tu\u00e9s dans ces attaques depuis le 24 f\u00e9vrier 2022.<\/p>\n<p class=\"post__live-container--answer-text post__space-node\">\u00ab\u00a0Nous avons besoin de livraisons plus rapides de missiles et de syst\u00e8mes de d\u00e9fense a\u00e9rienne\u00a0\u00bb, a-t-il insist\u00e9 aupr\u00e8s de ses alli\u00e9s, r\u00e9unis dans le cadre du Groupe de contact pour la d\u00e9fense de l\u2019Ukraine (UDCG), copr\u00e9sid\u00e9 par le Royaume-Uni et l\u2019Allemagne. Ce groupe rassemble une cinquantaine de pays venant militairement en aide \u00e0 l\u2019Ukraine en guerre.<\/p>\n<p class=\"post__live-container--answer-text post__space-node\">\u00ab\u00a0Notre \u00e9quipe a fourni des donn\u00e9es claires sur le nombre de syst\u00e8mes dont nous avons besoin, en particulier les syst\u00e8mes Patriot, le moyen le plus efficace de contraindre la Russie \u00e0 mettre fin \u00e0 ses frappes de missiles et \u00e0 ses actes de terrorisme\u00a0\u00bb, a encore dit M. Zelensky.<\/p>\n<p class=\"post__live-container--answer-text post__space-node\">Volodymyr Zelensky a aussi rappel\u00e9 l\u2019importance d\u2019un soutien accru \u00e0 l\u2019industrie de d\u00e9fense ukrainienne \u00e0 qui, d\u2019apr\u00e8s lui, il manque environ 18 milliards d\u2019euros pour fonctionner \u00e0 pleine capacit\u00e9.<\/p>\n<p class=\"post__live-container--answer-text post__space-node\">\u00ab\u00a0Nous soutenons l\u2019Ukraine en lui fournissant des armes, des munitions, une formation, tout ce dont elle a besoin\u00a0\u00bb, a assur\u00e9 de son c\u00f4t\u00e9 le ministre de la d\u00e9fense allemand, Boris Pistorius, copr\u00e9sident de cette r\u00e9union. Il a promis de poursuivre ce soutien\u00a0\u00ab\u00a0\u00e0 long terme\u00a0\u00bb.<\/p>\n<p class=\"post__live-container--answer-text post__space-node\">\u00ab\u00a0La Russie tire d\u00e9sormais r\u00e9guli\u00e8rement plus de 300 drones par jour sur l\u2019Ukraine. Il s\u2019agit d\u2019un changement important, et ce rythme de tir pourrait \u00eatre maintenu tout au long de l\u2019ann\u00e9e 2025\u00a0\u00bb, a averti son homologue britannique John Healey, autre copr\u00e9sident de l\u2019UDCG.<\/p>\n<p class=\"post__live-container--answer-text post__space-node\">Les Etats-Unis pr\u00e9sidaient auparavant cette instance mais ont laiss\u00e9 leur place \u00e0 l\u2019Allemagne et au Royaume-Uni apr\u00e8s le retour de Donald Trump \u00e0 la Maison Blanche. Pete Hegseth, le secr\u00e9taire \u00e0 la d\u00e9fense am\u00e9ricain, n\u2019a pas particip\u00e9 mercredi \u00e0 cette r\u00e9uion, mais il doit se joindre jeudi \u00e0 celle des ministres de la d\u00e9fense des pays de l\u2019Otan.<\/p>\n","protected":false},"excerpt":{"rendered":"\u00ab\u00a0Moscou doit \u00eatre contraint \u00e0 la diplomatie\u00a0\u00bb, d\u00e9clare Volodymyr Zelensky \u00e0 ses alli\u00e9s Pour mettre un terme \u00e0&hellip;\n","protected":false},"author":2,"featured_media":151715,"comment_status":"","ping_status":"","sticky":false,"template":"","format":"standard","meta":{"footnotes":""},"categories":[5],"tags":[11,1011,27,14,12,28],"class_list":{"0":"post-151714","1":"post","2":"type-post","3":"status-publish","4":"format-standard","5":"has-post-thumbnail","7":"category-international","8":"tag-actualites","9":"tag-fr","10":"tag-france","11":"tag-international","12":"tag-news","13":"tag-world"},"share_on_mastodon":{"url":"https:\/\/pubeurope.com\/@fr\/114625783044048761","error":""},"_links":{"self":[{"href":"https:\/\/www.europesays.com\/fr\/wp-json\/wp\/v2\/posts\/151714","targetHints":{"allow":["GET"]}}],"collection":[{"href":"https:\/\/www.europesays.com\/fr\/wp-json\/wp\/v2\/posts"}],"about":[{"href":"https:\/\/www.europesays.com\/fr\/wp-json\/wp\/v2\/types\/post"}],"author":[{"embeddable":true,"href":"https:\/\/www.europesays.com\/fr\/wp-json\/wp\/v2\/users\/2"}],"replies":[{"embeddable":true,"href":"https:\/\/www.europesays.com\/fr\/wp-json\/wp\/v2\/comments?post=151714"}],"version-history":[{"count":0,"href":"https:\/\/www.europesays.com\/fr\/wp-json\/wp\/v2\/posts\/151714\/revisions"}],"wp:featuredmedia":[{"embeddable":true,"href":"https:\/\/www.europesays.com\/fr\/wp-json\/wp\/v2\/media\/151715"}],"wp:attachment":[{"href":"https:\/\/www.europesays.com\/fr\/wp-json\/wp\/v2\/media?parent=151714"}],"wp:term":[{"taxonomy":"category","embeddable":true,"href":"https:\/\/www.europesays.com\/fr\/wp-json\/wp\/v2\/categories?post=151714"},{"taxonomy":"post_tag","embeddable":true,"href":"https:\/\/www.europesays.com\/fr\/wp-json\/wp\/v2\/tags?post=151714"}],"curies":[{"name":"wp","href":"https:\/\/api.w.org\/{rel}","templated":true}]}}