{"id":151716,"date":"2025-06-04T15:23:09","date_gmt":"2025-06-04T15:23:09","guid":{"rendered":"https:\/\/www.europesays.com\/fr\/151716\/"},"modified":"2025-06-04T15:23:09","modified_gmt":"2025-06-04T15:23:09","slug":"une-mere-et-ses-deux-enfants-retrouves-morts-par-un-huissier-venu-les-expulser-au-pontet","status":"publish","type":"post","link":"https:\/\/www.europesays.com\/fr\/151716\/","title":{"rendered":"Une m\u00e8re et ses deux enfants retrouv\u00e9s morts par un huissier venu les expulser au Pontet"},"content":{"rendered":"<p>Mercredi matin 4\u00a0juin, une m\u00e8re de famille et ses deux fils majeurs, \u00e2g\u00e9s d\u2019une vingtaine d\u2019ann\u00e9es, ont \u00e9t\u00e9 retrouv\u00e9s morts dans un appartement du centre-ville <a href=\"https:\/\/www.laprovence.com\/vaucluse\/le-pontet-84092\" target=\"_blank\" rel=\"noopener\">du Pontet<\/a>, d\u2019apr\u00e8s les informations d\u2019<a href=\"https:\/\/www.objectifgard.com\/faits-divers\/vaucluse-lhuissier-venu-expulser-une-famille-ce-mercredi-matin-decouvre-trois-morts-148313.php\" target=\"_blank\" rel=\"noopener\">Objectif Gard<\/a>, confirm\u00e9es \u00e0 La Provence par une source judiciaire. Selon les premiers \u00e9l\u00e9ments, les corps ont \u00e9t\u00e9 retrouv\u00e9s par l\u2019huissier qui devait proc\u00e9der \u00e0 l\u2019expulsion de la famille, en compagnie des gendarmes, ce mercredi matin.<\/p>\n<p>La piste de l&rsquo;ingestion de substances toxiques privil\u00e9gi\u00e9e<\/p>\n<p>Les corps des trois victimes ont \u00e9t\u00e9 retrouv\u00e9s en \u00e9tat de putr\u00e9faction, dans la m\u00eame pi\u00e8ce, allong\u00e9s au sol sur des matelas. Selon nos informations, la famille aurait \u00e9t\u00e9 vue pour la derni\u00e8re fois en mars\u00a02025 par le propri\u00e9taire du bien, qui habite dans le m\u00eame immeuble. Concernant les causes de la mort, et toujours selon nos informations, la piste de l\u2019ingestion de substances toxiques est privil\u00e9gi\u00e9e.<\/p>\n<p>Les gendarmes de la compagnie d\u2019Avignon sont encore sur place ce mercredi apr\u00e8s-midi. Une autopsie des corps doit \u00eatre r\u00e9alis\u00e9e ce vendredi.<strong\/><\/p>\n","protected":false},"excerpt":{"rendered":"Mercredi matin 4\u00a0juin, une m\u00e8re de famille et ses deux fils majeurs, \u00e2g\u00e9s d\u2019une vingtaine d\u2019ann\u00e9es, ont \u00e9t\u00e9&hellip;\n","protected":false},"author":2,"featured_media":151717,"comment_status":"","ping_status":"","sticky":false,"template":"","format":"standard","meta":{"footnotes":""},"categories":[4],"tags":[17,11,4070,1719,274,1011,27,5875,5184,12,25,10766,2407,96],"class_list":{"0":"post-151716","1":"post","2":"type-post","3":"status-publish","4":"format-standard","5":"has-post-thumbnail","7":"category-france","8":"tag-17","9":"tag-actualites","10":"tag-deux","11":"tag-enfants","12":"tag-faits-divers-justice","13":"tag-fr","14":"tag-france","15":"tag-mere","16":"tag-morts","17":"tag-news","18":"tag-republique-francaise","19":"tag-retrouves","20":"tag-ses","21":"tag-une"},"share_on_mastodon":{"url":"https:\/\/pubeurope.com\/@fr\/114625786897497495","error":""},"_links":{"self":[{"href":"https:\/\/www.europesays.com\/fr\/wp-json\/wp\/v2\/posts\/151716","targetHints":{"allow":["GET"]}}],"collection":[{"href":"https:\/\/www.europesays.com\/fr\/wp-json\/wp\/v2\/posts"}],"about":[{"href":"https:\/\/www.europesays.com\/fr\/wp-json\/wp\/v2\/types\/post"}],"author":[{"embeddable":true,"href":"https:\/\/www.europesays.com\/fr\/wp-json\/wp\/v2\/users\/2"}],"replies":[{"embeddable":true,"href":"https:\/\/www.europesays.com\/fr\/wp-json\/wp\/v2\/comments?post=151716"}],"version-history":[{"count":0,"href":"https:\/\/www.europesays.com\/fr\/wp-json\/wp\/v2\/posts\/151716\/revisions"}],"wp:featuredmedia":[{"embeddable":true,"href":"https:\/\/www.europesays.com\/fr\/wp-json\/wp\/v2\/media\/151717"}],"wp:attachment":[{"href":"https:\/\/www.europesays.com\/fr\/wp-json\/wp\/v2\/media?parent=151716"}],"wp:term":[{"taxonomy":"category","embeddable":true,"href":"https:\/\/www.europesays.com\/fr\/wp-json\/wp\/v2\/categories?post=151716"},{"taxonomy":"post_tag","embeddable":true,"href":"https:\/\/www.europesays.com\/fr\/wp-json\/wp\/v2\/tags?post=151716"}],"curies":[{"name":"wp","href":"https:\/\/api.w.org\/{rel}","templated":true}]}}