{"id":151726,"date":"2025-06-04T15:28:08","date_gmt":"2025-06-04T15:28:08","guid":{"rendered":"https:\/\/www.europesays.com\/fr\/151726\/"},"modified":"2025-06-04T15:28:08","modified_gmt":"2025-06-04T15:28:08","slug":"leurodeputee-lfi-rima-hassan-va-tenir-une-reunion-publique-pres-de-nancy","status":"publish","type":"post","link":"https:\/\/www.europesays.com\/fr\/151726\/","title":{"rendered":"l&rsquo;eurod\u00e9put\u00e9e LFI Rima Hassan va tenir une r\u00e9union publique pr\u00e8s de Nancy"},"content":{"rendered":"<p>            Par<br \/>\n        <strong><br \/>\n            <a href=\"https:\/\/actu.fr\/auteur\/pierre-emile-bouchy-actu-fr\" title=\"Consulter tous les articles de Paul-Emile Bouchy\" target=\"_blank\" rel=\"noopener\">Paul-Emile Bouchy<\/a><br \/>\n        <\/strong><\/p>\n<p>        Publi\u00e9 le<\/p>\n<p>            4 juin 2025 \u00e0 17h17        <\/p>\n<p>Eurod\u00e9put\u00e9e et militante pro-palestinienne, <strong>Rima Hassan<\/strong> multiplie les actions et prises de parole au sujet de la situation \u00e0 <a href=\"https:\/\/actu.fr\/tag\/gaza\" target=\"_blank\" rel=\"noopener\">Gaza<\/a> et de la <a href=\"https:\/\/actu.fr\/tag\/guerre-israel-hamas\" target=\"_blank\" rel=\"noopener\">guerre Isra\u00ebl-Hamas<\/a>.<\/p>\n<p class=\" wall-content\">La d\u00e9put\u00e9e europ\u00e9enne de <a href=\"https:\/\/actu.fr\/tag\/la-france-insoumise-lfi\" target=\"_blank\" rel=\"noopener\">La France insoumise<\/a> est d\u2019ailleurs actuellement <strong>\u00e0 bord d\u2019un voilier d\u2019activistes avec Greta Thunberg<\/strong> pour atteindre Gaza et ouvrir un corridor humanitaire.<\/p>\n<p class=\" wall-content\">\n<p class=\" wall-content\">Jeudi 19 juin, l\u2019\u00e9lue\u00a0sera \u00e0 <a href=\"https:\/\/actu.fr\/grand-est\/vandoeuvre-les-nancy_54547\" target=\"_blank\" rel=\"noopener\">Vand\u0153uvre-l\u00e8s-Nancy<\/a> (Meurthe-et-Moselle) pour y tenir une grande r\u00e9union publique \u00e0 ce sujet.<\/p>\n<p>Une conf\u00e9rence \u00ab\u2009contre la colonisation\u2009\u00bb en Palestine<\/p>\n<p class=\" wall-content\">L\u2019\u00e9v\u00e8nement aura lieu <strong>\u00e0 19h30 \u00e0 la salle des f\u00eates Bernie Bonvoisin<\/strong>. La conf\u00e9rence aura pour th\u00e8me \u00ab\u2009contre la colonisation, la discrimination et pour l\u2019\u00e9galit\u00e9 des droits en Isra\u00ebl et Palestine\u2009\u00bb.<\/p>\n<p class=\" wall-content\">Rima Hassan sera accompagn\u00e9e sur sc\u00e8ne par Yoav Shemer-Kunz, enseignant chercheur en science politique.<\/p>\n<p>Vid\u00e9os : en ce moment sur Actu<\/p>\n<p class=\" wall-content\">Suivez toute l\u2019actualit\u00e9 de vos villes et m\u00e9dias favoris en vous inscrivant \u00e0 <a href=\"https:\/\/moncompte.actu.fr\" title=\"D\u00e9couvez Mon Actu\" rel=\"nofollow noopener\" data-trk=\"{&quot;cta&quot;:{&quot;action&quot;:&quot;https:\\\/\\\/moncompte.actu.fr&quot;,&quot;category&quot;:&quot;mon compte&quot;,&quot;from&quot;:&quot;article footer&quot;,&quot;name&quot;:&quot;Mon actu&quot;,&quot;type&quot;:&quot;cta&quot;}}\" target=\"_blank\">Mon Actu<\/a>.<\/p>\n","protected":false},"excerpt":{"rendered":"Par Paul-Emile Bouchy Publi\u00e9 le 4 juin 2025 \u00e0 17h17 Eurod\u00e9put\u00e9e et militante pro-palestinienne, Rima Hassan multiplie les&hellip;\n","protected":false},"author":2,"featured_media":151727,"comment_status":"","ping_status":"","sticky":false,"template":"","format":"standard","meta":{"footnotes":""},"categories":[9635],"tags":[1111,11,1777,674,1011,27,665,775,5643,1023,1702,12,25,104],"class_list":{"0":"post-151726","1":"post","2":"type-post","3":"status-publish","4":"format-standard","5":"has-post-thumbnail","7":"category-nancy","8":"tag-actu","9":"tag-actualites","10":"tag-eu","11":"tag-europe","12":"tag-fr","13":"tag-france","14":"tag-gaza","15":"tag-grand-est","16":"tag-guerre-israel-hamas","17":"tag-la-france-insoumise-lfi","18":"tag-nancy","19":"tag-news","20":"tag-republique-francaise","21":"tag-societe"},"share_on_mastodon":{"url":"https:\/\/pubeurope.com\/@fr\/114625806554933719","error":""},"_links":{"self":[{"href":"https:\/\/www.europesays.com\/fr\/wp-json\/wp\/v2\/posts\/151726","targetHints":{"allow":["GET"]}}],"collection":[{"href":"https:\/\/www.europesays.com\/fr\/wp-json\/wp\/v2\/posts"}],"about":[{"href":"https:\/\/www.europesays.com\/fr\/wp-json\/wp\/v2\/types\/post"}],"author":[{"embeddable":true,"href":"https:\/\/www.europesays.com\/fr\/wp-json\/wp\/v2\/users\/2"}],"replies":[{"embeddable":true,"href":"https:\/\/www.europesays.com\/fr\/wp-json\/wp\/v2\/comments?post=151726"}],"version-history":[{"count":0,"href":"https:\/\/www.europesays.com\/fr\/wp-json\/wp\/v2\/posts\/151726\/revisions"}],"wp:featuredmedia":[{"embeddable":true,"href":"https:\/\/www.europesays.com\/fr\/wp-json\/wp\/v2\/media\/151727"}],"wp:attachment":[{"href":"https:\/\/www.europesays.com\/fr\/wp-json\/wp\/v2\/media?parent=151726"}],"wp:term":[{"taxonomy":"category","embeddable":true,"href":"https:\/\/www.europesays.com\/fr\/wp-json\/wp\/v2\/categories?post=151726"},{"taxonomy":"post_tag","embeddable":true,"href":"https:\/\/www.europesays.com\/fr\/wp-json\/wp\/v2\/tags?post=151726"}],"curies":[{"name":"wp","href":"https:\/\/api.w.org\/{rel}","templated":true}]}}