{"id":151736,"date":"2025-06-04T15:39:19","date_gmt":"2025-06-04T15:39:19","guid":{"rendered":"https:\/\/www.europesays.com\/fr\/151736\/"},"modified":"2025-06-04T15:39:19","modified_gmt":"2025-06-04T15:39:19","slug":"une-ancienne-figure-de-ligue-1-en-partance-pour-un-club-de-grenoble","status":"publish","type":"post","link":"https:\/\/www.europesays.com\/fr\/151736\/","title":{"rendered":"une ancienne figure de Ligue 1 en partance pour un club de Grenoble"},"content":{"rendered":"<p>\t\t\t\t\t\t\t\t\t\t\t<img loading=\"lazy\" decoding=\"async\" width=\"1110\" title=\"Football : une ancienne figure de Ligue 1 en partance pour un club de Grenoble\" class=\"img-fluid not_lzld mb-3\" src=\"https:\/\/www.europesays.com\/fr\/wp-content\/uploads\/2025\/06\/1110x624_football-une-ancienne-figure-de-ligue-1-en-partance-pour-un-club-de-grenoble_68404e33356a2.\" alt=\"Football : une ancienne figure de Ligue 1 en partance pour un club de Grenoble\" itemprop=\"image\" height=\"624\"\/>\t\t\t\t\t\t\t\t\t\t\t\t<\/p>\n<p>Football : une ancienne figure de Ligue 1 en partance pour un club de Grenoble &#8211; DR<\/p>\n<p itemprop=\"description\"><strong>L\u2019entra\u00eeneur is\u00e9rois, J\u00e9r\u00e9my Cl\u00e9ment, pourrait revenir dans le d\u00e9partement d\u00e8s cet \u00e9t\u00e9.<\/strong><\/p>\n<p>Cette saison, l\u2019ancien footballeur professionnel pass\u00e9 par l\u2019OL, J\u00e9r\u00e9my Cl\u00e9ment, a connu les joies du National en devenant entra\u00eeneur par int\u00e9rim de Versailles. Mais, voulant revenir proche de sa famille (rest\u00e9e en Is\u00e8re), l\u2019homme de 40 ans a d\u00e9cid\u00e9 de quitter le 13e du championnat et l\u2019\u00cele de France.<\/p>\n<p>D\u2019apr\u00e8s les derni\u00e8res informations du Dauphin\u00e9 Lib\u00e9r\u00e9, J\u00e9r\u00e9my Cl\u00e9ment serait entr\u00e9 en contact avec un club d\u2019un quartier de Grenoble, le FC Allobroges-Asafia, \u00e9voluant en R\u00e9gional 2. Le FC2A s\u2019est fait remarquer cette saison 2024-2025 en atteignant le 7e tour de la Coupe de France. Pr\u00e8s de 6000 personnes \u00e9taient venues encourager les Grenoblois au Stade des Alpes.<\/p>\n<p>\u00c0 noter que l\u2019OL Lyonnes serait \u00e9galement sur le dossier de l\u2019ancien milieu de terrain pour ses U19. R\u00e9ponse dans les prochaines semaines\u2026<\/p>\n","protected":false},"excerpt":{"rendered":"Football : une ancienne figure de Ligue 1 en partance pour un club de Grenoble &#8211; DR L\u2019entra\u00eeneur&hellip;\n","protected":false},"author":2,"featured_media":151737,"comment_status":"","ping_status":"","sticky":false,"template":"","format":"standard","meta":{"footnotes":""},"categories":[9566],"tags":[1111,11,7733,8279,2430,7736,650,7734,2889,2263,1777,674,1011,27,2731,8280,6417,1114,108,4662,12,3725,1825,25,7737],"class_list":{"0":"post-151736","1":"post","2":"type-post","3":"status-publish","4":"format-standard","5":"has-post-thumbnail","7":"category-grenoble","8":"tag-actu","9":"tag-actualites","10":"tag-alpes","11":"tag-alpes1","12":"tag-auvergne-rhone-alpes","13":"tag-cds","14":"tag-cinema","15":"tag-ecoute","16":"tag-emission","17":"tag-equipe","18":"tag-eu","19":"tag-europe","20":"tag-fr","21":"tag-france","22":"tag-grenoble","23":"tag-haute","24":"tag-information","25":"tag-infos","26":"tag-isere","27":"tag-journal","28":"tag-news","29":"tag-podcast","30":"tag-radio","31":"tag-republique-francaise","32":"tag-winamp"},"share_on_mastodon":{"url":"https:\/\/pubeurope.com\/@fr\/114625849851082599","error":""},"_links":{"self":[{"href":"https:\/\/www.europesays.com\/fr\/wp-json\/wp\/v2\/posts\/151736","targetHints":{"allow":["GET"]}}],"collection":[{"href":"https:\/\/www.europesays.com\/fr\/wp-json\/wp\/v2\/posts"}],"about":[{"href":"https:\/\/www.europesays.com\/fr\/wp-json\/wp\/v2\/types\/post"}],"author":[{"embeddable":true,"href":"https:\/\/www.europesays.com\/fr\/wp-json\/wp\/v2\/users\/2"}],"replies":[{"embeddable":true,"href":"https:\/\/www.europesays.com\/fr\/wp-json\/wp\/v2\/comments?post=151736"}],"version-history":[{"count":0,"href":"https:\/\/www.europesays.com\/fr\/wp-json\/wp\/v2\/posts\/151736\/revisions"}],"wp:featuredmedia":[{"embeddable":true,"href":"https:\/\/www.europesays.com\/fr\/wp-json\/wp\/v2\/media\/151737"}],"wp:attachment":[{"href":"https:\/\/www.europesays.com\/fr\/wp-json\/wp\/v2\/media?parent=151736"}],"wp:term":[{"taxonomy":"category","embeddable":true,"href":"https:\/\/www.europesays.com\/fr\/wp-json\/wp\/v2\/categories?post=151736"},{"taxonomy":"post_tag","embeddable":true,"href":"https:\/\/www.europesays.com\/fr\/wp-json\/wp\/v2\/tags?post=151736"}],"curies":[{"name":"wp","href":"https:\/\/api.w.org\/{rel}","templated":true}]}}