{"id":151738,"date":"2025-06-04T15:40:08","date_gmt":"2025-06-04T15:40:08","guid":{"rendered":"https:\/\/www.europesays.com\/fr\/151738\/"},"modified":"2025-06-04T15:40:08","modified_gmt":"2025-06-04T15:40:08","slug":"des-spectacles-gratuits-dans-plusieurs-communes-ce-week-end","status":"publish","type":"post","link":"https:\/\/www.europesays.com\/fr\/151738\/","title":{"rendered":"des spectacles gratuits dans plusieurs communes ce week-end"},"content":{"rendered":"<p>            Par<br \/>\n        <strong><br \/>\n            <a href=\"https:\/\/actu.fr\/auteur\/leo-gautret-actu-fr\" title=\"Consulter tous les articles de L\u00e9o Gautret\" target=\"_blank\" rel=\"noopener\">L\u00e9o Gautret<\/a><br \/>\n        <\/strong><\/p>\n<p>        Publi\u00e9 le<\/p>\n<p>            4 juin 2025 \u00e0 17h12        <\/p>\n<p>Le festival intercommunal Un Week-end \u00e0 la rue d\u00e9roule la programmation de sa 7e \u00e9dition en <b>Ille-et-Vilaine<\/b>.<\/p>\n<p class=\" wall-content\">Du 6 au 9\u00a0juin 2025, les communes de<b> Bourgbarr\u00e9, Chantepie, Corps-Nuds, Nouvoitou, Saint-Armel et Vern-sur-Seiche<\/b>, s\u2019associent pour organiser ce week-end haut en couleur autour des arts de la rue en proposant des <b>spectacles gratuits.<\/b><\/p>\n<p class=\" wall-content\">Ce rendez-vous soutenu par Rennes M\u00e9tropole, en partenariat avec le r\u00e9seau Star et Zanzan Films, propose un riche programme fait pour toute la famille, du vendredi au lundi. Buvette et restauration seront propos\u00e9es dans les communes.<\/p>\n<p>Des spectacles accessibles \u00e0 tous<\/p>\n<p class=\" wall-content\">Un Week-end \u00e0 la Rue se distingue \u00e9galement par sa volont\u00e9 d\u2019\u00eatre accessible \u00e0 toutes et tous.<\/p>\n<p class=\" wall-content\">Depuis plusieurs ann\u00e9es, l\u2019association Zanzan Films accompagne l\u2019\u00e9quipe organisatrice et a \u00e9t\u00e9 rejointe cette ann\u00e9e par le collectif Handicap 35 et l\u2019association Souffleurs de sens.<\/p>\n<p>Vid\u00e9os : en ce moment sur Actu<\/p>\n<p class=\" wall-content\">Une vid\u00e9o du programme en Langue des signes fran\u00e7aise est disponible sur unweekendalarue.fr, <b>YouTube, Facebook, Instagram<\/b>. Sur le site internet, le programme au format texte peut \u00eatre t\u00e9l\u00e9charg\u00e9 et restitu\u00e9 vocalement.<\/p>\n<p class=\" wall-content\">Des boucles d\u2019induction magn\u00e9tique (BIM) sont mises \u00e0 disposition pour certains spectacles.<\/p>\n<p class=\" wall-content\">\u00ab\u2009Un dispositif de transmission audio par voie \u00e9lectromagn\u00e9tique qui permet aux personnes appareill\u00e9es ainsi qu\u2019aux implant\u00e9s cochl\u00e9aires de profiter au mieux du son dans les salles de concert, les th\u00e9\u00e2tres, les administrations, etc.\u2009\u00bb<\/p>\n<p class=\" wall-content\">Les spectacles pour lesquels il y aura des boucles magn\u00e9tiques\u2009: Nouvoitou \u2013 FUTUR.E.S\u2009; Chantepie \u2013 Gravir\u2009; Vern-sur-Seiche \u2013 concert de Musiques Actuelles Avanc\u00e9 et Mousse.<\/p>\n<p class=\" wall-content\">Une traduction en Langue des Signes Fran\u00e7aise (LSF) sera par ailleurs propos\u00e9e \u00e0 Saint-Armel pour le spectacle The Sh\u00e9rifs, the Security Experience.<\/p>\n<p>Vendredi 6\u00a0juin<\/p>\n<p class=\" wall-content\">19\u2009h\u2009: place de l\u2019\u00e9glise \u00e0 Nouvoitou (repli pluie\u2009: salle du Bocage). Ensemble de violoncelles de l\u2019Ecole de Musique et danse du Suet. Concert \u2013 20 min \u2013 pour tous.<\/p>\n<p class=\" wall-content\">19\u2009h\u200930\u2009: place de l\u2019\u00e9glise \u00e0 Nouvoitou (repli pluie\u2009: salle du Bocage). FUTUR.E.S de la Cie Queen Mother (cr\u00e9ation 2023) Performance en espace public \u2013 75 min \u2013 pour tous.<\/p>\n<p>Samedi 7\u00a0juin<\/p>\n<p class=\" wall-content\">15\u2009h\u200930\u2009: Jardins de la Touche Chevreuil \u00e0 Corps-Nuds (repli pluie\u2009: complexe sportif). Atelier chor\u00e9graphique et Onze-Ensemble de l\u2019\u00c9cole de musique et danse du Suet. Danse et jazz-band \u2013 30 min \u2013 Pour tous.<\/p>\n<p class=\" wall-content\">16\u2009h\u2009: Jardins de la Touche Chevreuil \u00e0 Corps-Nuds (repli pluie\u2009: complexe sportif). Dehors, Moli\u00e8re\u2009! de la Cie Casus D\u00e9lires. Th\u00e9\u00e2tre \u2013 80 min \u2013 Pour tous \u00e0 partir de 8\u00a0ans.<\/p>\n<p>Dimanche 8\u00a0juin<\/p>\n<p class=\" wall-content\">16\u2009h\u2009: \u00e9tang \u00e0 Bourgbarr\u00e9 (pas de salle de repli). Les petits plats dans les grands de la Cie Les Balbuti\u00e9s. Improvisation th\u00e9\u00e2trale \u2013 55 min \u2013 Pour tous \u00e0 partir de 4\u00a0ans.<\/p>\n<p>Lundi 9\u00a0juin<\/p>\n<p class=\" wall-content\">15\u2009h\u200930\u2009: place de l\u2019\u00e9glise \u00e0 Saint-Armel (repli pluie\u2009: salle de sport Arzhel). Fl\u00fbtes traversi\u00e8res par l\u2019\u00e9cole de musique et danse du Suet. Concert \u2013 30 min \u2013 Pour tous.<\/p>\n<p class=\" wall-content\">16\u2009h\u2009: place de l\u2019\u00e9glise \u00e0 Saint-Armel (repli pluie\u2009: salle de sport Arzhel). The Sh\u00e9rifs, the Security Exp\u00e9rience de la Cie Radio Cirque. Th\u00e9\u00e2tre, com\u00e9die \u2013 60 min \u2013 Pour tous.<\/p>\n<p class=\" wall-content\">Suivez toute l\u2019actualit\u00e9 de vos villes et m\u00e9dias favoris en vous inscrivant \u00e0 <a href=\"https:\/\/moncompte.actu.fr\" title=\"D\u00e9couvez Mon Actu\" rel=\"nofollow noopener\" data-trk=\"{&quot;cta&quot;:{&quot;action&quot;:&quot;https:\\\/\\\/moncompte.actu.fr&quot;,&quot;category&quot;:&quot;mon compte&quot;,&quot;from&quot;:&quot;article footer&quot;,&quot;name&quot;:&quot;Mon actu&quot;,&quot;type&quot;:&quot;cta&quot;}}\" target=\"_blank\">Mon Actu<\/a>.<\/p>\n","protected":false},"excerpt":{"rendered":"Par L\u00e9o Gautret Publi\u00e9 le 4 juin 2025 \u00e0 17h12 Le festival intercommunal Un Week-end \u00e0 la rue&hellip;\n","protected":false},"author":2,"featured_media":151739,"comment_status":"","ping_status":"","sticky":false,"template":"","format":"standard","meta":{"footnotes":""},"categories":[2821],"tags":[1111,11,1063,829,1777,674,1011,27,1652,12,584,25,853],"class_list":{"0":"post-151738","1":"post","2":"type-post","3":"status-publish","4":"format-standard","5":"has-post-thumbnail","7":"category-rennes","8":"tag-actu","9":"tag-actualites","10":"tag-animations","11":"tag-bretagne","12":"tag-eu","13":"tag-europe","14":"tag-fr","15":"tag-france","16":"tag-loisirs-culture","17":"tag-news","18":"tag-rennes","19":"tag-republique-francaise","20":"tag-spectacles"},"share_on_mastodon":{"url":"https:\/\/pubeurope.com\/@fr\/114625853780108981","error":""},"_links":{"self":[{"href":"https:\/\/www.europesays.com\/fr\/wp-json\/wp\/v2\/posts\/151738","targetHints":{"allow":["GET"]}}],"collection":[{"href":"https:\/\/www.europesays.com\/fr\/wp-json\/wp\/v2\/posts"}],"about":[{"href":"https:\/\/www.europesays.com\/fr\/wp-json\/wp\/v2\/types\/post"}],"author":[{"embeddable":true,"href":"https:\/\/www.europesays.com\/fr\/wp-json\/wp\/v2\/users\/2"}],"replies":[{"embeddable":true,"href":"https:\/\/www.europesays.com\/fr\/wp-json\/wp\/v2\/comments?post=151738"}],"version-history":[{"count":0,"href":"https:\/\/www.europesays.com\/fr\/wp-json\/wp\/v2\/posts\/151738\/revisions"}],"wp:featuredmedia":[{"embeddable":true,"href":"https:\/\/www.europesays.com\/fr\/wp-json\/wp\/v2\/media\/151739"}],"wp:attachment":[{"href":"https:\/\/www.europesays.com\/fr\/wp-json\/wp\/v2\/media?parent=151738"}],"wp:term":[{"taxonomy":"category","embeddable":true,"href":"https:\/\/www.europesays.com\/fr\/wp-json\/wp\/v2\/categories?post=151738"},{"taxonomy":"post_tag","embeddable":true,"href":"https:\/\/www.europesays.com\/fr\/wp-json\/wp\/v2\/tags?post=151738"}],"curies":[{"name":"wp","href":"https:\/\/api.w.org\/{rel}","templated":true}]}}