{"id":151745,"date":"2025-06-04T15:44:08","date_gmt":"2025-06-04T15:44:08","guid":{"rendered":"https:\/\/www.europesays.com\/fr\/151745\/"},"modified":"2025-06-04T15:44:08","modified_gmt":"2025-06-04T15:44:08","slug":"comment-circuler-dans-nice-quels-chefs-detat-seront-presents-comment-aider-nos-journalistes-ont-repondu-a-toutes-vos-questions-sur-le-sommet-de-locean","status":"publish","type":"post","link":"https:\/\/www.europesays.com\/fr\/151745\/","title":{"rendered":"Comment circuler dans Nice, quels chefs d&rsquo;\u00c9tat seront pr\u00e9sents, comment aider&#8230; nos journalistes ont r\u00e9pondu \u00e0 toutes vos questions sur le Sommet de l&rsquo;Oc\u00e9an"},"content":{"rendered":"<p>Nous y sommes presque! <strong>Le Sommet de l\u2019Oc\u00e9an aura lieu \u00e0 partir du lundi 9 juin \u00e0 Nice<\/strong>, marquant dix jours d\u2019\u00e9v\u00e9nements scientifiques et politiques majeurs autour de la pr\u00e9servation des mers.<\/p>\n<p><strong>Plus de 2.000 scientifiques et les chefs d\u2019\u00c9tat de 112 pays<\/strong>\u00a0vont d\u00e9battre des enjeux cruciaux: ratification du trait\u00e9 sur la haute mer, lutte contre la pollution plastique, p\u00eache ill\u00e9gale, adaptation au changement climatique&#8230;<\/p>\n<p>Ce mercredi 4 juin, Nice-Matin organisait <strong>sur les sites du groupe\u00a0un chat sp\u00e9cial sur le sujet.<\/strong><\/p>\n<p>\u00ab\u00a0Que va changer ce sommet pour la M\u00e9diterran\u00e9e?\u00a0\u00bb, \u00ab\u00a0Quelles mesures concr\u00e8tes contre la pollution?\u00a0\u00bb, \u00ab\u00a0Comment se d\u00e9placer en ville pendant le Sommet?\u00a0\u00bb, \u00ab\u00a0Donald Trump sera-t-il pr\u00e9sent sur la C\u00f4te d&rsquo;Azur?\u00a0\u00bb&#8230; <strong>nous avons r\u00e9pondu \u00e0 toutes vos questions dans notre \u00ab\u00a0chatroom\u00a0\u00bb<\/strong>, \u00e0 retrouver ci-dessous (<a href=\"https:\/\/www.24liveblog.com\/live\/UOx1F\" target=\"_blank\" rel=\"noopener nofollow\">ou ici si elle ne s&rsquo;affiche pas<\/a>).<\/p><\/p>\n","protected":false},"excerpt":{"rendered":"Nous y sommes presque! Le Sommet de l\u2019Oc\u00e9an aura lieu \u00e0 partir du lundi 9 juin \u00e0 Nice,&hellip;\n","protected":false},"author":2,"featured_media":151746,"comment_status":"","ping_status":"","sticky":false,"template":"","format":"standard","meta":{"footnotes":""},"categories":[2819],"tags":[1111,11,436,1777,674,1011,27,12,2401,882,25],"class_list":{"0":"post-151745","1":"post","2":"type-post","3":"status-publish","4":"format-standard","5":"has-post-thumbnail","7":"category-nice","8":"tag-actu","9":"tag-actualites","10":"tag-environnement","11":"tag-eu","12":"tag-europe","13":"tag-fr","14":"tag-france","15":"tag-news","16":"tag-nice","17":"tag-provence-alpes-cote-dazur","18":"tag-republique-francaise"},"share_on_mastodon":{"url":"https:\/\/pubeurope.com\/@fr\/114625869448536183","error":""},"_links":{"self":[{"href":"https:\/\/www.europesays.com\/fr\/wp-json\/wp\/v2\/posts\/151745","targetHints":{"allow":["GET"]}}],"collection":[{"href":"https:\/\/www.europesays.com\/fr\/wp-json\/wp\/v2\/posts"}],"about":[{"href":"https:\/\/www.europesays.com\/fr\/wp-json\/wp\/v2\/types\/post"}],"author":[{"embeddable":true,"href":"https:\/\/www.europesays.com\/fr\/wp-json\/wp\/v2\/users\/2"}],"replies":[{"embeddable":true,"href":"https:\/\/www.europesays.com\/fr\/wp-json\/wp\/v2\/comments?post=151745"}],"version-history":[{"count":0,"href":"https:\/\/www.europesays.com\/fr\/wp-json\/wp\/v2\/posts\/151745\/revisions"}],"wp:featuredmedia":[{"embeddable":true,"href":"https:\/\/www.europesays.com\/fr\/wp-json\/wp\/v2\/media\/151746"}],"wp:attachment":[{"href":"https:\/\/www.europesays.com\/fr\/wp-json\/wp\/v2\/media?parent=151745"}],"wp:term":[{"taxonomy":"category","embeddable":true,"href":"https:\/\/www.europesays.com\/fr\/wp-json\/wp\/v2\/categories?post=151745"},{"taxonomy":"post_tag","embeddable":true,"href":"https:\/\/www.europesays.com\/fr\/wp-json\/wp\/v2\/tags?post=151745"}],"curies":[{"name":"wp","href":"https:\/\/api.w.org\/{rel}","templated":true}]}}