{"id":151747,"date":"2025-06-04T15:45:09","date_gmt":"2025-06-04T15:45:09","guid":{"rendered":"https:\/\/www.europesays.com\/fr\/151747\/"},"modified":"2025-06-04T15:45:09","modified_gmt":"2025-06-04T15:45:09","slug":"greve-du-jeudi-5-juin-les-transports-a-larret-a-nice-et-quelques-perturbations-dans-ecoles-on-fait-le-point","status":"publish","type":"post","link":"https:\/\/www.europesays.com\/fr\/151747\/","title":{"rendered":"Gr\u00e8ve du jeudi 5 juin: les transports \u00e0 l\u2019arr\u00eat \u00e0 Nice et quelques perturbations dans \u00e9coles, on fait le point"},"content":{"rendered":"<p>A l\u2019appel de la CGT, les salari\u00e9s sont appel\u00e9s \u00e0 faire <strong>gr\u00e8ve ce jeudi 5 juin pour d\u00e9fendre \u00ab\u00a0les retraites, les salaires et l\u2019emploi\u00a0\u00bb. <\/strong><\/p>\n<p><strong>\u00c0 Nice, une manifestation s\u2019\u00e9lancera \u00e0 14h au d\u00e9part de la place Mass\u00e9na<\/strong> pour rejoindre la gare des Chemins de fer de Provence.<\/p>\n<p>En ce qui concerne les perturbations annonc\u00e9es, \u00e0 quoi va ressembler notre journ\u00e9e?<\/p>\n<p>Les transports en commun: compliqu\u00e9 sur Nice<\/p>\n<p>C\u2019est sur Nice que la situation sera le plus compliqu\u00e9e puisque le tramway ne devrait pas fonctionner. Et la grande majorit\u00e9 des bus de la m\u00e9tropole ni\u00e7oise (les bus 6, 7, 8 +, 10, 11, 12+, 14, 15, 16, 17, 18, 20, 21, 30, 32, 33, 35, 36, 37, 38, 57, 64, 70, 81, 98, 99) resteront aussi \u00e0 l\u2019arr\u00eat.<\/p>\n<p>Alors pensez bien \u00e0 anticiper vos d\u00e9placements, on pense notamment aux candidats bacheliers pour lesquelles les \u00e9preuves ont commenc\u00e9. Comme c\u2019est le cas \u00e0 chaque fois qu\u2019une gr\u00e8ve affecte le fonctionnement des transports collectifs, <strong>la Ville de Nice a mis en place la gratuit\u00e9 du stationnement sur voirie durant toute la journ\u00e9e.<\/strong><\/p>\n<p>Il n\u2019y a pas d\u2019autres pr\u00e9avis de gr\u00e8ve d\u00e9pos\u00e9s pour l\u2019instant dans le d\u00e9partement.<\/p>\n<p>Situation quasi normale du c\u00f4t\u00e9 des trains<\/p>\n<p>Malgr\u00e9 l\u2019appel \u00e0 la gr\u00e8ve lanc\u00e9 par la CGT-Cheminots, premier syndicat de la SNCF, <strong>la circulation des trains s\u2019annonce globalement normale ce jeudi 5 juin. <\/strong><\/p>\n<p>Le ministre charg\u00e9 des Transports, Philippe Tabarot, a affirm\u00e9 sur Public S\u00e9nat que le \u00ab\u00a0plan de transport sera assur\u00e9 au maximum\u00a0\u00bb. \u00c0 l\u2019\u00e9chelle nationale, le trafic des TGV devrait rester normal, tout comme la majorit\u00e9 des trains r\u00e9gionaux \u00ab\u00a0m\u00eame si de l\u00e9g\u00e8res perturbations sont possibles dans certaines r\u00e9gions.\u00a0\u00bb<\/p>\n<p>Des perturbations dans le p\u00e9riscolaire<\/p>\n<p>La FSU (premi\u00e8re f\u00e9d\u00e9ration syndicale de l\u2019enseignement) n\u2019appelant pas \u00e0 se mobiliser, les cours ne devraient pas \u00eatre tr\u00e8s perturb\u00e9s dans les \u00e9tablissements scolaires. Aucune \u00e9cole ne devrait \u00eatre ferm\u00e9e, mis des enseignants manqueront peut-\u00eatre \u00e0 l\u2019appel.<\/p>\n<p>Des perturbations sont aussi \u00e0 pr\u00e9voir dans le p\u00e9riscolaire pour la cantine et la garderie du soir et du matin. Si vous \u00eates parents vous serez de toute fa\u00e7on pr\u00e9venus.<\/p>\n","protected":false},"excerpt":{"rendered":"A l\u2019appel de la CGT, les salari\u00e9s sont appel\u00e9s \u00e0 faire gr\u00e8ve ce jeudi 5 juin pour d\u00e9fendre&hellip;\n","protected":false},"author":2,"featured_media":151748,"comment_status":"","ping_status":"","sticky":false,"template":"","format":"standard","meta":{"footnotes":""},"categories":[2819],"tags":[1111,11,1777,674,332,1011,27,12,2401,882,25],"class_list":{"0":"post-151747","1":"post","2":"type-post","3":"status-publish","4":"format-standard","5":"has-post-thumbnail","7":"category-nice","8":"tag-actu","9":"tag-actualites","10":"tag-eu","11":"tag-europe","12":"tag-faits-de-societe","13":"tag-fr","14":"tag-france","15":"tag-news","16":"tag-nice","17":"tag-provence-alpes-cote-dazur","18":"tag-republique-francaise"},"share_on_mastodon":{"url":"https:\/\/pubeurope.com\/@fr\/114625873402682661","error":""},"_links":{"self":[{"href":"https:\/\/www.europesays.com\/fr\/wp-json\/wp\/v2\/posts\/151747","targetHints":{"allow":["GET"]}}],"collection":[{"href":"https:\/\/www.europesays.com\/fr\/wp-json\/wp\/v2\/posts"}],"about":[{"href":"https:\/\/www.europesays.com\/fr\/wp-json\/wp\/v2\/types\/post"}],"author":[{"embeddable":true,"href":"https:\/\/www.europesays.com\/fr\/wp-json\/wp\/v2\/users\/2"}],"replies":[{"embeddable":true,"href":"https:\/\/www.europesays.com\/fr\/wp-json\/wp\/v2\/comments?post=151747"}],"version-history":[{"count":0,"href":"https:\/\/www.europesays.com\/fr\/wp-json\/wp\/v2\/posts\/151747\/revisions"}],"wp:featuredmedia":[{"embeddable":true,"href":"https:\/\/www.europesays.com\/fr\/wp-json\/wp\/v2\/media\/151748"}],"wp:attachment":[{"href":"https:\/\/www.europesays.com\/fr\/wp-json\/wp\/v2\/media?parent=151747"}],"wp:term":[{"taxonomy":"category","embeddable":true,"href":"https:\/\/www.europesays.com\/fr\/wp-json\/wp\/v2\/categories?post=151747"},{"taxonomy":"post_tag","embeddable":true,"href":"https:\/\/www.europesays.com\/fr\/wp-json\/wp\/v2\/tags?post=151747"}],"curies":[{"name":"wp","href":"https:\/\/api.w.org\/{rel}","templated":true}]}}