{"id":151749,"date":"2025-06-04T15:46:12","date_gmt":"2025-06-04T15:46:12","guid":{"rendered":"https:\/\/www.europesays.com\/fr\/151749\/"},"modified":"2025-06-04T15:46:12","modified_gmt":"2025-06-04T15:46:12","slug":"le-prefet-interdit-les-manifestations-contre-la-nuit-du-bien-commun-qui-recolte-des-dons-pour-des-associations","status":"publish","type":"post","link":"https:\/\/www.europesays.com\/fr\/151749\/","title":{"rendered":"le pr\u00e9fet interdit les manifestations contre La Nuit du Bien Commun qui r\u00e9colte des dons pour des associations"},"content":{"rendered":"<p>Des organisations syndicales et de l\u2019ultra gauche nantaises appellent \u00e0 se mobiliser et perturber cette soir\u00e9e caritative qu\u2019elles jugent r\u00e9actionnaire. Face \u00e0 un risque de troubles \u00e0 l\u2019ordre public, la pr\u00e9fecture a pris un arr\u00eat\u00e9 pour interdire les rassemblements dans un large p\u00e9rim\u00e8tre.<\/p>\n<p class=\"fig-paragraph\">En huit ans,\u00a0<a href=\"http:\/\/www.lefigaro.fr\/actualite-france\/pierre-edouard-sterin-quitte-ses-fonctions-a-la-tete-de-la-nuit-du-bien-commun-20250603\" target=\"_blank\" data-fig-type=\"NewsFlash\" rel=\"noopener\" data-gtm-custom-categorie=\"navigation\" data-gtm-custom-action=\"crossclick\" data-gtm-custom-label=\"Contextuel\" data-gtm-event=\"customEventSPE\" data-fig-domain=\"LEFIGARO\">\u00abLa Nuit du Bien Commun\u00bb<\/a>\u00a0a permis de r\u00e9colter\u00a0<a href=\"https:\/\/www.lefigaro.fr\/social\/nuit-du-bien-commun-plus-d-un-million-d-euros-leves-pour-la-troisieme-edition-20191125\" target=\"_blank\" data-fig-type=\"Article\" rel=\"noopener\" data-gtm-custom-categorie=\"navigation\" data-gtm-custom-action=\"crossclick\" data-gtm-custom-label=\"Contextuel\" data-gtm-event=\"customEventSPE\" data-fig-domain=\"LEFIGARO\">24 millions d\u2019euros<\/a>\u00a0au profit de plus de 480 projets associatifs. Mais depuis quelques mois, cette \u0153uvre caritative, qui organise des galas de charit\u00e9 dans une quinzaine de villes fran\u00e7aises, se retrouve dans le collimateur de la gauche. Alors qu\u2019un \u00e9v\u00e9nement est pr\u00e9vu jeudi soir \u00e0 la Cit\u00e9 des Congr\u00e8s de Nantes, des opposants de l\u2019ultragauche et des organisations syndicales ont appel\u00e9 \u00e0 se mobiliser.<\/p>\n<p class=\"fig-paragraph\">Dans un communiqu\u00e9 adress\u00e9 \u00e0 la presse ce mercredi, la pr\u00e9fecture de Loire-Atlantique annonce l\u2019interdiction de ces manifestations non d\u00e9clar\u00e9es, \u00aben raison des risques av\u00e9r\u00e9s de troubles \u00e0 l\u2019ordre public\u00bb. Dans\u00a0<a href=\"https:\/\/www.loire-atlantique.gouv.fr\/contenu\/telechargement\/67850\/491003\/file\/RAA%20n%C2%B0093%20du%2003%20juin%202025.pdf\" target=\"_blank\" rel=\"noopener\" data-gtm-custom-categorie=\"navigation\" data-gtm-custom-action=\"crossclick\" data-gtm-custom-label=\"Contextuel\" data-gtm-event=\"customEventSPE\">un arr\u00eat\u00e9<\/a>\u00a0publi\u00e9 mardi 3 juin, le pr\u00e9fet Fabrice Rigoulet-Roze a d\u00e9fini un large p\u00e9rim\u00e8tre o\u00f9 tout rassemblement non d\u00e9clar\u00e9 est interdit du jeudi 5 juin \u00e0 15h jusqu\u2019au vendredi 6 juin 8h. Sur cette m\u00eame p\u00e9riode, le transport de carburant, d\u2019artifices, ou d\u2019objets pouvant constituer une arme est proscrit.<\/p>\n<p>\u00abGraves risques\u00bb<\/p>\n<p class=\"fig-paragraph\">\u00abDe graves risques de troubles \u00e0 l\u2019ordre public sont \u00e0 anticiper, notamment \u00e0 l\u2019initiative des militants les plus radicaux, qui pourraient trouver au sein d\u2019une participation cons\u00e9quente, les moyens de mener des actions de d\u00e9gradations ou de prises \u00e0 partie des forces de l\u2019ordre d\u00e9ploy\u00e9es\u00bb, mentionne le document pr\u00e9fectoral. Aussi, \u00ables services sp\u00e9cialis\u00e9s de s\u00e9curit\u00e9 \u00e9valuent les opposants au nombre de 400 \u00e0 800, dont 150 \u00e0 200 militants formant un groupe \u00e0 risque a minima\u00bb, indique le pr\u00e9fet, rappelant que des soir\u00e9es ont d\u00e9j\u00e0 \u00e9t\u00e9 perturb\u00e9es \u00e0 Rennes et Tours.<\/p>\n<p class=\"fig-paragraph\">Les opposants consid\u00e8rent en effet cette \u00abNuit dite du Bien Commun\u00bb comme une \u00aboffensive id\u00e9ologique r\u00e9actionnaire, contraire aux valeurs r\u00e9publicaines et aux principes de justice sociale que nous d\u00e9fendons\u00bb. Ils y voient l\u00e0 l\u2019ombre du milliardaire\u00a0<a href=\"http:\/\/www.lefigaro.fr\/politique\/entrepreneuriat-philanthropie-education-la-galaxie-du-milliardaire-pierre-edouard-sterin-20250418\" target=\"_blank\" data-fig-type=\"Article\" rel=\"noopener\" data-gtm-custom-categorie=\"navigation\" data-gtm-custom-action=\"crossclick\" data-gtm-custom-label=\"Contextuel\" data-gtm-event=\"customEventSPE\" data-fig-domain=\"LEFIGARO\">Pierre-\u00c9douard St\u00e9rin<\/a>, cofondateur de l\u2019\u00e9v\u00e9nement il y a quelques ann\u00e9es qui ne si\u00e8ge d\u00e9sormais plus dans le bureau.<\/p>\n<p class=\"fig-paragraph\">\u00abJe salue l\u2019interdiction de manifester d\u00e9cid\u00e9e par le Pr\u00e9fet\u00a0! Et j\u2019appelle la Gauche et l\u2019Extr\u00eame gauche \u00e0 la respecter\u00bb, a r\u00e9agi\u00a0<a href=\"http:\/\/www.lefigaro.fr\/nantes\/municipales-2026-dans-les-rangs-de-la-droite-nantaise-un-deuxieme-candidat-officiellement-declare-20250428\" target=\"_blank\" data-fig-type=\"NewsFlash\" rel=\"noopener\" data-gtm-custom-categorie=\"navigation\" data-gtm-custom-action=\"crossclick\" data-gtm-custom-label=\"Contextuel\" data-gtm-event=\"customEventSPE\" data-fig-domain=\"LEFIGARO\">Julien Bainvel<\/a>, conseiller municipal de droite \u00e0 Nantes. La pr\u00e9sidente Horizons de la R\u00e9gion des Pays de la Loire\u00a0<a href=\"http:\/\/www.lefigaro.fr\/politique\/christelle-morancais-une-elue-de-droite-en-croisade-contre-la-depense-publique-20241226\" target=\"_blank\" data-fig-type=\"Article\" rel=\"noopener\" data-gtm-custom-categorie=\"navigation\" data-gtm-custom-action=\"crossclick\" data-gtm-custom-label=\"Contextuel\" data-gtm-event=\"customEventSPE\" data-fig-domain=\"LEFIGARO\">Christelle Moran\u00e7ais<\/a>, s\u2019est dite quant \u00e0 elle \u00abr\u00e9volt\u00e9e que des groupuscules d\u2019extr\u00eame gauche, ouvertement relay\u00e9s par des \u00e9lus de la R\u00e9publique, menacent physiquement les participants \u00e0 la Nuit du Bien Commun, qui se tient jeudi \u00e0 Nantes, et qui a d\u00e9j\u00e0 permis d\u2019aider des dizaines d\u2019associations de proximit\u00e9.\u00bb<\/p>\n<p class=\"fig-paragraph\">De son c\u00f4t\u00e9, se pr\u00e9sentant comme apolitique, La Nuit du Bien Commun invite les \u00e9lus de tous bords \u00e0 participer \u00e0 cette soir\u00e9e. Les participants pourront offrir leurs dons \u00e0 huit associations vari\u00e9es, comme Une lettre un sourire qui lutte contre l\u2019isolement des personnes \u00e2g\u00e9es dans les \u00e9tablissements de sant\u00e9, ou encore Permis de Construire 44 qui accompagne \u00e0 la r\u00e9insertion les personnes plac\u00e9es ou pass\u00e9es sous main de Justice.<\/p>\n<p>    Le p\u00e9rim\u00e8tre d\u2019interdiction est\u00a0: au Nord, de la place Ricordeau au boulevard Stalingrad, en passant par le Parvis Neptune, l\u2019all\u00e9e du Port Maillard, le chemin de Langlais, la place Duchesse Anne et l\u2019all\u00e9e du commandant Charcot ; \u00e0 l\u2019Est, du parvis Nord de la gare SNCF au Quai Magellan en passant par le parvis Sud de la gare SNCF et la rue de Cormulier ; au Sud, du Quai Magellan \u00e0 la place Aim\u00e9 Delrue, en passant par le Quai Andr\u00e9 Morice et incluant les ponts Aristide Briand et G\u00e9n\u00e9ral Audibert ; \u00e0 l\u2019Ouest, du pont G\u00e9n\u00e9ral Audibert \u00e0 la place Ricordeau en passant par la place Aim\u00e9 Delrue en passant par le boulevard Jean Monnet.<br \/>\n                Pr\u00e9fecture de Loire-Atlantique<\/p>\n","protected":false},"excerpt":{"rendered":"Des organisations syndicales et de l\u2019ultra gauche nantaises appellent \u00e0 se mobiliser et perturber cette soir\u00e9e caritative qu\u2019elles&hellip;\n","protected":false},"author":2,"featured_media":151750,"comment_status":"","ping_status":"","sticky":false,"template":"","format":"standard","meta":{"footnotes":""},"categories":[2818],"tags":[1111,11,1777,674,462,1011,27,2640,2642,766,2638,2643,2637,2639,2646,2645,2641,2635,2644,2647,12,28118,2636,25],"class_list":{"0":"post-151749","1":"post","2":"type-post","3":"status-publish","4":"format-standard","5":"has-post-thumbnail","7":"category-nantes","8":"tag-actu","9":"tag-actualites","10":"tag-eu","11":"tag-europe","12":"tag-fc-nantes","13":"tag-fr","14":"tag-france","15":"tag-hauts-paves-saint-felix","16":"tag-ile-de-nantes","17":"tag-nantes","18":"tag-nantes-bellevue-chantenay-sainte-anne","19":"tag-nantes-breil-barberie","20":"tag-nantes-centre-ville","21":"tag-nantes-dervallieres-zola","22":"tag-nantes-doulon-bottiere","23":"tag-nantes-erdre","24":"tag-nantes-malakoff-saint-donatien","25":"tag-nantes-metropole","26":"tag-nantes-nord","27":"tag-nantes-sud","28":"tag-news","29":"tag-nuit-du-bien-commun","30":"tag-pays-de-la-loire","31":"tag-republique-francaise"},"share_on_mastodon":{"url":"https:\/\/pubeurope.com\/@fr\/114625877316000587","error":""},"_links":{"self":[{"href":"https:\/\/www.europesays.com\/fr\/wp-json\/wp\/v2\/posts\/151749","targetHints":{"allow":["GET"]}}],"collection":[{"href":"https:\/\/www.europesays.com\/fr\/wp-json\/wp\/v2\/posts"}],"about":[{"href":"https:\/\/www.europesays.com\/fr\/wp-json\/wp\/v2\/types\/post"}],"author":[{"embeddable":true,"href":"https:\/\/www.europesays.com\/fr\/wp-json\/wp\/v2\/users\/2"}],"replies":[{"embeddable":true,"href":"https:\/\/www.europesays.com\/fr\/wp-json\/wp\/v2\/comments?post=151749"}],"version-history":[{"count":0,"href":"https:\/\/www.europesays.com\/fr\/wp-json\/wp\/v2\/posts\/151749\/revisions"}],"wp:featuredmedia":[{"embeddable":true,"href":"https:\/\/www.europesays.com\/fr\/wp-json\/wp\/v2\/media\/151750"}],"wp:attachment":[{"href":"https:\/\/www.europesays.com\/fr\/wp-json\/wp\/v2\/media?parent=151749"}],"wp:term":[{"taxonomy":"category","embeddable":true,"href":"https:\/\/www.europesays.com\/fr\/wp-json\/wp\/v2\/categories?post=151749"},{"taxonomy":"post_tag","embeddable":true,"href":"https:\/\/www.europesays.com\/fr\/wp-json\/wp\/v2\/tags?post=151749"}],"curies":[{"name":"wp","href":"https:\/\/api.w.org\/{rel}","templated":true}]}}