{"id":151755,"date":"2025-06-04T15:49:10","date_gmt":"2025-06-04T15:49:10","guid":{"rendered":"https:\/\/www.europesays.com\/fr\/151755\/"},"modified":"2025-06-04T15:49:10","modified_gmt":"2025-06-04T15:49:10","slug":"les-supporters-des-girondins-de-bordeaux-nen-ont-pas-fini-avec-gerard-lopez","status":"publish","type":"post","link":"https:\/\/www.europesays.com\/fr\/151755\/","title":{"rendered":"Les supporters des Girondins de Bordeaux n&rsquo;en ont pas fini avec G\u00e9rard Lopez"},"content":{"rendered":"<p>            Par<br \/>\n        <strong><br \/>\n            <a href=\"https:\/\/actu.fr\/auteur\/juliette-cardinale\" title=\"Consulter tous les articles de Juliette Cardinale\" target=\"_blank\" rel=\"noopener\">Juliette Cardinale<\/a><br \/>\n        <\/strong><\/p>\n<p>        Publi\u00e9 le<\/p>\n<p>            4 juin 2025 \u00e0 17h32        <\/p>\n<p>C\u2019\u00e9tait un espoir qui s\u2019\u00e9teint pour les supporters des <a href=\"https:\/\/actu.fr\/tag\/girondins-de-bordeaux\" target=\"_blank\" rel=\"noopener\">Girondins de Bordeaux<\/a>. Oliver Khan a <strong>abandonn\u00e9 son projet de reprise<\/strong> du club au scapulaire, ont r\u00e9v\u00e9l\u00e9 nos confr\u00e8res <a href=\"https:\/\/www.sudouest.fr\/sport\/football\/girondins-de-bordeaux\/info-sud-ouest-girondins-de-bordeaux-oliver-kahn-renonce-a-reprendre-le-club-24697908.php\" target=\"_blank\" rel=\"noopener\">de Sud Ouest.<\/a><\/p>\n<p class=\" wall-content\">L\u2019ancien gardien et dirigeant du Bayern Munich avait d\u00e9pos\u00e9 <strong>une offre de reprise<\/strong> aupr\u00e8s du tribunal de commerce de Bordeaux, un jour avant l\u2019audience des Girondins de Bordeaux.<\/p>\n<p>50 millions d\u2019euros ?<\/p>\n<p class=\" wall-content\">Il s\u2019est adress\u00e9 aux administrateurs judiciaires dans un mail pour les informer de sa d\u00e9cision, estimant qu\u2019 \u00ab\u00a0au vu des informations financi\u00e8res, op\u00e9rationnelles et juridiques finalement partag\u00e9es avec nous \u00e0 la fin de la semaine derni\u00e8re, nous avons choisi de ne pas engager les quelques <strong>50 millions d\u2019euros<\/strong> pr\u00e9vus dans notre plan\u00a0\u00bb, rapportent nos confr\u00e8res.<\/p>\n<p class=\" wall-content\">Oliver Kahn a fait part de <strong>sa \u00ab\u00a0grande d\u00e9ception\u00a0\u00bb,<\/strong> avant de remercier les \u00e9lus locaux et les supporters qui avaient accueilli son int\u00e9r\u00eat avec joie. <a href=\"https:\/\/actu.fr\/nouvelle-aquitaine\/bordeaux_33063\/girondins-de-bordeaux-oliver-kahn-potentiel-repreneur-rencontre-le-maire-et-la-presidente-de-la-metropole_62280781.html?fbclid=IwY2xjawKs18pleHRuA2FlbQIxMABicmlkETBRWkl4enR4TEl5WThXMkdOAR4VIVWY1S67hm71FezbEDysqg_JRqqNiejZezxfqLs8b1aBXXnwctu3ElAkTA_aem_UWWK2JJxgi-VsE3R1UWG9Q\" target=\"_blank\" rel=\"noopener\">L\u2019ancien footballer avait \u00e9t\u00e9 re\u00e7u par Pierre Hurmic,<\/a> maire de Bordeaux, et Christine Bost, pr\u00e9sidente de Bordeaux M\u00e9tropole, en f\u00e9vrier dernier.\u00a0<\/p>\n<p class=\" wall-content\">G\u00e9rard Lopez est d\u00e9sormais l\u2019unique option pour <strong>l\u2019avenir du club marine et blanc.<\/strong> Et tant pis pour les supporters qui crient r\u00e9guli\u00e8rement leur col\u00e8re contre l\u2019actuel propri\u00e9taire. La d\u00e9cision du tribunal de commerce est attendue vendredi 13 juin.<\/p>\n<p>Vid\u00e9os : en ce moment sur Actu<\/p>\n<p class=\" wall-content\">Suivez toute l\u2019actualit\u00e9 de vos villes et m\u00e9dias favoris en vous inscrivant \u00e0 <a href=\"https:\/\/moncompte.actu.fr\" title=\"D\u00e9couvez Mon Actu\" rel=\"nofollow noopener\" data-trk=\"{&quot;cta&quot;:{&quot;action&quot;:&quot;https:\\\/\\\/moncompte.actu.fr&quot;,&quot;category&quot;:&quot;mon compte&quot;,&quot;from&quot;:&quot;article footer&quot;,&quot;name&quot;:&quot;Mon actu&quot;,&quot;type&quot;:&quot;cta&quot;}}\" target=\"_blank\">Mon Actu<\/a>.<\/p>\n","protected":false},"excerpt":{"rendered":"Par Juliette Cardinale Publi\u00e9 le 4 juin 2025 \u00e0 17h32 C\u2019\u00e9tait un espoir qui s\u2019\u00e9teint pour les supporters&hellip;\n","protected":false},"author":2,"featured_media":151756,"comment_status":"","ping_status":"","sticky":false,"template":"","format":"standard","meta":{"footnotes":""},"categories":[2817],"tags":[1111,11,1997,1777,674,1011,27,2908,12,2219,25,104],"class_list":{"0":"post-151755","1":"post","2":"type-post","3":"status-publish","4":"format-standard","5":"has-post-thumbnail","7":"category-bordeaux","8":"tag-actu","9":"tag-actualites","10":"tag-bordeaux","11":"tag-eu","12":"tag-europe","13":"tag-fr","14":"tag-france","15":"tag-girondins-de-bordeaux","16":"tag-news","17":"tag-nouvelle-aquitaine","18":"tag-republique-francaise","19":"tag-societe"},"share_on_mastodon":{"url":"https:\/\/pubeurope.com\/@fr\/114625889148223803","error":""},"_links":{"self":[{"href":"https:\/\/www.europesays.com\/fr\/wp-json\/wp\/v2\/posts\/151755","targetHints":{"allow":["GET"]}}],"collection":[{"href":"https:\/\/www.europesays.com\/fr\/wp-json\/wp\/v2\/posts"}],"about":[{"href":"https:\/\/www.europesays.com\/fr\/wp-json\/wp\/v2\/types\/post"}],"author":[{"embeddable":true,"href":"https:\/\/www.europesays.com\/fr\/wp-json\/wp\/v2\/users\/2"}],"replies":[{"embeddable":true,"href":"https:\/\/www.europesays.com\/fr\/wp-json\/wp\/v2\/comments?post=151755"}],"version-history":[{"count":0,"href":"https:\/\/www.europesays.com\/fr\/wp-json\/wp\/v2\/posts\/151755\/revisions"}],"wp:featuredmedia":[{"embeddable":true,"href":"https:\/\/www.europesays.com\/fr\/wp-json\/wp\/v2\/media\/151756"}],"wp:attachment":[{"href":"https:\/\/www.europesays.com\/fr\/wp-json\/wp\/v2\/media?parent=151755"}],"wp:term":[{"taxonomy":"category","embeddable":true,"href":"https:\/\/www.europesays.com\/fr\/wp-json\/wp\/v2\/categories?post=151755"},{"taxonomy":"post_tag","embeddable":true,"href":"https:\/\/www.europesays.com\/fr\/wp-json\/wp\/v2\/tags?post=151755"}],"curies":[{"name":"wp","href":"https:\/\/api.w.org\/{rel}","templated":true}]}}