{"id":151761,"date":"2025-06-04T15:52:11","date_gmt":"2025-06-04T15:52:11","guid":{"rendered":"https:\/\/www.europesays.com\/fr\/151761\/"},"modified":"2025-06-04T15:52:11","modified_gmt":"2025-06-04T15:52:11","slug":"video-le-chanteur-ridsa-a-enflamme-le-centre-westfield-euralille-en-reprenant-tous-ses-tubes","status":"publish","type":"post","link":"https:\/\/www.europesays.com\/fr\/151761\/","title":{"rendered":"VID\u00c9O. Le chanteur Ridsa a enflamm\u00e9 le centre Westfield Euralille en reprenant tous ses tubes"},"content":{"rendered":"<p>            Par<br \/>\n        <strong><br \/>\n            <a href=\"https:\/\/actu.fr\/auteur\/margot-nicodeme\" title=\"Consulter tous les articles de Margot Nicod\u00e8me\" rel=\"nofollow noopener\" target=\"_blank\">Margot Nicod\u00e8me<\/a><br \/>\n        <\/strong><\/p>\n<p>        Publi\u00e9 le<\/p>\n<p>            4 juin 2025 \u00e0 17h29        <\/p>\n<p>Toutes les g\u00e9n\u00e9rations \u00e9taient mass\u00e9es derri\u00e8re les barri\u00e8res et <b>acclamaient leur idole<\/b>, qui a d\u00e9marr\u00e9 son show avec une petite demi-heure de retard. <b>Mais quel show<\/b> ! D\u00e8s 15h, ce mardi 4 juin 2025,<b> Ridsa<\/b>, chanteur de 34 ans, a enflamm\u00e9 la sc\u00e8ne sp\u00e9cialement install\u00e9e au premier niveau du centre commercial Westfield Euralille. Avec une \u00e9nergie communicative, il a interpr\u00e9t\u00e9 le titres de son nouvel album \u00ab\u00a0Verano\u00a0\u00bb et les ind\u00e9modables, qui lui ont permis de s\u2019imposer comme artiste qui compte.\u00a0<\/p>\n<p class=\" wall-content\"><a href=\"https:\/\/www.instagram.com\/p\/DKe6BAdMMc6\/embed\" title=\"Ouvrir le lien sur Instagram\" rel=\"nofollow noopener\" target=\"_blank\">Visualiser le contenu sur Instagram<\/a><\/p>\n<p>Ridsa enflamme le centre commercial Westfield Euralille en interpr\u00e9tant ses plus grands tubes<\/p>\n<p class=\" wall-content\">Ridsa, <a href=\"https:\/\/actu.fr\/hauts-de-france\/lille_59350\/lille-il-a-plus-de-200-millions-decoutes-sur-spotify-cet-artiste-en-concert-gratuit-a-westfield_62700157.html\" rel=\"nofollow noopener\" target=\"_blank\">c\u2019est plus de 220 millions d\u2019\u00e9coutes Spotify<\/a> et des chansons qui cumulent le plus fr\u00e9quemment des dizaines de millions de vues sur YouTube. Avec une carri\u00e8re longue de 10 ans aujourd\u2019hui, la popularit\u00e9 de l\u2019artiste originaire d\u2019Orl\u00e9ans est rest\u00e9e intacte. Pour preuve, les spectateurs \u00e0 Westfield qui entonnaient, toutes g\u00e9n\u00e9rations confondues, ses paroles \u00e0 tue-t\u00eate.\u00a0<\/p>\n<p>    <img   decoding=\"async\" loading=\"lazy\" class=\"size-large\" src=\"https:\/\/www.europesays.com\/fr\/wp-content\/uploads\/2025\/06\/413d86f460486c53d86f460480a3d8v-960x640.jpg\" alt=\"Il a interpr\u00e9t\u00e9 ses tubes \" l=\"\" c=\"\" die=\"\" deux=\"\" maria=\"\" et=\"\" bien=\"\" d=\"\" devant=\"\" un=\"\" public=\"\" conquis.=\"\" width=\"960\" height=\"640\"\/><br \/>\n    Il a interpr\u00e9t\u00e9 ses tubes \u00ab\u00a0L\u00e0 c\u2019est die\u00a0\u00bb, \u00ab\u00a0Pardon\u00a0\u00bb, \u00ab\u00a0Nous deux\u00a0\u00bb, \u00ab\u00a0Santa Maria\u00a0\u00bb et bien d\u2019autres, devant un public conquis. \u00a9Margot Nicod\u00e8me<\/p>\n<p class=\" wall-content\">\u00ab\u00a0L\u00e0 c\u2019est die\u00a0\u00bb, \u00ab\u00a0Pardon\u00a0\u00bb, \u00ab\u00a0Nous deux\u00a0\u00bb, \u00ab\u00a0Santa Maria\u00a0\u00bb, \u00ab\u00a0Me Enamore\u00a0\u00bb\u2026 Ridsa a interpr\u00e9t\u00e9 une dizaine de ses tubes, avant de s\u2019adonner \u00e0 la traditionnelle s\u00e9ance de d\u00e9dicaces. En venant \u00e0 Lille, le chanteur confirme la volont\u00e9 de Westfield Euralille <a href=\"https:\/\/actu.fr\/hauts-de-france\/lille_59350\/westfield-euralille-en-tres-bonne-sante-financiere-avec-pres-dun-million-de-visiteurs-gagnes-en-2024_62330102.html\" rel=\"nofollow noopener\" target=\"_blank\">d\u2019agrandir toujours plus son attractivit\u00e9<\/a>.\u00a0<\/p>\n<p>    <img   decoding=\"async\" loading=\"lazy\" class=\"size-large\" src=\"https:\/\/www.europesays.com\/fr\/wp-content\/uploads\/2025\/06\/916d96f460486956d96f46048696d9v-960x640.jpg\" alt=\"Malgr\u00e9 la demi-heure de retard avec la mont\u00e9e sur sc\u00e8ne, le public, multig\u00e9n\u00e9rationnel, n'a pas \u00e9t\u00e9 d\u00e9\u00e7u. C'est un show \u00e0 la hauteur qu'a livr\u00e9 le chanteur de 34 ans.\" width=\"960\" height=\"640\"\/><br \/>\n    Malgr\u00e9 la demi-heure de retard avec la mont\u00e9e sur sc\u00e8ne, le public, multig\u00e9n\u00e9rationnel, n\u2019a pas \u00e9t\u00e9 d\u00e9\u00e7u. C\u2019est un show \u00e0 la hauteur qu\u2019a livr\u00e9 le chanteur de 34 ans. \u00a9Margot Nicod\u00e8meVid\u00e9os : en ce moment sur Actu<\/p>\n<p class=\" wall-content\">Apr\u00e8s <a href=\"https:\/\/actu.fr\/hauts-de-france\/lille_59350\/pierre-garnier-fait-deplacer-les-foules-au-centre-westfield-euralille-ce-jeudi-apres-midi_60906435.html\" rel=\"nofollow noopener\" target=\"_blank\">Pierre Garnier<\/a>, <a href=\"https:\/\/actu.fr\/hauts-de-france\/lille_59350\/pierre-garnier-et-kyo-deux-rencontres-gratuites-organisees-a-westfield-euralille_60873041.html\" rel=\"nofollow noopener\" target=\"_blank\">Kyo<\/a>, <a href=\"https:\/\/actu.fr\/hauts-de-france\/lille_59350\/lille-marine-la-gagnante-de-la-star-academy-attire-une-foule-immense-chez-westfield-euralille_62405083.html\" rel=\"nofollow noopener\" target=\"_blank\">Marine<\/a> et Ridsa, la question nous br\u00fble les l\u00e8vres : qui sera le prochain ? On sera en tout cas (encore) au rendez-vous.<\/p>\n<p class=\" wall-content\">Suivez toute l\u2019actualit\u00e9 de vos villes et m\u00e9dias favoris en vous inscrivant \u00e0 <a href=\"https:\/\/moncompte.actu.fr\" title=\"D\u00e9couvez Mon Actu\" rel=\"nofollow noopener\" data-trk=\"{&quot;cta&quot;:{&quot;action&quot;:&quot;https:\\\/\\\/moncompte.actu.fr&quot;,&quot;category&quot;:&quot;mon compte&quot;,&quot;from&quot;:&quot;article footer&quot;,&quot;name&quot;:&quot;Mon actu&quot;,&quot;type&quot;:&quot;cta&quot;}}\" target=\"_blank\">Mon Actu<\/a>.<\/p>\n<p>                    <script async src=\"\/\/www.instagram.com\/embed.js\"><\/script><\/p>\n","protected":false},"excerpt":{"rendered":"Par Margot Nicod\u00e8me Publi\u00e9 le 4 juin 2025 \u00e0 17h29 Toutes les g\u00e9n\u00e9rations \u00e9taient mass\u00e9es derri\u00e8re les barri\u00e8res&hellip;\n","protected":false},"author":2,"featured_media":151762,"comment_status":"","ping_status":"","sticky":false,"template":"","format":"standard","meta":{"footnotes":""},"categories":[2815],"tags":[1111,11,1697,1777,674,3696,1011,27,811,1307,12,25],"class_list":{"0":"post-151761","1":"post","2":"type-post","3":"status-publish","4":"format-standard","5":"has-post-thumbnail","7":"category-lille","8":"tag-actu","9":"tag-actualites","10":"tag-concert","11":"tag-eu","12":"tag-europe","13":"tag-evenements","14":"tag-fr","15":"tag-france","16":"tag-hauts-de-france","17":"tag-lille","18":"tag-news","19":"tag-republique-francaise"},"share_on_mastodon":{"url":"https:\/\/pubeurope.com\/@fr\/114625901390613408","error":""},"_links":{"self":[{"href":"https:\/\/www.europesays.com\/fr\/wp-json\/wp\/v2\/posts\/151761","targetHints":{"allow":["GET"]}}],"collection":[{"href":"https:\/\/www.europesays.com\/fr\/wp-json\/wp\/v2\/posts"}],"about":[{"href":"https:\/\/www.europesays.com\/fr\/wp-json\/wp\/v2\/types\/post"}],"author":[{"embeddable":true,"href":"https:\/\/www.europesays.com\/fr\/wp-json\/wp\/v2\/users\/2"}],"replies":[{"embeddable":true,"href":"https:\/\/www.europesays.com\/fr\/wp-json\/wp\/v2\/comments?post=151761"}],"version-history":[{"count":0,"href":"https:\/\/www.europesays.com\/fr\/wp-json\/wp\/v2\/posts\/151761\/revisions"}],"wp:featuredmedia":[{"embeddable":true,"href":"https:\/\/www.europesays.com\/fr\/wp-json\/wp\/v2\/media\/151762"}],"wp:attachment":[{"href":"https:\/\/www.europesays.com\/fr\/wp-json\/wp\/v2\/media?parent=151761"}],"wp:term":[{"taxonomy":"category","embeddable":true,"href":"https:\/\/www.europesays.com\/fr\/wp-json\/wp\/v2\/categories?post=151761"},{"taxonomy":"post_tag","embeddable":true,"href":"https:\/\/www.europesays.com\/fr\/wp-json\/wp\/v2\/tags?post=151761"}],"curies":[{"name":"wp","href":"https:\/\/api.w.org\/{rel}","templated":true}]}}