{"id":151763,"date":"2025-06-04T15:53:10","date_gmt":"2025-06-04T15:53:10","guid":{"rendered":"https:\/\/www.europesays.com\/fr\/151763\/"},"modified":"2025-06-04T15:53:10","modified_gmt":"2025-06-04T15:53:10","slug":"lille-oujda-20-ans-dune-cooperation-precieuse-actualites","status":"publish","type":"post","link":"https:\/\/www.europesays.com\/fr\/151763\/","title":{"rendered":"Lille Oujda : 20 ans d&rsquo;une coop\u00e9ration pr\u00e9cieuse \/ Actualit\u00e9s"},"content":{"rendered":"<p>L\u2019amiti\u00e9, de longue date, entre Lille et Oujda, ne s\u2019est jamais d\u00e9mentie. <strong>Favoris\u00e9e par la pr\u00e9sence et l\u2019implication active d\u2019une importante communaut\u00e9 marocaine<\/strong>, et notamment oujdie, sur le territoire lillois, la coop\u00e9ration entre les deux villes a \u00e9t\u00e9 officialis\u00e9e par la signature d\u2019un jumelage en 2005.<\/p>\n<p>Cette ann\u00e9e marque donc un anniversaire, occasion de faire la <a href=\"https:\/\/www.lille.fr\/Evenements\/La-Fiesta-Lille-Oujda2\" target=\"_blank\" class=\"lien_interne\" rel=\"nofollow noopener\">f\u00eate<\/a>, bien s\u00fbr. Et de rappeler <strong>quelques projets sur lesquels Lille et Oujda travaillent ensemble<\/strong>, \u00e0 la fois via les instances politiques et les soci\u00e9t\u00e9s civiles.\u00a0<\/p>\n<p>Dialogue culturel<\/p>\n<p>Les \u00e9changes culturels sont un moteur de cette collaboration. <strong>Des artistes des deux villes associent r\u00e9guli\u00e8rement leurs talents<\/strong> et partagent des moments festifs avec les habitants.<\/p>\n<p>C\u2019est le cas, par exemple, avec le collectif Tzouri et le collectif Renart. Depuis plus de dix ans, ils se retrouvent <strong>autour de l\u2019art urbain et du graffiti,<\/strong> cr\u00e9ant un dialogue entre la place de Lille, \u00e0 Oujda, et la place d\u2019Oujda, \u00e0 Lille (lire aussi ci-dessous).<\/p>\n<p>Pour l&rsquo;avenir<\/p>\n<p>Les deux villes jumelles coop\u00e8rent aussi sur <strong>l\u2019am\u00e9lioration de l\u2019efficacit\u00e9 \u00e9nerg\u00e9tique<\/strong> des b\u00e2timents et le recours aux \u00e9nergies renouvelables.<\/p>\n<p>Derni\u00e8rement, le projet \u00ab\u00a0Mostakbalouna, qui signifie notre avenir, a d\u00e9but\u00e9. Jusqu\u2019en 2028, il se d\u00e9cline autour d\u2019\u00e9changes de <strong>bonnes pratiques pour s\u2019adapter au changement climatique<\/strong>, de la r\u00e9novation d\u2019un b\u00e2timent d\u00e9monstrateur \u00e0 Oujda, d\u2019actions de sensibilisation ou d\u2019\u00e9changes universitaires.\u00a0<\/p>\n<p>Projets de jeunes<\/p>\n<p>La <strong>mobilit\u00e9 des jeunes<\/strong> est \u00e9galement au c\u0153ur de cette coop\u00e9ration.<\/p>\n<p>Depuis 20 ans, des \u00e9changes de volontaires, des chantiers de solidarit\u00e9 internationale, des rencontres sportives, des liens entre les universit\u00e9s et les \u00e9coles permettent de d\u00e9velopper des projets dans des domaines vari\u00e9s,\u00a0\u00a0tels que la gastronomie, l\u2019urbanisme, la participation citoyenne ou encore l\u2019\u00e9conomie sociale et solidaire.<\/p>\n<p>Par V.P.<\/p>\n<p><strong>La musique en partage<\/strong><\/p>\n<p>Pour c\u00e9l\u00e9brer le 20e\u00a0anniversaire, un <a href=\"https:\/\/www.lille.fr\/Evenements\/La-Fiesta-Lille-Oujda\" target=\"_blank\" class=\"lien_interne\" rel=\"nofollow noopener\">concert symphonique<\/a> r\u00e9unit l\u2019orchestre Lalo du Conservatoire de Lille et Snitra, un groupe de rock oujdi.<\/p>\n<p>\u00ab\u00a0Tout cela s\u2019est pr\u00e9par\u00e9 pendant plusieurs mois, \u00e0 distance, gr\u00e2ce \u00e0 la technologie moderne, <strong>c\u2019est pour nous une grande premi\u00e8re, une incroyable exp\u00e9rience<\/strong>\u00a0\u00bb, r\u00e9sume Mohammed Hayouni. Le guitariste de Snitra explique : \u00ab\u00a0sur plusieurs de nos chansons, l\u2019orchestrateur a ajout\u00e9 les sons des musiciens du conservatoire et \u00e9laborer des mixages pour r\u00e9unir m\u00e9lodies populaires, musique traditionnelle et instruments \u00e9lectrifi\u00e9s\u00a0\u00bb.<\/p>\n<p><strong>Deux chanteuses et six musiciens de Snitra et une soixantaine d\u2019instrumentistes amateurs lillois vont donc se retrouver sur sc\u00e8ne<\/strong>, d\u2019abord pour quatre r\u00e9p\u00e9titions grandeur nature, puis pour le spectacle du 14 juin. Si ce concert est in\u00e9dit, certains membres de Snitra ont d\u00e9j\u00e0 partag\u00e9 d\u2019autres cr\u00e9ations avec des artistes lillois.<\/p>\n<p>Avec les collectifs <a href=\"https:\/\/www.facebook.com\/Collectif.Tzouri\/?locale=fr_FR\" target=\"_blank\" class=\"lien_interne\" rel=\"nofollow noopener\">Tzouri<\/a> et <a href=\"https:\/\/collectif-renart.com\" target=\"_self\" class=\"lien_interne\" rel=\"nofollow noopener\">Renar<\/a>t, par exemple, ils\u00a0ont particip\u00e9 \u00e0 la r\u00e9alisation d\u2019un \u00ab\u00a0tzourigraff\u00a0\u00bb, \u0153uvre visuelle et sonore harmonisant des sons d\u2019instruments orientaux traditionnels et des sons de musique \u00e9lectro et hip-hop, d\u00e9clench\u00e9s au toucher des visiteurs.<\/p>\n<p>Par V.P.<\/p>\n","protected":false},"excerpt":{"rendered":"L\u2019amiti\u00e9, de longue date, entre Lille et Oujda, ne s\u2019est jamais d\u00e9mentie. Favoris\u00e9e par la pr\u00e9sence et l\u2019implication&hellip;\n","protected":false},"author":2,"featured_media":151764,"comment_status":"","ping_status":"","sticky":false,"template":"","format":"standard","meta":{"footnotes":""},"categories":[2815],"tags":[1111,11,4763,1777,674,1011,27,811,1307,5415,12,25],"class_list":{"0":"post-151763","1":"post","2":"type-post","3":"status-publish","4":"format-standard","5":"has-post-thumbnail","7":"category-lille","8":"tag-actu","9":"tag-actualites","10":"tag-agenda","11":"tag-eu","12":"tag-europe","13":"tag-fr","14":"tag-france","15":"tag-hauts-de-france","16":"tag-lille","17":"tag-mairie","18":"tag-news","19":"tag-republique-francaise"},"share_on_mastodon":{"url":"https:\/\/pubeurope.com\/@fr\/114625904931270967","error":""},"_links":{"self":[{"href":"https:\/\/www.europesays.com\/fr\/wp-json\/wp\/v2\/posts\/151763","targetHints":{"allow":["GET"]}}],"collection":[{"href":"https:\/\/www.europesays.com\/fr\/wp-json\/wp\/v2\/posts"}],"about":[{"href":"https:\/\/www.europesays.com\/fr\/wp-json\/wp\/v2\/types\/post"}],"author":[{"embeddable":true,"href":"https:\/\/www.europesays.com\/fr\/wp-json\/wp\/v2\/users\/2"}],"replies":[{"embeddable":true,"href":"https:\/\/www.europesays.com\/fr\/wp-json\/wp\/v2\/comments?post=151763"}],"version-history":[{"count":0,"href":"https:\/\/www.europesays.com\/fr\/wp-json\/wp\/v2\/posts\/151763\/revisions"}],"wp:featuredmedia":[{"embeddable":true,"href":"https:\/\/www.europesays.com\/fr\/wp-json\/wp\/v2\/media\/151764"}],"wp:attachment":[{"href":"https:\/\/www.europesays.com\/fr\/wp-json\/wp\/v2\/media?parent=151763"}],"wp:term":[{"taxonomy":"category","embeddable":true,"href":"https:\/\/www.europesays.com\/fr\/wp-json\/wp\/v2\/categories?post=151763"},{"taxonomy":"post_tag","embeddable":true,"href":"https:\/\/www.europesays.com\/fr\/wp-json\/wp\/v2\/tags?post=151763"}],"curies":[{"name":"wp","href":"https:\/\/api.w.org\/{rel}","templated":true}]}}