{"id":151771,"date":"2025-06-04T15:57:08","date_gmt":"2025-06-04T15:57:08","guid":{"rendered":"https:\/\/www.europesays.com\/fr\/151771\/"},"modified":"2025-06-04T15:57:08","modified_gmt":"2025-06-04T15:57:08","slug":"lyon-alerte-rouge-a-la-fraude-sur-le-reseau-tcl-va-sevir-avec-de-nouvelles-mesures","status":"publish","type":"post","link":"https:\/\/www.europesays.com\/fr\/151771\/","title":{"rendered":"Lyon. Alerte rouge \u00e0 la fraude sur le r\u00e9seau, TCL va s\u00e9vir avec de nouvelles mesures"},"content":{"rendered":"<p>            Par<br \/>\n        <strong><br \/>\n            <a href=\"https:\/\/actu.fr\/auteur\/nicolas-zaugra\" title=\"Consulter tous les articles de Nicolas Zaugra\" target=\"_blank\" rel=\"noopener\">Nicolas Zaugra<\/a><br \/>\n        <\/strong><\/p>\n<p>        Publi\u00e9 le<\/p>\n<p>            4 juin 2025 \u00e0 17h29        <\/p>\n<p>Il y a trop de fraudes sur le <a href=\"https:\/\/actu.fr\/tag\/transports-en-commun-lyonnais-tcl\" target=\"_blank\" rel=\"noopener\">r\u00e9seau TCL<\/a> dans la m\u00e9tropole de <a href=\"https:\/\/actu.fr\/auvergne-rhone-alpes\/lyon_69123\" target=\"_blank\" rel=\"noopener\">Lyon<\/a>. Apr\u00e8s le Sytral lui-m\u00eame qui a r\u00e9cemment <a href=\"https:\/\/actu.fr\/auvergne-rhone-alpes\/lyon_69123\/lyon-il-y-en-a-encore-trop-comment-le-reseau-tcl-declare-la-guerre-aux-fraudeurs_62153236.html\" target=\"_blank\" rel=\"noopener\">demand\u00e9 plus de contr\u00f4les<\/a> dans les m\u00e9tros, bus et tramways, c\u2019est un <a href=\"https:\/\/www.ccomptes.fr\/fr\/publications\/sytral-mobilites-le-financement-des-transports-collectifs-urbains-et-le-service-rendu\" target=\"_blank\" rel=\"noopener\">rapport de la Chambre r\u00e9gionale des comptes<\/a> publi\u00e9 ce mercredi 4\u00a0juin 2025 qui tire la sonnette d\u2019alarme.<\/p>\n<p class=\" wall-content\">Le rapport pointe l\u2019<strong>inefficacit\u00e9 de la lutte contre la fraude aux TCL<\/strong> et son co\u00fbt qui est important. Le manque \u00e0 gagner pour les recettes de Sytral Mobilit\u00e9s et le financement du fonctionnement et de l\u2019investissement des transports en commun est trop important. Le pr\u00e9sident \u00e9cologiste du Grand Lyon et du Sytral <a href=\"https:\/\/actu.fr\/auvergne-rhone-alpes\/villeurbanne_69266\/lyon-bruno-bernard-le-president-de-la-metropole-vise-a-son-domicile-par-un-groupuscule_62559113.html\" target=\"_blank\" rel=\"noopener\">Bruno Bernard<\/a> annonce \u00e0 actu Lyon ce mercredi le lancement prochain d\u2019un grand plan contre la fraude.<\/p>\n<p>35\u00a0millions d\u2019euros de manque \u00e0 gagner<\/p>\n<p class=\" wall-content\">La Chambre r\u00e9gionale des comptes regrette un manque \u00e0 gagner important \u00e0 cause de la fraude. \u00ab\u2009Le manque \u00e0 gagner li\u00e9 \u00e0 la fraude globale du r\u00e9seau s\u2019\u00e9value en 2023 \u00e0 pr\u00e8s de 35\u00a0millions d\u2019euros [\u2026] les objectifs volontaristes d\u2019am\u00e9lioration des r\u00e9sultats en mati\u00e8re de lutte contre la fraude n\u2019ont pas \u00e9t\u00e9 atteints, en d\u00e9pit de premiers r\u00e9sultats encourageants\u2009\u00bb, peut-on lire dans la synth\u00e8se du rapport.<\/p>\n<blockquote class=\"ac-article-quote wall-content\">\n<p>Plus d\u2019une personne sur dix voyageait encore en 2023 au sein du r\u00e9seau TCL en situation de fraude.<\/p>\n<p>    <strong>Chambre r\u00e9gionale des Comptes<\/strong>\n            <\/p><\/blockquote>\n<p>Les amendes pas assez pay\u00e9es<\/p>\n<p class=\" wall-content\">\u00ab\u2009La nette diminution de l\u2019activit\u00e9 de contr\u00f4le de l\u2019exploitant a conduit \u00e0 une forte r\u00e9duction du produit des amendes, leur taux de recouvrement qui atteignait seulement 36,4\u2009% en 2023 pouvant \u00e9galement \u00eatre am\u00e9lior\u00e9\u2009\u00bb, d\u00e9plore la Chambre. L\u2019objectif \u00e9tant de 43\u2009% de recouvrement des PV.<\/p>\n<p class=\" wall-content\">Sytral \u00ab\u2009a pr\u00e9vu de nouvelles dispositions dans le domaine de la lutte contre la fraude dans ses nouveaux contrats applicables au 1er\u00a0janvier 2025\u2009\u00bb, note le rapport.<\/p>\n<p class=\" wall-content\">En effet depuis janvier, la <strong>RATP et Keolis<\/strong> qui exploitent d\u00e9sormais le r\u00e9seau en deux morceaux ont une pression suppl\u00e9mentaire\u2009: r\u00e9duire le taux de fraude avec des incitations ou p\u00e9nalit\u00e9s financi\u00e8res dans leurs contrats avec le Sytral.<\/p>\n<p class=\" wall-content\">Ce sont les bus TCL qui sont les plus touch\u00e9s par la fraude avec 17,2\u2009%, 12,40\u2009% pour le tramway et 6,6\u2009% dans le m\u00e9tro.<\/p>\n<p>Un \u00ab\u2009grand plan contre la fraude\u2009\u00bb lanc\u00e9 d\u2019ici l\u2019\u00e9t\u00e9 2025<\/p>\n<p class=\" wall-content\">Bruno Bernard a annonc\u00e9 \u00e0 actu Lyon ce mercredi, lors d\u2019une interview, qu\u2019un \u00ab\u2009grand plan\u2009\u00bb contre la fraude sera lanc\u00e9 d\u2019ici l\u2019\u00e9t\u00e9.<\/p>\n<blockquote class=\"ac-article-quote wall-content\">\n<p>Aujourd&rsquo;hui il y a plus de contr\u00f4les sur le r\u00e9seau TCL qu&rsquo;il y a six mois et on va encore aller plus loin. Nous allons annoncer un plan de lutte contre la fraude avant l&rsquo;\u00e9t\u00e9, dans quelques semaines avec un ensemble de mesures. Nous avons d\u00e9j\u00e0 fait un certain nombre de choses mais nous allons \u00eatre plus complets avec de la communication. <\/p>\n<p>    <strong>Bruno Bernard<\/strong>\n            <\/p><\/blockquote>\n<p class=\" wall-content\">\u00ab\u2009Nous avons deux points faibles\u2009: la lutte contre la fraude et l\u2019information voyageur en cas d\u2019incident\u2009\u00bb, compl\u00e8te Bruno Bernard.<\/p>\n<p class=\" wall-content\">L\u2019\u00e9lu n\u2019exclut pas une <a href=\"https:\/\/actu.fr\/ile-de-france\/paris_75056\/pour-lutter-contre-la-fraude-dans-les-transports-la-ratp-augmente-le-tarif-des-amendes_62677366.html\" target=\"_blank\" rel=\"noopener\">hausse du prix des amendes comme l\u2019a annonc\u00e9 r\u00e9cemment la RATP<\/a> pour le r\u00e9seau de transports \u00e0 Paris et en Ile-de-France.<\/p>\n<p class=\" wall-content\">Suivez toute l\u2019actualit\u00e9 de vos villes et m\u00e9dias favoris en vous inscrivant \u00e0 <a href=\"https:\/\/moncompte.actu.fr\" title=\"D\u00e9couvez Mon Actu\" rel=\"nofollow noopener\" data-trk=\"{&quot;cta&quot;:{&quot;action&quot;:&quot;https:\\\/\\\/moncompte.actu.fr&quot;,&quot;category&quot;:&quot;mon compte&quot;,&quot;from&quot;:&quot;article footer&quot;,&quot;name&quot;:&quot;Mon actu&quot;,&quot;type&quot;:&quot;cta&quot;}}\" target=\"_blank\">Mon Actu<\/a>.<\/p>\n","protected":false},"excerpt":{"rendered":"Par Nicolas Zaugra Publi\u00e9 le 4 juin 2025 \u00e0 17h29 Il y a trop de fraudes sur le&hellip;\n","protected":false},"author":2,"featured_media":151772,"comment_status":"","ping_status":"","sticky":false,"template":"","format":"standard","meta":{"footnotes":""},"categories":[1889],"tags":[1111,11,2430,1777,674,1011,27,2428,4047,12,625,25,104,5787],"class_list":{"0":"post-151771","1":"post","2":"type-post","3":"status-publish","4":"format-standard","5":"has-post-thumbnail","7":"category-lyon","8":"tag-actu","9":"tag-actualites","10":"tag-auvergne-rhone-alpes","11":"tag-eu","12":"tag-europe","13":"tag-fr","14":"tag-france","15":"tag-lyon","16":"tag-metro","17":"tag-news","18":"tag-ratp","19":"tag-republique-francaise","20":"tag-societe","21":"tag-transports-en-commun-lyonnais-tcl"},"share_on_mastodon":{"url":"https:\/\/pubeurope.com\/@fr\/114625920697181539","error":""},"_links":{"self":[{"href":"https:\/\/www.europesays.com\/fr\/wp-json\/wp\/v2\/posts\/151771","targetHints":{"allow":["GET"]}}],"collection":[{"href":"https:\/\/www.europesays.com\/fr\/wp-json\/wp\/v2\/posts"}],"about":[{"href":"https:\/\/www.europesays.com\/fr\/wp-json\/wp\/v2\/types\/post"}],"author":[{"embeddable":true,"href":"https:\/\/www.europesays.com\/fr\/wp-json\/wp\/v2\/users\/2"}],"replies":[{"embeddable":true,"href":"https:\/\/www.europesays.com\/fr\/wp-json\/wp\/v2\/comments?post=151771"}],"version-history":[{"count":0,"href":"https:\/\/www.europesays.com\/fr\/wp-json\/wp\/v2\/posts\/151771\/revisions"}],"wp:featuredmedia":[{"embeddable":true,"href":"https:\/\/www.europesays.com\/fr\/wp-json\/wp\/v2\/media\/151772"}],"wp:attachment":[{"href":"https:\/\/www.europesays.com\/fr\/wp-json\/wp\/v2\/media?parent=151771"}],"wp:term":[{"taxonomy":"category","embeddable":true,"href":"https:\/\/www.europesays.com\/fr\/wp-json\/wp\/v2\/categories?post=151771"},{"taxonomy":"post_tag","embeddable":true,"href":"https:\/\/www.europesays.com\/fr\/wp-json\/wp\/v2\/tags?post=151771"}],"curies":[{"name":"wp","href":"https:\/\/api.w.org\/{rel}","templated":true}]}}