{"id":151789,"date":"2025-06-04T16:06:10","date_gmt":"2025-06-04T16:06:10","guid":{"rendered":"https:\/\/www.europesays.com\/fr\/151789\/"},"modified":"2025-06-04T16:06:10","modified_gmt":"2025-06-04T16:06:10","slug":"les-etats-unis-vont-ils-rester-dans-locde-son-patron-se-dit-confiant","status":"publish","type":"post","link":"https:\/\/www.europesays.com\/fr\/151789\/","title":{"rendered":"Les \u00c9tats-Unis vont-ils rester dans l&rsquo;OCDE ? Son patron se dit \u00abconfiant\u00bb"},"content":{"rendered":"<p class=\"fig-paragraph\">Le secr\u00e9taire g\u00e9n\u00e9ral de l&rsquo;<a href=\"http:\/\/www.lefigaro.fr\/flash-eco\/relocaliser-les-chaines-de-production-peut-couter-cher-aux-pays-developpes-avertit-l-ocde-20250602\" data-fig-type=\"NewsFlash\" data-gtm-custom-categorie=\"navigation\" data-gtm-custom-action=\"crossclick\" data-gtm-custom-label=\"Contextuel\" data-gtm-event=\"customEventSPE\" data-fig-domain=\"LEFIGARO\" target=\"_blank\" rel=\"noopener\">OCDE<\/a>\u00a0s&rsquo;est dit \u00abconfiant\u00bb mercredi sur le fait que les \u00c9tats-Unis maintiendront leur d\u00e9l\u00e9gation et leurs financements \u00e0 l&rsquo;institution parisienne, au moment o\u00f9 Washington r\u00e9\u00e9value l&rsquo;ensemble de ses engagements au sein des organisations internationales. \u00abNous sommes tr\u00e8s confiants sur la base de nos interactions avec l&rsquo;administration am\u00e9ricaine jusqu&rsquo;\u00e0 pr\u00e9sent\u00bb, a r\u00e9pondu Mathias Cormann, interrog\u00e9 au cours d&rsquo;une conf\u00e9rence de presse sur un potentiel retrait des \u00c9tats-Unis de l&rsquo;Organisation de coop\u00e9ration et de d\u00e9veloppement \u00e9conomiques qui rassemble 38 pays d\u00e9velopp\u00e9s et distille des conseils en mati\u00e8re de politiques publiques.<\/p>\n<p class=\"fig-paragraph\">D\u00e9but f\u00e9vrier, les \u00c9tats-Unis ont annonc\u00e9 leur intention de passer en revue l&rsquo;ensemble de leurs partenariats internationaux, et d\u00e9cider potentiellement apr\u00e8s 180 jours d&rsquo;examen d&rsquo;imposer des r\u00e9formes \u00e0 ces organisations ou de s&rsquo;en retirer unilat\u00e9ralement. \u00abChaque gouvernement d\u00e9mocratiquement \u00e9lu, dans n&rsquo;importe quel pays membre, a le droit d&rsquo;\u00e9valuer ses priorit\u00e9s en termes d&rsquo;engagement avec certaines organisations internationales et nous sommes bien s\u00fbr tr\u00e8s conscients de cet examen\u00bb, a indiqu\u00e9 Mathias Cormann mercredi, alors que l&rsquo;institution a termin\u00e9 deux jours d&rsquo;une r\u00e9union minist\u00e9rielle. Selon lui, \u00abil y a de grands domaines de coop\u00e9ration\u00bb entre les \u00c9tats-Unis et l&rsquo;OCDE.<\/p>\n<p class=\"fig-paragraph\">Toutefois, a-t-il poursuivi, \u00absi un membre a ses opinions sur la mani\u00e8re d&rsquo;am\u00e9liorer le travail de l&rsquo;OCDE, ce n&rsquo;est pas \u00e0 lui seul de s&rsquo;engager bilat\u00e9ralement avec l&rsquo;OCDE, c&rsquo;est \u00e0 tous les membres de le faire\u00bb. \u00abEt bien s\u00fbr, cela impliquerait une conversation dans laquelle les 38 membres de l&rsquo;OCDE et de l&rsquo;Union europ\u00e9enne auraient l&rsquo;occasion d&rsquo;exprimer leurs points de vue\u00bb, a-t-il \u00e9galement indiqu\u00e9.<\/p>\n","protected":false},"excerpt":{"rendered":"Le secr\u00e9taire g\u00e9n\u00e9ral de l&rsquo;OCDE\u00a0s&rsquo;est dit \u00abconfiant\u00bb mercredi sur le fait que les \u00c9tats-Unis maintiendront leur d\u00e9l\u00e9gation et&hellip;\n","protected":false},"author":2,"featured_media":151790,"comment_status":"","ping_status":"","sticky":false,"template":"","format":"standard","meta":{"footnotes":""},"categories":[1589],"tags":[1111,47,11,1117,1109,1112,636,341,257,73,1866,632,1108,107,1106,1107,1119,1116,1110,1114,500,12,1113,27745,1118,137,401,1115,1864,1865,1863,308],"class_list":{"0":"post-151789","1":"post","2":"type-post","3":"status-publish","4":"format-standard","5":"has-post-thumbnail","7":"category-etats-unis","8":"tag-actu","9":"tag-actualite","10":"tag-actualites","11":"tag-assurance","12":"tag-breves","13":"tag-depeches","14":"tag-devises","15":"tag-emploi","16":"tag-entreprise","17":"tag-etats-unis","18":"tag-etats-unis-damerique","19":"tag-fcp","20":"tag-fil","21":"tag-fil-info","22":"tag-flash","23":"tag-flash-actu","24":"tag-formation","25":"tag-immobilier","26":"tag-informations","27":"tag-infos","28":"tag-medias","29":"tag-news","30":"tag-nouvelles","31":"tag-ocde","32":"tag-placement","33":"tag-retraite","34":"tag-sicav","35":"tag-taux","36":"tag-united-states","37":"tag-united-states-of-america","38":"tag-us","39":"tag-usa"},"share_on_mastodon":{"url":"https:\/\/pubeurope.com\/@fr\/114625955980155615","error":""},"_links":{"self":[{"href":"https:\/\/www.europesays.com\/fr\/wp-json\/wp\/v2\/posts\/151789","targetHints":{"allow":["GET"]}}],"collection":[{"href":"https:\/\/www.europesays.com\/fr\/wp-json\/wp\/v2\/posts"}],"about":[{"href":"https:\/\/www.europesays.com\/fr\/wp-json\/wp\/v2\/types\/post"}],"author":[{"embeddable":true,"href":"https:\/\/www.europesays.com\/fr\/wp-json\/wp\/v2\/users\/2"}],"replies":[{"embeddable":true,"href":"https:\/\/www.europesays.com\/fr\/wp-json\/wp\/v2\/comments?post=151789"}],"version-history":[{"count":0,"href":"https:\/\/www.europesays.com\/fr\/wp-json\/wp\/v2\/posts\/151789\/revisions"}],"wp:featuredmedia":[{"embeddable":true,"href":"https:\/\/www.europesays.com\/fr\/wp-json\/wp\/v2\/media\/151790"}],"wp:attachment":[{"href":"https:\/\/www.europesays.com\/fr\/wp-json\/wp\/v2\/media?parent=151789"}],"wp:term":[{"taxonomy":"category","embeddable":true,"href":"https:\/\/www.europesays.com\/fr\/wp-json\/wp\/v2\/categories?post=151789"},{"taxonomy":"post_tag","embeddable":true,"href":"https:\/\/www.europesays.com\/fr\/wp-json\/wp\/v2\/tags?post=151789"}],"curies":[{"name":"wp","href":"https:\/\/api.w.org\/{rel}","templated":true}]}}