{"id":151799,"date":"2025-06-04T16:11:09","date_gmt":"2025-06-04T16:11:09","guid":{"rendered":"https:\/\/www.europesays.com\/fr\/151799\/"},"modified":"2025-06-04T16:11:09","modified_gmt":"2025-06-04T16:11:09","slug":"aurelien-rousseau-assume-davoir-un-cancer-merci-monsieur-le-depute-liberation","status":"publish","type":"post","link":"https:\/\/www.europesays.com\/fr\/151799\/","title":{"rendered":"Aur\u00e9lien Rousseau assume d\u2019avoir un cancer : merci monsieur le d\u00e9put\u00e9 ! &#8211; Lib\u00e9ration"},"content":{"rendered":"<ol>\n<li><a href=\"https:\/\/news.google.com\/rss\/articles\/CBMi1gFBVV95cUxOUjhsSk14ZDFuR1BjZ2xMbXlyLVZiaWhoV0F3cU9fQXV4NjlRM3NDVF8tV2VWTHRla1RXSnh5cjIzUEJPODFMSjRXbTlyMEpzSDM3NDlIcU03MVRRV21KYmkwZFVJRmpFTHhicE85WnFuMFhLQzlxQ2RWWFJwTHhYRU43OEVYOGpMVEVIOW01TUxIZ1M5aTZ6a1pNM0VaQ3g3bzZwSjVrMmxqMHE4QUluanhOa1RELUxpNzVyWDJqaG16VUFSeWJZS2ZyY1o5MlN2UHJSTFhB?oc=5\" target=\"_blank\" rel=\"nofollow noopener\">Aur\u00e9lien Rousseau assume d\u2019avoir un cancer : merci monsieur le d\u00e9put\u00e9 !<\/a>&nbsp;&nbsp;Lib\u00e9ration<\/li>\n<li><a href=\"https:\/\/news.google.com\/rss\/articles\/CBMihwJBVV95cUxPeWx4cUZoUG1VVWl6NUdyY0lMSFVNeUZVYlhHNVFDWTZBRDFJend6TTEtUS1zZTNXbHp5UmxUNXBmUS1nZTB4VF9jelAxU1lqaU1lOTdqcGxVa0d3YXZLZFdkR1U1VTl1bEFMSWdUbHVlLWNTUDJscnduWG1qaHM0SGtDeDNlelJ6ekZJOFlHN2ZXdG96WHVXSzdRQno1NW1fSFVuaVplZ2hFdHV4dXp1c1dWRm1fQ3cyckZ1Smx6R19ETWtxZXQ0WlNKelhaYk1MWTF5bHRRMEhwZFFZV1VKRzRlUWgyVHVSUGs2dUx2OVF1MHFyVmlrc2RIR3J1WW5LU0dYWjBiNA?oc=5\" target=\"_blank\" rel=\"nofollow noopener\">Atteint d&rsquo;un cancer, l&rsquo;ex-ministre de la Sant\u00e9 Aur\u00e9lien Rousseau revendique \u00ab\u00a0le risque de l&rsquo;impudeur\u00a0\u00bb pour alerter<\/a>&nbsp;&nbsp;France Info<\/li>\n<li><a href=\"https:\/\/news.google.com\/rss\/articles\/CBMiyAFBVV95cUxNV2JDQmdfbHJQYXYtSXZCd1I3a1NUX0FZRjZJME1iMC1CRkd1WVkzamZ2eEpqQVZhMHJYWUx4YXo4TGJsUU1YbHBuMi1seEtTbFA5a1F4bEVST2ozdVdRbHNSQWFrWE1aTzI5UXpva2EyYjJtS0g5S2xjN2hPSzJ5OVZtdU1KcmJKTFNLR2I1c3dNcHhOVmFycXp1WGxwQ0p4dmY3UjRfLTlaczNHTjRJTDN4X1FSaUhrVnpHT0pRdk56MVVQS3kwXw?oc=5\" target=\"_blank\" rel=\"nofollow noopener\">Cet ancien ministre de la Sant\u00e9 r\u00e9v\u00e8le \u00e0 l\u2019Assembl\u00e9e \u00eatre atteint d\u2019un cancer<\/a>&nbsp;&nbsp;Le HuffPost<\/li>\n<li><a href=\"https:\/\/news.google.com\/rss\/articles\/CBMi3AFBVV95cUxNMVhkd3ZTSmVPc0ZqQlpMS2J0XzVrQ2NONzhzYlFiR1ZSanZkbkFjbGJnR3paU1J2c2M5RDhodmNid2htQmI4YUZOTXYtLXhOcnJfc1prRzA1MWZxOW5QOHl4WkIyTGM1ZVBJZVZ3cGlsYkt3eVRzWVlhLUV5cGcyRl9oc2MtWDY4NHhjbi1OMW95ek1kd2IweGl5bzYxOGR3U0lETnV0UnlVZzBVSjJYLWRiem04ckg3a0NmQTZZZERiMTJpUjVDX0xId1BvSXBwMUdacXFqbHFCdlFh?oc=5\" target=\"_blank\" rel=\"nofollow noopener\">L\u2019ancien ministre de la Sant\u00e9 Aur\u00e9lien Rousseau annonce avoir un cancer<\/a>&nbsp;&nbsp;20 Minutes<\/li>\n<li><a href=\"https:\/\/news.google.com\/rss\/articles\/CBMiowFBVV95cUxQdlN3TVQ1V2R0SVR0Zl9JbTR1elZzbG9NeFFhUGlxcWFBeWFJSlNGSi1UMzN3QnFvTjNjYUQ3RWRNa2ZoRzgxSGtXQ3lhM3RVc0R5MGhNT1h1RTNFZlNwYzJQS3ZldWhGaUZ5eXpndGxpaExMY1RxeWhxTWVEMzZKVnVmT3c0SEVQMk5MUHJ6WmhtcGgwbnhFNDg5R1IyZVVUWGN3?oc=5\" target=\"_blank\" rel=\"nofollow noopener\">Parler de son cancer quand on est une personnalit\u00e9 politique, un choix de moins en moins tabou<\/a>&nbsp;&nbsp;Radio France<\/li>\n<\/ol>\n","protected":false},"excerpt":{"rendered":"Aur\u00e9lien Rousseau assume d\u2019avoir un cancer : merci monsieur le d\u00e9put\u00e9 !&nbsp;&nbsp;Lib\u00e9ration Atteint d&rsquo;un cancer, l&rsquo;ex-ministre de la&hellip;\n","protected":false},"author":2,"featured_media":151800,"comment_status":"","ping_status":"","sticky":false,"template":"","format":"standard","meta":{"footnotes":""},"categories":[2],"tags":[11,27524,101,1011,27,12,25],"class_list":{"0":"post-151799","1":"post","2":"type-post","3":"status-publish","4":"format-standard","5":"has-post-thumbnail","7":"category-actualites","8":"tag-actualites","9":"tag-aurelien-rousseau","10":"tag-cancer","11":"tag-fr","12":"tag-france","13":"tag-news","14":"tag-republique-francaise"},"share_on_mastodon":{"url":"https:\/\/pubeurope.com\/@fr\/114625975639930951","error":""},"_links":{"self":[{"href":"https:\/\/www.europesays.com\/fr\/wp-json\/wp\/v2\/posts\/151799","targetHints":{"allow":["GET"]}}],"collection":[{"href":"https:\/\/www.europesays.com\/fr\/wp-json\/wp\/v2\/posts"}],"about":[{"href":"https:\/\/www.europesays.com\/fr\/wp-json\/wp\/v2\/types\/post"}],"author":[{"embeddable":true,"href":"https:\/\/www.europesays.com\/fr\/wp-json\/wp\/v2\/users\/2"}],"replies":[{"embeddable":true,"href":"https:\/\/www.europesays.com\/fr\/wp-json\/wp\/v2\/comments?post=151799"}],"version-history":[{"count":0,"href":"https:\/\/www.europesays.com\/fr\/wp-json\/wp\/v2\/posts\/151799\/revisions"}],"wp:featuredmedia":[{"embeddable":true,"href":"https:\/\/www.europesays.com\/fr\/wp-json\/wp\/v2\/media\/151800"}],"wp:attachment":[{"href":"https:\/\/www.europesays.com\/fr\/wp-json\/wp\/v2\/media?parent=151799"}],"wp:term":[{"taxonomy":"category","embeddable":true,"href":"https:\/\/www.europesays.com\/fr\/wp-json\/wp\/v2\/categories?post=151799"},{"taxonomy":"post_tag","embeddable":true,"href":"https:\/\/www.europesays.com\/fr\/wp-json\/wp\/v2\/tags?post=151799"}],"curies":[{"name":"wp","href":"https:\/\/api.w.org\/{rel}","templated":true}]}}