{"id":151808,"date":"2025-06-04T16:20:10","date_gmt":"2025-06-04T16:20:10","guid":{"rendered":"https:\/\/www.europesays.com\/fr\/151808\/"},"modified":"2025-06-04T16:20:10","modified_gmt":"2025-06-04T16:20:10","slug":"ibrahima-konate-premier-bleu-a-enfin-assumer-clairement-sa-position","status":"publish","type":"post","link":"https:\/\/www.europesays.com\/fr\/151808\/","title":{"rendered":"Ibrahima Konat\u00e9, premier Bleu \u00e0 (enfin) assumer clairement sa position"},"content":{"rendered":"<p>Pour la premi\u00e8re fois depuis le d\u00e9but du rassemblement, un joueur de l\u2019\u00e9quipe de France a clairement pris position pour Ousmane Demb\u00e9l\u00e9 dans la qu\u00eate du Ballon d\u2019or.<\/p>\n<p class=\"fig-paragraph\">Enfin\u00a0! Un joueur de l\u2019\u00e9quipe de France a pris ses responsabilit\u00e9s sur le sujet du Ballon d\u2019or. Il \u00e9tait temps. Questionn\u00e9 ce mercredi apr\u00e8s-midi \u00e0 la Stuttgart Arena pour savoir si cette demi-finale de Ligue des nations entre la France et l\u2019Espagne (<a href=\"https:\/\/www.lefigaro.fr\/sports\/football\/live\/ligue-des-nations\/2024\/2491062\/espagne-france\" target=\"_blank\" rel=\"noopener\" data-gtm-custom-categorie=\"navigation\" data-gtm-custom-action=\"crossclick\" data-gtm-custom-label=\"Contextuel\" data-gtm-event=\"customEventSPE\">jeudi \u00e0 20h45<\/a>) jouerait dans l\u2019obtention de cette distinction, Ibrahima Konat\u00e9 n\u2019a pas tourn\u00e9 autour du pot. Pour le d\u00e9fenseur des Bleus, qui d\u00e9butera jeudi soir le choc face aux champions d\u2019Europe sortants, un seul homme m\u00e9rite le Ballon d\u2019Or\u00a0: Ousmane Demb\u00e9l\u00e9.<\/p>\n<p class=\"fig-paragraph\">\u00abSi c\u2019est une rencontre d\u00e9cisive pour le Ballon d\u2019or\u00a0? Ce sont les Espagnols qui disent \u00e7a, plaisante le joueur de Liverpool, en conf\u00e9rence de presse. Ils ont pos\u00e9 une question \u00e0 Yamal (sur le match avec Demb\u00e9l\u00e9). Je ne sais pas, c\u2019est illogique de tout vouloir remettre sur le match de jeudi. Ousmane, ce qu\u2019il a fait cette saison, c\u2019est exceptionnel\u00a0! Dites qu\u2019il m\u00e9rite le Ballon d\u2019or, point barre\u00a0! Il faut souligner le talent de Yamal, je ne sais m\u00eame pas si Messi a fait \u00e7a \u00e0 son \u00e2ge, mais il ne faut pas dire que \u00e7a va se jouer jeudi.\u00bb<\/p>\n<p>Comme s\u2019il ne fallait pas froisser Mbapp\u00e9&#8230;<\/p>\n<p class=\"fig-paragraph\">Sans se d\u00e9partir de son sourire, et en r\u00e9p\u00e9tant que Lamine Yamal est \u00abun g\u00e9nie\u00bb du football, le d\u00e9fenseur des Reds a milit\u00e9 pour Ousmane Demb\u00e9l\u00e9. C\u2019est la premi\u00e8re fois sur ce sujet qu\u2019un membre de l\u2019\u00e9quipe de France, l\u2019un des cadres du vestiaire, sort du bois et assume ses propos.<\/p>\n<p class=\"fig-paragraph\">Avant lui, Didier Deschamps, Cl\u00e9ment Lenglet, Pierre Kalulu, Rayan Cherki ou encore Manu Kon\u00e9 avaient bott\u00e9 en touche ou \u00e9galement souffl\u00e9 le nom de\u00a0<a href=\"http:\/\/www.lefigaro.fr\/sports\/football\/ligue-des-nations\/ousmane-dembele-ballon-d-or-pourquoi-cette-question-gene-les-bleus-20250604\" data-fig-type=\"NewsFlash\" data-gtm-custom-categorie=\"navigation\" data-gtm-custom-action=\"crossclick\" data-gtm-custom-label=\"Contextuel\" data-gtm-event=\"customEventSPE\" data-fig-domain=\"LEFIGARO\" target=\"_blank\" rel=\"noopener\">Kylian Mbapp\u00e9, comme s\u2019il ne fallait pas froisser le capitaine des Bleus<\/a>. Konat\u00e9 a chang\u00e9 la donne. Un moment de franchise et d\u2019honn\u00eatet\u00e9. \u00ab\u00a0Demb\u00e9l\u00e9 a r\u00e9alis\u00e9 une saison exceptionnelle, je n\u2019ai pas les mots, persiste-t-il. Personne ne l\u2019attendait l\u00e0. Ousmane Demb\u00e9l\u00e9 m\u00e9rite le Ballon d\u2019or\u00a0!\u00a0\u00bb<\/p>\n","protected":false},"excerpt":{"rendered":"Pour la premi\u00e8re fois depuis le d\u00e9but du rassemblement, un joueur de l\u2019\u00e9quipe de France a clairement pris&hellip;\n","protected":false},"author":2,"featured_media":151809,"comment_status":"","ping_status":"","sticky":false,"template":"","format":"standard","meta":{"footnotes":""},"categories":[1412],"tags":[672,454,828,525,8976,123,1451,1452,1453,1454,1455,1011,27,28119,6477,3022,23733,955,23734,2782,6996,1980,60,455],"class_list":{"0":"post-151808","1":"post","2":"type-post","3":"status-publish","4":"format-standard","5":"has-post-thumbnail","7":"category-f1","8":"tag-allemagne","9":"tag-ballon-dor","10":"tag-belgique","11":"tag-calendrier","12":"tag-classements","13":"tag-espagne","14":"tag-f1","15":"tag-formula-1","16":"tag-formula1","17":"tag-formule-1","18":"tag-formule1","19":"tag-fr","20":"tag-france","21":"tag-ibrahima-konate","22":"tag-kylian-mbappe","23":"tag-ligue","24":"tag-ligue-des-nations","25":"tag-match","26":"tag-match-en-direct","27":"tag-ousmane-dembele","28":"tag-portugal","29":"tag-resultats","30":"tag-sports","31":"tag-uefa"},"share_on_mastodon":{"url":"https:\/\/pubeurope.com\/@fr\/114626011023876038","error":""},"_links":{"self":[{"href":"https:\/\/www.europesays.com\/fr\/wp-json\/wp\/v2\/posts\/151808","targetHints":{"allow":["GET"]}}],"collection":[{"href":"https:\/\/www.europesays.com\/fr\/wp-json\/wp\/v2\/posts"}],"about":[{"href":"https:\/\/www.europesays.com\/fr\/wp-json\/wp\/v2\/types\/post"}],"author":[{"embeddable":true,"href":"https:\/\/www.europesays.com\/fr\/wp-json\/wp\/v2\/users\/2"}],"replies":[{"embeddable":true,"href":"https:\/\/www.europesays.com\/fr\/wp-json\/wp\/v2\/comments?post=151808"}],"version-history":[{"count":0,"href":"https:\/\/www.europesays.com\/fr\/wp-json\/wp\/v2\/posts\/151808\/revisions"}],"wp:featuredmedia":[{"embeddable":true,"href":"https:\/\/www.europesays.com\/fr\/wp-json\/wp\/v2\/media\/151809"}],"wp:attachment":[{"href":"https:\/\/www.europesays.com\/fr\/wp-json\/wp\/v2\/media?parent=151808"}],"wp:term":[{"taxonomy":"category","embeddable":true,"href":"https:\/\/www.europesays.com\/fr\/wp-json\/wp\/v2\/categories?post=151808"},{"taxonomy":"post_tag","embeddable":true,"href":"https:\/\/www.europesays.com\/fr\/wp-json\/wp\/v2\/tags?post=151808"}],"curies":[{"name":"wp","href":"https:\/\/api.w.org\/{rel}","templated":true}]}}