{"id":151818,"date":"2025-06-04T16:25:17","date_gmt":"2025-06-04T16:25:17","guid":{"rendered":"https:\/\/www.europesays.com\/fr\/151818\/"},"modified":"2025-06-04T16:25:17","modified_gmt":"2025-06-04T16:25:17","slug":"ce-passionne-de-voyages-donne-ses-conseils-pour-des-destinations-paradisiaques-dans-un-livre","status":"publish","type":"post","link":"https:\/\/www.europesays.com\/fr\/151818\/","title":{"rendered":"ce passionn\u00e9 de voyages donne ses conseils pour des destinations paradisiaques dans un livre"},"content":{"rendered":"<p>            Par<br \/>\n        <strong><br \/>\n            <a href=\"https:\/\/actu.fr\/auteur\/l-bourven\" title=\"Consulter tous les articles de Laura Bourven\" rel=\"nofollow noopener\" target=\"_blank\">Laura Bourven<\/a><br \/>\n        <\/strong><\/p>\n<p>        Publi\u00e9 le<\/p>\n<p>            4 juin 2025 \u00e0 18h00        <\/p>\n<p>\u00ab\u2009Je ne vais jamais m\u2019arr\u00eater\u2009!\u2009\u00bb Connu localement pour ses nombreuses participations \u00e0 des \u00e9missions t\u00e9l\u00e9vis\u00e9es, <b>Mathieu Raimondo,<\/b> habitant de <a href=\"https:\/\/actu.fr\/ile-de-france\/meaux_77284\" rel=\"nofollow noopener\" target=\"_blank\">Meaux<\/a>, fait de nouveau parler de lui\u2026 pour un tout autre projet\u2009! Ce mercredi 4\u00a0juin 2025 marque le lancement de son tout <b>premier livre.<\/b><\/p>\n<p class=\" wall-content\">Un petit guide de 200 pages dans lesquelles il aborde une de ses passions\u2009: le <b>voyage<\/b>. Dans \u00ab\u2009Un voyage entre le Sri Lanka et les Maldives\u2009\u00bb, le Meldois parle de son exp\u00e9rience dans ces pays et donne ses conseils pour les visiter.<\/p>\n<p>Deux destinations conseill\u00e9es en un voyage<\/p>\n<p class=\" wall-content\">Avec plus de 33 pays \u00e0 son actif, Mathieu Raimondo a visit\u00e9 de nombreux lieux sur Terre. Lorsqu\u2019il est contact\u00e9 par la maison d\u2019\u00e9dition <b>Dash Book <\/b>pour \u00e9crire un livre sur ses voyages, le jeune homme h\u00e9site. \u00ab\u2009Je n\u2019y avais jamais pens\u00e9 avant. Je me suis laiss\u00e9 un temps de r\u00e9flexion, puis j\u2019ai dit oui\u2009! Le voyage fait partie de ma vie. Apr\u00e8s, je ne suis pas Baudelaire, ce n\u2019\u00e9tait pas facile \u00e0 \u00e9crire\u2009\u00bb t\u00e9moigne Mathieu Raimondo qui a, par ailleurs, \u00e9t\u00e9 correspondant pour <a href=\"https:\/\/actu.fr\/la-marne\/\" rel=\"nofollow noopener\" target=\"_blank\">La Marne<\/a> dans le pass\u00e9.<\/p>\n<p class=\" wall-content\">Il d\u00e9cide alors de consacrer son premier ouvrage \u00e0 deux pays, <b>le Sri Lanka et les Maldives<\/b>, qu\u2019il a respectivement visit\u00e9 en\u00a02024 et\u00a02023.<\/p>\n<blockquote class=\"ac-article-quote wall-content\">\n<p>Ce sont mes deux grands derniers voyages. J\u2019ai choisi ces destinations car je les ai visit\u00e9s s\u00e9par\u00e9ment, deux semaines \u00e0 chaque fois, ce qui est ridicule car ces deux pays sont tr\u00e8s proches.<\/p>\n<p>Mathieu Raimondo<\/p><\/blockquote>\n<p>Vid\u00e9os : en ce moment sur Actu<\/p>\n<p class=\" wall-content\">Son premier conseil\u2009: combiner ces deux lieux en <b>un seul et m\u00eame voyage.<\/b><\/p>\n<p class=\" wall-content\">Dans ce carnet de voyage, il d\u00e9die d\u2019abord un chapitre au Sri Lanka, au trajet pour se rendre aux Maldives, et enfin \u00e0 cette derni\u00e8re destination. \u00ab\u2009Il faut commencer par le Sri Lanka qui a une faune et une flore incroyables. La population est aussi la plus gentille que j\u2019ai pu rencontrer dans le monde parmi tous mes voyages. Puis, j\u2019invite les lecteurs \u00e0 aller aux Maldives pour 5-6\u00a0jours, c\u2019est largement suffisant.\u2009\u00bb<\/p>\n<p class=\" wall-content\">\u00c0 chaque fois, Mathieu Raimondo donne des lieux \u00e0 visiter, o\u00f9 manger, o\u00f9 dormir\u2026 le tout agr\u00e9ment\u00e9 <b>de photos de ses propres vacances<\/b>.<\/p>\n<p class=\" wall-content\">\u00c0 la fin, il ouvre m\u00eame la voie \u00e0 <b>d\u2019autres suggestions de voyage<\/b> dans la r\u00e9gion avec un focus sur la Tha\u00eflande. \u00ab\u2009Je n\u2019ai pas visit\u00e9 ce pays mais j\u2019aimerais beaucoup. Mon p\u00e8re et une amie y sont all\u00e9s, ce sont leurs photos dans le livre.\u2009\u00bb<\/p>\n<p>Un livre en pr\u00e9-commande<\/p>\n<p class=\" wall-content\">Ce guide de voyage sort ce mercredi 4\u00a0juin 2025 en pr\u00e9-vente pour commencer sur le <a href=\"https:\/\/dashbook.fr\/book\/un-voyage-entre-le-sri-lanka-les-maldives\" rel=\"nofollow noopener\" target=\"_blank\">site internet de Dash Book<\/a>. \u00ab\u2009On s\u2019est dit que c\u2019\u00e9tait mieux de le sortir comme \u00e7a. Le but est d\u2019en vendre 150.\u2009\u00bb Une fois ce palier atteint, l\u2019ouvrage \u00ab\u2009Un voyage entre le Sri Lanka et les Maldives\u2009\u00bb pourra sortir en physique dans les librairies.<\/p>\n<p class=\" wall-content\">Les clients qui l\u2019auront achet\u00e9 en pr\u00e9-commande le recevront, quant \u00e0 eux, \u00e0 leur domicile, au bout des 45\u00a0jours des pr\u00e9-ventes.<\/p>\n<p class=\" wall-content\">Et si \u00e7a fonctionne\u2009? Mathieu Raimondo ne ferme pas la porte \u00e0 <b>l\u2019\u00e9criture d\u2019un deuxi\u00e8me carnet de voyage<\/b> autour des Canaries, de Malte, ou encore de Cuba. \u00ab\u2009Ce projet est une belle exp\u00e9rience, surtout quand on \u00e9crit sur un sujet qu\u2019on aime. \u00c7a m\u2019a donn\u00e9 envie de recommencer\u2009!\u2009\u00bb<\/p>\n<p>Un voyage entre le Sri Lanka et les Maldives, aux \u00e9ditions Dash Book. Prix\u2009: 17\u00a0\u20ac. Pr\u00e9-commandes sur le site dashbook.fr.<\/p>\n<p class=\" wall-content\">Suivez toute l\u2019actualit\u00e9 de vos villes et m\u00e9dias favoris en vous inscrivant \u00e0 <a href=\"https:\/\/moncompte.actu.fr\" title=\"D\u00e9couvez Mon Actu\" rel=\"nofollow noopener\" data-trk=\"{&quot;cta&quot;:{&quot;action&quot;:&quot;https:\\\/\\\/moncompte.actu.fr&quot;,&quot;category&quot;:&quot;mon compte&quot;,&quot;from&quot;:&quot;article footer&quot;,&quot;name&quot;:&quot;Mon actu&quot;,&quot;type&quot;:&quot;cta&quot;}}\" target=\"_blank\">Mon Actu<\/a>.<\/p>\n","protected":false},"excerpt":{"rendered":"Par Laura Bourven Publi\u00e9 le 4 juin 2025 \u00e0 18h00 \u00ab\u2009Je ne vais jamais m\u2019arr\u00eater\u2009!\u2009\u00bb Connu localement pour&hellip;\n","protected":false},"author":2,"featured_media":151819,"comment_status":"","ping_status":"","sticky":false,"template":"","format":"standard","meta":{"footnotes":""},"categories":[1357],"tags":[1379,58,59,1011,27,1380,1652,586],"class_list":{"0":"post-151818","1":"post","2":"type-post","3":"status-publish","4":"format-standard","5":"has-post-thumbnail","7":"category-livres","8":"tag-books","9":"tag-divertissement","10":"tag-entertainment","11":"tag-fr","12":"tag-france","13":"tag-livres","14":"tag-loisirs-culture","15":"tag-voyage"},"share_on_mastodon":{"url":"https:\/\/pubeurope.com\/@fr\/114626030739873386","error":""},"_links":{"self":[{"href":"https:\/\/www.europesays.com\/fr\/wp-json\/wp\/v2\/posts\/151818","targetHints":{"allow":["GET"]}}],"collection":[{"href":"https:\/\/www.europesays.com\/fr\/wp-json\/wp\/v2\/posts"}],"about":[{"href":"https:\/\/www.europesays.com\/fr\/wp-json\/wp\/v2\/types\/post"}],"author":[{"embeddable":true,"href":"https:\/\/www.europesays.com\/fr\/wp-json\/wp\/v2\/users\/2"}],"replies":[{"embeddable":true,"href":"https:\/\/www.europesays.com\/fr\/wp-json\/wp\/v2\/comments?post=151818"}],"version-history":[{"count":0,"href":"https:\/\/www.europesays.com\/fr\/wp-json\/wp\/v2\/posts\/151818\/revisions"}],"wp:featuredmedia":[{"embeddable":true,"href":"https:\/\/www.europesays.com\/fr\/wp-json\/wp\/v2\/media\/151819"}],"wp:attachment":[{"href":"https:\/\/www.europesays.com\/fr\/wp-json\/wp\/v2\/media?parent=151818"}],"wp:term":[{"taxonomy":"category","embeddable":true,"href":"https:\/\/www.europesays.com\/fr\/wp-json\/wp\/v2\/categories?post=151818"},{"taxonomy":"post_tag","embeddable":true,"href":"https:\/\/www.europesays.com\/fr\/wp-json\/wp\/v2\/tags?post=151818"}],"curies":[{"name":"wp","href":"https:\/\/api.w.org\/{rel}","templated":true}]}}