{"id":15182,"date":"2025-04-10T14:34:09","date_gmt":"2025-04-10T14:34:09","guid":{"rendered":"https:\/\/www.europesays.com\/fr\/15182\/"},"modified":"2025-04-10T14:34:09","modified_gmt":"2025-04-10T14:34:09","slug":"severine-ferrer-revele-son-salaire-dans-fan-de-sur-m6","status":"publish","type":"post","link":"https:\/\/www.europesays.com\/fr\/15182\/","title":{"rendered":"S\u00e9verine Ferrer r\u00e9v\u00e8le son salaire dans \u00abFan de\u00bb sur M6"},"content":{"rendered":"<p>    S\u00e9verine Ferrer sur le plateau du \u00abBuzz TV\u00bb mercredi 9 avril 2025<br \/>\n                Capture d&rsquo;\u00e9cran \/ Figaro TV<\/p>\n<p><strong>VID\u00c9O<\/strong> &#8211; Sur le plateau du \u00abBuzz TV\u00bb, l\u2019animatrice est revenue sur ses ann\u00e9es \u00e0 la pr\u00e9sentation de la c\u00e9l\u00e8bre \u00e9mission rest\u00e9e dans les m\u00e9moires.<\/p>\n<p class=\"fig-paragraph\">Pour les petits et les grands.\u00a0<a href=\"http:\/\/tvmag.lefigaro.fr\/programme-tv\/actu-tele\/ca-commence-a-me-titiller-severine-ferrer-evoque-son-possible-retour-a-la-television-dans-tpmp-people-20230617\" target=\"_blank\" data-fig-type=\"Article\" rel=\"noopener nofollow\" data-gtm-custom-categorie=\"navigation\" data-gtm-custom-action=\"crossclick\" data-gtm-custom-label=\"Contextuel\" data-gtm-event=\"customEventSPE\" data-fig-domain=\"TVMAG\"><strong>S\u00e9verine Ferrer<\/strong><\/a> \u00a0pr\u00eate sa voix \u00e0 une nouvelle s\u00e9rie documentaire intitul\u00e9e Pop Doc. Des mangas \u00e0 la K-pop en passant par le retrogaming, ce voyage culturel sera disponible sur la cha\u00eene\u00a0<a href=\"http:\/\/www.lefigaro.fr\/medias\/philippe-bony-la-place-naturelle-de-gulli-est-dans-le-top-10-de-la-numerotation-20250106\" target=\"_blank\" data-fig-type=\"Article\" rel=\"noopener nofollow\" data-gtm-custom-categorie=\"navigation\" data-gtm-custom-action=\"crossclick\" data-gtm-custom-label=\"Contextuel\" data-gtm-event=\"customEventSPE\" data-fig-domain=\"LEFIGARO\">Gulli<\/a>\u00a0\u00e0 partir du jeudi 10 avril. La com\u00e9dienne, chanteuse et ex-conseill\u00e8re municipale revient ici \u00e0 ses premiers amours puisqu\u2019elle avait commenc\u00e9 sa carri\u00e8re professionnelle dans le programme \u00abFan de\u00bb en 1997 sur M6. Une p\u00e9riode qui a profond\u00e9ment marqu\u00e9 sa carri\u00e8re et sur laquelle elle s\u2019est livr\u00e9e avec une pointe de nostalgie.<\/p>\n<p class=\"fig-paragraph\">S\u00e9verine Ferrer n\u2019a que 20 ans lorsqu\u2019elle prend les commandes de \u00abFan de\u00bb, l\u2019\u00e9mission qui offre la possibilit\u00e9 aux fans de rencontrer leurs idoles. Au micro de nos journalistes du \u00abBuzz TV\u00bb, l\u2019ancienne animatrice de t\u00e9l\u00e9vision a \u00e9voqu\u00e9 le montant de son salaire dans le programme hebdomadaire de M6. \u00abQuand j\u2019ai recalcul\u00e9, je me suis dit qu\u2019en fait je ne gagnais pas tant que \u00e7a\u00bb, s\u2019est-elle souvenue avant de poursuivre\u00a0: \u00abAu d\u00e9but je disais que je touchais 500 (par \u00e9pisode, ndlr), et puis en fait, c\u2019\u00e9tait en francs\u00a0! Je me suis fait avoir\u00bb.\u00a0<\/p>\n<p>\u00a0\u00bb<br \/>\n        data-script=\u00a0\u00bbhttps:\/\/static.lefigaro.fr\/widget-video\/short-ttl\/video\/index.js\u00a0\u00bb<br \/>\n    &gt;<\/p>\n<p class=\"fig-paragraph\">Au-del\u00e0 des consid\u00e9rations p\u00e9cuniaires, la com\u00e9dienne, aujourd\u2019hui maman de trois enfants, a v\u00e9cu des moments qui sont rest\u00e9s grav\u00e9s dans sa m\u00e9moire. S\u00e9verine Ferrer avait, entre autres, tourn\u00e9 avec la star plan\u00e9taire\u00a0<a href=\"http:\/\/www.lefigaro.fr\/cinema\/les-memoires-de-britney-spears-adaptes-au-cinema-par-jon-chu-20240802\" target=\"_blank\" data-fig-type=\"NewsFlash\" rel=\"noopener nofollow\" data-gtm-custom-categorie=\"navigation\" data-gtm-custom-action=\"crossclick\" data-gtm-custom-label=\"Contextuel\" data-gtm-event=\"customEventSPE\" data-fig-domain=\"LEFIGARO\">Britney Spears<\/a>\u00a0dans \u00abFan de\u00bb. \u00abJe l\u2019ai interview\u00e9e deux fois, une fois \u00e0 New York et une fois \u00e0 Madrid\u00bb, a-t-elle pr\u00e9cis\u00e9.\u00a0<\/p>\n<p class=\"fig-body-link\">\n            \u00c0 lire aussi<br \/>\n        <a class=\"fig-body-link__link\" href=\"http:\/\/tvmag.lefigaro.fr\/programme-tv\/people\/j-ai-vraiment-deteste-britney-spears-raconte-dans-son-autobiographie-la-pire-experience-tele-de-sa-vie-20231025\" target=\"_blank\" data-fig-type=\"Article\" rel=\"noopener nofollow\" data-gtm-custom-categorie=\"navigation\" data-gtm-custom-action=\"crossclick\" data-gtm-custom-label=\"Contextuel\" data-gtm-event=\"customEventSPE\" data-fig-domain=\"TVMAG\">\u00abJ\u2019ai vraiment d\u00e9test\u00e9\u00bb\u00a0: Britney Spears raconte dans son autobiographie la pire exp\u00e9rience t\u00e9l\u00e9 de sa vie<br \/>\n    <\/a>\n<\/p>\n<p class=\"fig-paragraph\">Des souvenirs plus insolites refont \u00e9galement surface \u00e0 l\u2019image des improbables positions qu\u2019elle prenait parfois dans le programme. \u00abComme vous avez pu le constater, je ne suis pas tr\u00e8s conventionnelle au niveau de l\u2019animation. \u00c0 chaque fois on me disait\u00a0: \u201cah bah tiens, met toi comme \u00e7a, je vais te proposer un truc\u201d. Alors des fois c\u2019\u00e9tait tr\u00e8s rigolo, c\u2019\u00e9tait un peu cocasse parce que du coup je n\u2019\u00e9tais dans une position pas tr\u00e8s \u00e0 l\u2019aise\u00bb, s\u2019est-elle rappel\u00e9e avec amusement.<\/p>\n<blockquote class=\"fig-quote&#10;    \">\n<p class=\"fig-quote__text\">\u00ab Tr\u00e8s sinc\u00e8rement, je pense que \u201cFan de\u201d ne pourrait plus exister \u00e0 l\u2019heure d\u2019aujourd\u2019hui.\u00a0\u00bb<\/p>\n<p>            S\u00e9verine Ferrer\n    <\/p><\/blockquote>\n<p class=\"fig-paragraph\">Quoi qu\u2019il en soit, l\u2019\u00e9mission a marqu\u00e9 son \u00e9poque et nombreux sont ceux qui le font savoir \u00e0 l\u2019ancienne pr\u00e9sentatrice. \u00ab\u00c7a va me coller \u00e0 la peau jusqu\u2019\u00e0 la fin. \u00c0 l\u2019\u00e9poque je ne me rendais pas compte de l\u2019impact, de la port\u00e9e que \u00e7a pouvait avoir sur cette g\u00e9n\u00e9ration-l\u00e0. Et encore aujourd\u2019hui, on m\u2019arr\u00eate en me disant\u00a0: \u201cmais vous avez tellement berc\u00e9 nos ann\u00e9es d\u2019adolescence\u201d. Globalement j\u2019ai marqu\u00e9 une g\u00e9n\u00e9ration et je ne m\u2019en rendais pas compte\u00bb, a-t-elle confi\u00e9.\u00a0<\/p>\n<p class=\"fig-body-link\">\n            \u00c0 lire aussi<br \/>\n        <a class=\"fig-body-link__link\" href=\"http:\/\/tvmag.lefigaro.fr\/programme-tv\/people\/elle-pourrait-quitter-m6-les-revelations-du-patron-de-rmc-story-sur-karine-le-marchand-20250408\" target=\"_blank\" data-fig-type=\"Article\" rel=\"noopener nofollow\" data-gtm-custom-categorie=\"navigation\" data-gtm-custom-action=\"crossclick\" data-gtm-custom-label=\"Contextuel\" data-gtm-event=\"customEventSPE\" data-fig-domain=\"TVMAG\">\u00abElle pourrait quitter M6\u00bb\u00a0: les r\u00e9v\u00e9lations du patron de RMC Story sur Karine Le Marchand<br \/>\n    <\/a>\n<\/p>\n<p class=\"fig-paragraph\">Pour autant, S\u00e9verine Ferrer n\u2019imagine pas un retour du programme sur les antennes. \u00abTr\u00e8s sinc\u00e8rement, je pense que \u201cFan de\u201d ne pourrait plus exister \u00e0 l\u2019heure d\u2019aujourd\u2019hui\u00bb, a-t-elle estim\u00e9 avant d\u2019expliquer\u00a0: \u00abC\u2019est aussi gr\u00e2ce aux r\u00e9seaux sociaux mais les artistes sont beaucoup plus accessibles. Il n\u2019y a pas ce ph\u00e9nom\u00e8ne de raret\u00e9 o\u00f9 on attendait d\u2019aller chercher son magazine, d\u2019aller acheter son single. On attendait avec impatience. L\u00e0, le probl\u00e8me c\u2019est qu\u2019ils sont tellement accessibles qu\u2019aujourd\u2019hui je pense qu\u2019il n\u2019y a plus ce ph\u00e9nom\u00e8ne d\u2019avoir envie de les voir, d\u2019avoir envie d\u2019avoir un rapport, un lien\u00bb, estime la pr\u00e9sentatrice de 47 ans.<\/p>\n","protected":false},"excerpt":{"rendered":"S\u00e9verine Ferrer sur le plateau du \u00abBuzz TV\u00bb mercredi 9 avril 2025 Capture d&rsquo;\u00e9cran \/ Figaro TV VID\u00c9O&hellip;\n","protected":false},"author":2,"featured_media":15183,"comment_status":"","ping_status":"","sticky":false,"template":"","format":"standard","meta":{"footnotes":""},"categories":[1359],"tags":[6399,6394,6396,6398,6397,6395,251,58,59,1011,27,6393,973,6401,6402,3287,6400],"class_list":{"0":"post-15182","1":"post","2":"type-post","3":"status-publish","4":"format-standard","5":"has-post-thumbnail","7":"category-people","8":"tag-ce-soir-a-la-tele","9":"tag-ce-soir-tv","10":"tag-ce-soir-tv-canal","11":"tag-ce-soir-tv-canalsat","12":"tag-ce-soir-tv-orange","13":"tag-ce-soir-tv-tnt","14":"tag-culture","15":"tag-divertissement","16":"tag-entertainment","17":"tag-fr","18":"tag-france","19":"tag-gulli","20":"tag-people","21":"tag-programme-tele-ce-soir","22":"tag-programme-tv-ce-soir","23":"tag-stars","24":"tag-tv-ce-soir-programme-tv"},"share_on_mastodon":{"url":"https:\/\/pubeurope.com\/@fr\/114314167262306431","error":""},"_links":{"self":[{"href":"https:\/\/www.europesays.com\/fr\/wp-json\/wp\/v2\/posts\/15182","targetHints":{"allow":["GET"]}}],"collection":[{"href":"https:\/\/www.europesays.com\/fr\/wp-json\/wp\/v2\/posts"}],"about":[{"href":"https:\/\/www.europesays.com\/fr\/wp-json\/wp\/v2\/types\/post"}],"author":[{"embeddable":true,"href":"https:\/\/www.europesays.com\/fr\/wp-json\/wp\/v2\/users\/2"}],"replies":[{"embeddable":true,"href":"https:\/\/www.europesays.com\/fr\/wp-json\/wp\/v2\/comments?post=15182"}],"version-history":[{"count":0,"href":"https:\/\/www.europesays.com\/fr\/wp-json\/wp\/v2\/posts\/15182\/revisions"}],"wp:featuredmedia":[{"embeddable":true,"href":"https:\/\/www.europesays.com\/fr\/wp-json\/wp\/v2\/media\/15183"}],"wp:attachment":[{"href":"https:\/\/www.europesays.com\/fr\/wp-json\/wp\/v2\/media?parent=15182"}],"wp:term":[{"taxonomy":"category","embeddable":true,"href":"https:\/\/www.europesays.com\/fr\/wp-json\/wp\/v2\/categories?post=15182"},{"taxonomy":"post_tag","embeddable":true,"href":"https:\/\/www.europesays.com\/fr\/wp-json\/wp\/v2\/tags?post=15182"}],"curies":[{"name":"wp","href":"https:\/\/api.w.org\/{rel}","templated":true}]}}