{"id":151825,"date":"2025-06-04T16:29:08","date_gmt":"2025-06-04T16:29:08","guid":{"rendered":"https:\/\/www.europesays.com\/fr\/151825\/"},"modified":"2025-06-04T16:29:08","modified_gmt":"2025-06-04T16:29:08","slug":"son-medecin-lui-suggere-de-changer-de-lunettes-pour-soulager-ses-douleurs-il-meurt-dune-tumeur-au-cerveau","status":"publish","type":"post","link":"https:\/\/www.europesays.com\/fr\/151825\/","title":{"rendered":"Son m\u00e9decin lui sugg\u00e8re de changer de lunettes pour soulager ses douleurs, il meurt d\u2019une tumeur au cerveau"},"content":{"rendered":"<p>Parfois, \u00e7a n\u2019est pas qu\u2019une petite douleur. Un homme de 51 ans est mort le 28\u00a0f\u00e9vrier 2025, dix jours apr\u00e8s avoir fait une crise d\u2019<a href=\"https:\/\/www.20minutes.fr\/dossier\/epilepsie\" class=\"color-ultramarine c-link\" target=\"_blank\" rel=\"noopener\">\u00e9pilepsie<\/a> \u00e0 son domicile de Southampton (<a href=\"https:\/\/www.20minutes.fr\/monde\/royaume-uni\/\" class=\"color-ultramarine c-link\" target=\"_blank\" rel=\"noopener\">Royaume-Uni<\/a>), rapporte le <a href=\"https:\/\/www.dailymail.co.uk\/health\/article-14772085\/father-two-51-symptoms-glasses-brain-tumour-died.html#\" target=\"_blank\" class=\"color-ultramarine c-link\" rel=\"noopener\">Daily Mail<\/a>. La fatigue, les maux de t\u00eate et les vertiges dont il souffrait depuis un an, et qu\u2019il consid\u00e9rait n\u2019\u00eatre que des signes du vieillissement, se sont r\u00e9v\u00e9l\u00e9s \u00eatre les premiers signes d\u2019un gliome de haut grade, l\u2019un des types de <a href=\"https:\/\/www.20minutes.fr\/dossier\/tumeur\" class=\"color-ultramarine c-link\" target=\"_blank\" rel=\"noopener\">tumeurs<\/a> c\u00e9r\u00e9brales les plus mortels.<\/p>\n<p>Un homme \u00ab\u00a0invincible\u00a0\u00bb<\/p>\n<p>\u00ab\u00a0En l\u2019espace de dix jours inimaginables, nous sommes pass\u00e9s de la conviction qu\u2019il avait eu une crise d\u2019\u00e9pilepsie \u00e0 lui tenir la main alors qu\u2019il nous quittait\u00a0\u00bb, a exprim\u00e9 sa femme. Rien ne pouvait laisser penser, au d\u00e9part, que ce p\u00e8re de deux enfants \u00e9tait expos\u00e9 \u00e0 un tel danger. L\u2019homme, professeur d\u2019\u00e9ducation physique, \u00e9tait fort, actif et en excellente sant\u00e9. \u00ab\u00a0Nous plaisantions toujours en disant qu\u2019il \u00e9tait invincible\u00a0\u00bb, a ajout\u00e9 sa femme. M\u00eame ses <a href=\"https:\/\/www.20minutes.fr\/dossier\/medecin\" class=\"color-ultramarine c-link\" target=\"_blank\" rel=\"noopener\">m\u00e9decins<\/a>, face aux sympt\u00f4mes qu\u2019il avait ressentis durant l\u2019ann\u00e9e pr\u00e9c\u00e9dente, ne s\u2019\u00e9taient content\u00e9s que de lui prescrire des anti-douleurs et de lui sugg\u00e9rer de changer de lunettes.<\/p>\n<p>La premi\u00e8re v\u00e9ritable alerte a ainsi \u00e9t\u00e9 cette crise \u00e9pileptique massive et soudaine. L\u2019homme s\u2019est fig\u00e9 alors qu\u2019il venait de se r\u00e9veiller, avant de s\u2019effondrer et de trembler violemment. Pris en charge par une ambulance, il a conserv\u00e9 apr\u00e8s la crise une douleur au bras gauche. Le quinquag\u00e9naire a alors \u00e9t\u00e9 transport\u00e9 \u00e0 l\u2019<a href=\"https:\/\/www.20minutes.fr\/dossier\/hopital\" class=\"color-ultramarine c-link\" target=\"_blank\" rel=\"noopener\">h\u00f4pital<\/a>, o\u00f9 on lui a diagnostiqu\u00e9 une tumeur au cerveau.<\/p>\n<p>Emport\u00e9 en dix jours<\/p>\n<p>Le diagnostic s\u2019est pr\u00e9cis\u00e9 quatre jours plus tard. Il s\u2019agissait d\u2019une tumeur c\u00e9r\u00e9brale de type gliome de haut grade. Ces tumeurs \u00e0 croissance rapide sont rares et souvent mortelles. La forme la plus agressive, le glioblastome, peut se d\u00e9velopper en quelques jours. Il touche entre trois et cinq personnes sur 100.000 chaque ann\u00e9e et pr\u00e9sente un taux de survie \u00e0 cinq ans inf\u00e9rieur \u00e0 5\u00a0%.<\/p>\n<\/p>\n<p>L\u2019homme a, quant \u00e0 lui, \u00e9t\u00e9 emport\u00e9 en seulement dix jours. Fortement impact\u00e9 physiquement, mais aussi mentalement par ce diagnostic, il a fait une h\u00e9morragie c\u00e9r\u00e9brale le 25\u00a0f\u00e9vrier, le rendant incapable d\u2019utiliser le c\u00f4t\u00e9 droit de son corps. Son \u00e9tat a ensuite continu\u00e9 \u00e0 se d\u00e9t\u00e9riorer, avec des vomissements puis une incapacit\u00e9 \u00e0 parler. Il a cependant continu\u00e9 \u00e0 communiquer avec sa famille jusqu\u2019\u00e0 la fin. Apr\u00e8s une derni\u00e8re h\u00e9morragie c\u00e9r\u00e9brale, il s\u2019est \u00e9teint entour\u00e9 de sa femme et de ses deux enfants de 16 et 19 ans.<\/p>\n","protected":false},"excerpt":{"rendered":"Parfois, \u00e7a n\u2019est pas qu\u2019une petite douleur. Un homme de 51 ans est mort le 28\u00a0f\u00e9vrier 2025, dix&hellip;\n","protected":false},"author":2,"featured_media":151826,"comment_status":"","ping_status":"","sticky":false,"template":"","format":"standard","meta":{"footnotes":""},"categories":[10],"tags":[47,101,1011,27,72,473,71,19107],"class_list":{"0":"post-151825","1":"post","2":"type-post","3":"status-publish","4":"format-standard","5":"has-post-thumbnail","7":"category-sante","8":"tag-actualite","9":"tag-cancer","10":"tag-fr","11":"tag-france","12":"tag-health","13":"tag-royaume-uni","14":"tag-sante","15":"tag-tumeur"},"share_on_mastodon":{"url":"https:\/\/pubeurope.com\/@fr\/114626046437400537","error":""},"_links":{"self":[{"href":"https:\/\/www.europesays.com\/fr\/wp-json\/wp\/v2\/posts\/151825","targetHints":{"allow":["GET"]}}],"collection":[{"href":"https:\/\/www.europesays.com\/fr\/wp-json\/wp\/v2\/posts"}],"about":[{"href":"https:\/\/www.europesays.com\/fr\/wp-json\/wp\/v2\/types\/post"}],"author":[{"embeddable":true,"href":"https:\/\/www.europesays.com\/fr\/wp-json\/wp\/v2\/users\/2"}],"replies":[{"embeddable":true,"href":"https:\/\/www.europesays.com\/fr\/wp-json\/wp\/v2\/comments?post=151825"}],"version-history":[{"count":0,"href":"https:\/\/www.europesays.com\/fr\/wp-json\/wp\/v2\/posts\/151825\/revisions"}],"wp:featuredmedia":[{"embeddable":true,"href":"https:\/\/www.europesays.com\/fr\/wp-json\/wp\/v2\/media\/151826"}],"wp:attachment":[{"href":"https:\/\/www.europesays.com\/fr\/wp-json\/wp\/v2\/media?parent=151825"}],"wp:term":[{"taxonomy":"category","embeddable":true,"href":"https:\/\/www.europesays.com\/fr\/wp-json\/wp\/v2\/categories?post=151825"},{"taxonomy":"post_tag","embeddable":true,"href":"https:\/\/www.europesays.com\/fr\/wp-json\/wp\/v2\/tags?post=151825"}],"curies":[{"name":"wp","href":"https:\/\/api.w.org\/{rel}","templated":true}]}}