{"id":151829,"date":"2025-06-04T16:31:09","date_gmt":"2025-06-04T16:31:09","guid":{"rendered":"https:\/\/www.europesays.com\/fr\/151829\/"},"modified":"2025-06-04T16:31:09","modified_gmt":"2025-06-04T16:31:09","slug":"anne-sophie-lapix-ecartee-du-jt-on-ne-sattendait-pas-a-cette-reaction-de-sa-part","status":"publish","type":"post","link":"https:\/\/www.europesays.com\/fr\/151829\/","title":{"rendered":"Anne-Sophie Lapix \u00e9cart\u00e9e du JT : on ne s\u2019attendait pas \u00e0 cette r\u00e9action de sa part"},"content":{"rendered":"<p data-start=\"256\" data-end=\"652\">Apr\u00e8s 8 ans pass\u00e9s \u00e0 la t\u00eate du<br \/>\n<strong>journal de 20 heures<\/strong> de France 2, <a href=\"https:\/\/www.closermag.fr\/people\/anne-sophie-lapix-poussee-dehors-elle-decide-de-faire-nimporte-quoi-dans-son-20-heures-et-cest-tres-drole-3549879\" target=\"_blank\" rel=\"noopener\"><br \/>\nAnne-Sophie Lapix<\/a> va <strong>quitter<\/strong> son poste \u00e0 la<br \/>\nmi-juillet. Cette <strong>annonce officielle<\/strong> a \u00e9t\u00e9 faite<br \/>\npar France T\u00e9l\u00e9visions le 27 mai dernier. Elle a<br \/>\n<strong>surpris<\/strong> autant les t\u00e9l\u00e9spectateurs que certains<br \/>\nmembres de la r\u00e9daction. Pourtant, selon plusieurs sources, la<br \/>\njournaliste aurait accueilli la nouvelle avec un certain<br \/>\n<strong>soulagement<\/strong>.<\/p>\n<p data-start=\"654\" data-end=\"1237\">Connue pour son<br \/>\nprofessionnalisme et son ton incisif lors des interviews<br \/>\npolitiques, Anne-Sophie Lapix n\u2019aurait pas vu <strong>venir son<br \/>\n\u00e9viction aussi rapidement.<\/strong> La direction de l&rsquo;information a<br \/>\nsalu\u00e9 son travail en \u00e9voquant \u201c<strong>son talent, son<br \/>\nengagement et son immense professionnalisme<\/strong>.\u2019\u2019 Mais,<br \/>\nselon le magazine Ici<br \/>\nParis, la journaliste de 53 ans aurait confi\u00e9 en priv\u00e9<br \/>\nressentir une forme de <strong>lib\u00e9ration<\/strong> \u00e0 l\u2019id\u00e9e de<br \/>\nquitter l&rsquo;exigeant fauteuil du 20 heures. En effet, l&rsquo;exercice<br \/>\nquotidien du JT <strong>commencerait \u00e0 lui peser depuis quelque<br \/>\ntemps d\u00e9j\u00e0.<\/strong><\/p>\n<p>Un poste devenu trop lourd \u00e0<br \/>\nporter pour Anne-Sophie Lapix ?<\/p>\n<p data-start=\"1287\" data-end=\"1837\">Les <strong>pressions de<br \/>\nl\u2019audimat, les critiques de responsables politiques<\/strong>\u2026<br \/>\nAutant de tensions qui, selon les proches de la journaliste,<br \/>\nauraient <strong>calm\u00e9 son enthousiasme<\/strong>. Toujours selon<br \/>\nIci Paris, elle se<br \/>\nserait rendu compte qu\u2019elle voulait prioriser sa <strong>qualit\u00e9 de<br \/>\nvie et ses projets personnels<\/strong>. Loin du rythme intense du<br \/>\njournal t\u00e9l\u00e9vis\u00e9, elle voudrait d\u00e9sormais se consacrer \u00e0<br \/>\n<strong>d\u2019autres formats journalistiques.<\/strong><\/p>\n<p data-start=\"1287\" data-end=\"1837\">France T\u00e9l\u00e9visions<br \/>\n<strong>n\u2019\u00e9carterait pas l\u2019id\u00e9e de collaborer<\/strong> \u00e0 nouveau<br \/>\navec Anne-Sophie Lapix \u00e0 la rentr\u00e9e, sur des<br \/>\n<strong>projets<\/strong> encore en discussion. Il ne s\u2019agirait donc<br \/>\npas d\u2019un <strong>d\u00e9part d\u00e9finitif<\/strong> du paysage audiovisuel<br \/>\npublic, mais d\u2019une <strong>transition<\/strong> vers de nouveaux<br \/>\nd\u00e9fis professionnels.<\/p>\n<p>Une<br \/>\nrempla\u00e7ante d\u00e9j\u00e0 trouv\u00e9e au JT de France 2 ?<\/p>\n<p data-start=\"2183\" data-end=\"2547\">La question du<br \/>\n<strong>remplacement d\u2019Anne-Sophie Lapix<\/strong> anime d\u00e9j\u00e0 les<br \/>\ncoulisses de France 2. D\u2019apr\u00e8s Diverto, le nom de <a href=\"https:\/\/www.closermag.fr\/politique\/je-ne-vous-parle-pas-bruno-retailleau-tente-de-garder-son-calme-face-a-caroline-roux-3534387\" target=\"_blank\" rel=\"noopener\"><br \/>\nCaroline Roux<\/a>, actuellement aux commandes de C dans l\u2019air sur France 5, circulerait<br \/>\navec insistance. L\u2019animatrice est r\u00e9put\u00e9e pour sa <strong>rigueur<br \/>\net sa ma\u00eetrise des sujets politiques.<\/strong> Elle serait une<br \/>\ncandidate s\u00e9rieuse pour reprendre le flambeau \u00e0 la rentr\u00e9e.<\/p>\n<p data-start=\"2549\" data-end=\"2839\">En attendant une confirmation,<br \/>\nune chose semble certaine : le <a href=\"https:\/\/www.closermag.fr\/tv_tele_realite\/anne-sophie-lapix-ecartee-du-20h-il-faut-sen-aller-vite-claire-chazal-reagit-a-son-depart-3549748\" target=\"_blank\" rel=\"noopener\"><br \/>\nd\u00e9part d\u2019Anne-Sophie Lapix<\/a> marquerait la fin d\u2019un<br \/>\n<strong>chapitre intense de sa carri\u00e8re\u2026et d\u00e9sormais elle voudrait<br \/>\nreprendre un nouveau souffle.<\/strong><\/p>\n","protected":false},"excerpt":{"rendered":"Apr\u00e8s 8 ans pass\u00e9s \u00e0 la t\u00eate du journal de 20 heures de France 2, Anne-Sophie Lapix va&hellip;\n","protected":false},"author":2,"featured_media":151830,"comment_status":"","ping_status":"","sticky":false,"template":"","format":"standard","meta":{"footnotes":""},"categories":[8],"tags":[21313,548,58,59,1011,27],"class_list":{"0":"post-151829","1":"post","2":"type-post","3":"status-publish","4":"format-standard","5":"has-post-thumbnail","7":"category-divertissement","8":"tag-anne-sophie-lapix","9":"tag-article-simple","10":"tag-divertissement","11":"tag-entertainment","12":"tag-fr","13":"tag-france"},"share_on_mastodon":{"url":"https:\/\/pubeurope.com\/@fr\/114626054850366558","error":""},"_links":{"self":[{"href":"https:\/\/www.europesays.com\/fr\/wp-json\/wp\/v2\/posts\/151829","targetHints":{"allow":["GET"]}}],"collection":[{"href":"https:\/\/www.europesays.com\/fr\/wp-json\/wp\/v2\/posts"}],"about":[{"href":"https:\/\/www.europesays.com\/fr\/wp-json\/wp\/v2\/types\/post"}],"author":[{"embeddable":true,"href":"https:\/\/www.europesays.com\/fr\/wp-json\/wp\/v2\/users\/2"}],"replies":[{"embeddable":true,"href":"https:\/\/www.europesays.com\/fr\/wp-json\/wp\/v2\/comments?post=151829"}],"version-history":[{"count":0,"href":"https:\/\/www.europesays.com\/fr\/wp-json\/wp\/v2\/posts\/151829\/revisions"}],"wp:featuredmedia":[{"embeddable":true,"href":"https:\/\/www.europesays.com\/fr\/wp-json\/wp\/v2\/media\/151830"}],"wp:attachment":[{"href":"https:\/\/www.europesays.com\/fr\/wp-json\/wp\/v2\/media?parent=151829"}],"wp:term":[{"taxonomy":"category","embeddable":true,"href":"https:\/\/www.europesays.com\/fr\/wp-json\/wp\/v2\/categories?post=151829"},{"taxonomy":"post_tag","embeddable":true,"href":"https:\/\/www.europesays.com\/fr\/wp-json\/wp\/v2\/tags?post=151829"}],"curies":[{"name":"wp","href":"https:\/\/api.w.org\/{rel}","templated":true}]}}