{"id":151831,"date":"2025-06-04T16:32:13","date_gmt":"2025-06-04T16:32:13","guid":{"rendered":"https:\/\/www.europesays.com\/fr\/151831\/"},"modified":"2025-06-04T16:32:13","modified_gmt":"2025-06-04T16:32:13","slug":"samsung-dessine-les-contours-dun-nouveau-smartphone-pliable","status":"publish","type":"post","link":"https:\/\/www.europesays.com\/fr\/151831\/","title":{"rendered":"Samsung dessine les contours d&rsquo;un nouveau smartphone pliable"},"content":{"rendered":"<p>Dans un communiqu\u00e9 officiel accompagn\u00e9 d\u2019une vid\u00e9o, Samsung laisse tr\u00e8s clairement entendre qu\u2019on verra un Galaxy Z Fold Ultra cet \u00e9t\u00e9.<\/p>\n<p><a target=\"_blank\" href=\"https:\/\/images.frandroid.com\/wp-content\/uploads\/2025\/06\/samsung-galaxy-z-fold-ultra.jpg\" class=\"article-content__figure\" rel=\"noopener\"><img fetchpriority=\"high\" decoding=\"async\" loading=\"eager\" width=\"1200\" height=\"675\" src=\"https:\/\/www.europesays.com\/fr\/wp-content\/uploads\/2025\/06\/samsung-galaxy-z-fold-ultra-1200x675-1.jpg\" alt=\"\" class=\"wp-image-2636703 wp-image wp-image\"  \/><\/a>Extrait du teasing d\u2019un Galaxy Z Fold Ultra. \/\/ Source : Samsung (avec montage Frandroid)<\/p>\n<p>\u00ab D\u00e9couvrez le prochain chapitre d\u2019Ultra \u00bb. Voici l\u2019intitul\u00e9 du <a target=\"_blank\" href=\"https:\/\/news.samsung.com\/global\/meet-the-next-chapter-of-ultra\" rel=\"noopener\">communiqu\u00e9 officiel<\/a> de <a href=\"https:\/\/www.frandroid.com\/guide-dachat\/386688_quels-smartphone-samsung-choisir-parmi-les-differentes-gammes-galaxy\" target=\"_blank\" rel=\"noopener\">Samsung<\/a>. Un document dans lequel la marque cor\u00e9enne partage \u00e9galement une vid\u00e9o o\u00f9 l\u2019on voit la silhouette d\u2019un <a href=\"https:\/\/www.frandroid.com\/guide-dachat\/1617799_meilleur-smartphone-pliant-quel-telephone-pliable-choisir\" target=\"_blank\" rel=\"noopener\">smartphone pliable<\/a> \u00e0 la Fold se d\u00e9plier. Il n\u2019en faut \u00e9videmment pas plus pour penser qu\u2019on va voir un Galaxy Z Fold Ultra cet \u00e9t\u00e9.<\/p>\n<p><video controls=\"\" src=\"https:\/\/images.frandroid.com\/wp-content\/uploads\/2025\/06\/Samsung-teasing-Galaxy-Z-Fold-Ultra.mov\"\/><\/p>\n<p>Samsung tease le Galaxy Z Fold Ultra<\/p>\n<p>D\u2019autant que tout au long de son communiqu\u00e9, Samsung ne cesse de faire monter la sauce pour, semble-t-il, ne plus laisser de place au doute.<\/p>\n<blockquote class=\"wp-block-quote is-layout-flow wp-block-quote-is-layout-flow\">\n<p>Depuis des ann\u00e9es, Samsung est \u00e0 l\u2019\u00e9coute des utilisateurs qui demandent des \u00e9crans plus grands, de meilleurs appareils photo et de nouvelles fa\u00e7ons de se connecter et de cr\u00e9er. La demande est claire : une exp\u00e9rience Ultra qui va au-del\u00e0 d\u2019une simple liste de fonctions am\u00e9lior\u00e9es dans un format plus petit et plus portable.<\/p>\n<\/blockquote>\n<p>            <img decoding=\"async\" width=\"1200\" height=\"446\" loading=\"lazy\" alt=\"Honor 400 box\" title=\"Honor 400 box\" class=\"is-radiusless placeholder-default wp-image\" src=\"https:\/\/www.europesays.com\/fr\/wp-content\/uploads\/2025\/05\/honor-400-box-1200x446.jpg\" \/>        <\/p>\n<p>\n                Le HONOR 400 512 Go est au prix du 256 Go            <\/p>\n<p class=\"has-text-weight-medium is-size-6 is-line-height-normal\">\n                Avec son capteur photo de 200 m\u00e9gapixels et son mode exclusif AI Image to Video, le HONOR 400 est le t\u00e9l\u00e9phone id\u00e9al pour vos prochaines vacances.            <\/p>\n<p>Le fameux prochain chapitre pour la gamme Ultra promet donc d\u2019allier \u00ab l\u2019art et l\u2019ing\u00e9nierie \u00bb. Samsung \u00e9voque aussi que l\u2019exp\u00e9rience sur un Ultra est li\u00e9e \u00e0 des fonctions Galaxy AI \u00ab con\u00e7ues sp\u00e9cifiquement pour le format pliable \u00bb.<\/p>\n<p>Enfin, et surtout, la derni\u00e8re phrase du communiqu\u00e9 ressemble \u00e0 un tr\u00e8s gros clin d\u2019\u0153il. \u00ab The Ultra experience is ready to unfold \u00bb. Si en fran\u00e7ais, il serait plus juste de traduire cette phrase par \u00ab L\u2019exp\u00e9rience Ultra est pr\u00eate \u00e0 se d\u00e9ployer \u00bb, le verbe \u00ab unfold \u00bb en anglais signifie avant tout \u00ab d\u00e9plier \u00bb.<\/p>\n<p>Cela donne donc une exp\u00e9rience Ultra \u00ab pr\u00eate \u00e0 se d\u00e9plier \u00bb. <\/p>\n<p>Rendez-vous cet \u00e9t\u00e9<\/p>\n<p>Pour rappel, <a href=\"https:\/\/www.frandroid.com\/marques\/samsung\/2312812_nous-naurions-pas-droit-au-samsung-galaxy-z-fold-6-ultra-et-ce-nest-pas-si-grave-que-ca\" target=\"_blank\" rel=\"noopener\">les rumeurs d\u2019un Ultra pliable remontent d\u00e9j\u00e0 \u00e0 2024<\/a> au moins. En outre, cet \u00e9t\u00e9, nous attendons les <a href=\"https:\/\/www.frandroid.com\/marques\/samsung\/2608713_le-galaxy-fold-7-rattraperait-la-concurrence-chinoise-sur-ce-point-precis\" target=\"_blank\" rel=\"noopener\">Galaxy Z Fold 7<\/a> et <a href=\"https:\/\/www.frandroid.com\/marques\/samsung\/2617789_samsung-galaxy-z-flip-7-tout-ce-que-lon-sait-sur-ce-smartphone-pliant-qui-changerait-enfin-de-tete\" target=\"_blank\" rel=\"noopener\">Galaxy Z Flip 7<\/a>. Est-ce que la version Ultra, si elle se concr\u00e9tise bien, viendra s\u2019ajouter \u00e0 ces deux mod\u00e8les ou remplacera-t-elle le Fold classique ?<\/p>\n<p>Sachez aussi que <a href=\"https:\/\/www.frandroid.com\/marques\/samsung\/2569621_le-galaxy-z-flip-fe-sinspirerait-beaucoup-de-cet-autre-smartphone\" target=\"_blank\" rel=\"noopener\">des bruits de couloir \u00e9voquent aussi un Galaxy Z Flip FE<\/a>. <\/p>\n","protected":false},"excerpt":{"rendered":"Dans un communiqu\u00e9 officiel accompagn\u00e9 d\u2019une vid\u00e9o, Samsung laisse tr\u00e8s clairement entendre qu\u2019on verra un Galaxy Z Fold&hellip;\n","protected":false},"author":2,"featured_media":151832,"comment_status":"","ping_status":"","sticky":false,"template":"","format":"standard","meta":{"footnotes":""},"categories":[7],"tags":[1011,27,28120,28121,28122,43,40,41,39,9398,42,44],"class_list":{"0":"post-151831","1":"post","2":"type-post","3":"status-publish","4":"format-standard","5":"has-post-thumbnail","7":"category-sciences-et-technologies","8":"tag-fr","9":"tag-france","10":"tag-samsung-galaxy-z-flip-7","11":"tag-samsung-galaxy-z-fold-7","12":"tag-samsung-galaxy-z-fold-ultra","13":"tag-science","14":"tag-science-and-technology","15":"tag-sciences","16":"tag-sciences-et-technologies","17":"tag-smartphone-pliable","18":"tag-technologies","19":"tag-technology"},"share_on_mastodon":{"url":"https:\/\/pubeurope.com\/@fr\/114626058211838450","error":""},"_links":{"self":[{"href":"https:\/\/www.europesays.com\/fr\/wp-json\/wp\/v2\/posts\/151831","targetHints":{"allow":["GET"]}}],"collection":[{"href":"https:\/\/www.europesays.com\/fr\/wp-json\/wp\/v2\/posts"}],"about":[{"href":"https:\/\/www.europesays.com\/fr\/wp-json\/wp\/v2\/types\/post"}],"author":[{"embeddable":true,"href":"https:\/\/www.europesays.com\/fr\/wp-json\/wp\/v2\/users\/2"}],"replies":[{"embeddable":true,"href":"https:\/\/www.europesays.com\/fr\/wp-json\/wp\/v2\/comments?post=151831"}],"version-history":[{"count":0,"href":"https:\/\/www.europesays.com\/fr\/wp-json\/wp\/v2\/posts\/151831\/revisions"}],"wp:featuredmedia":[{"embeddable":true,"href":"https:\/\/www.europesays.com\/fr\/wp-json\/wp\/v2\/media\/151832"}],"wp:attachment":[{"href":"https:\/\/www.europesays.com\/fr\/wp-json\/wp\/v2\/media?parent=151831"}],"wp:term":[{"taxonomy":"category","embeddable":true,"href":"https:\/\/www.europesays.com\/fr\/wp-json\/wp\/v2\/categories?post=151831"},{"taxonomy":"post_tag","embeddable":true,"href":"https:\/\/www.europesays.com\/fr\/wp-json\/wp\/v2\/tags?post=151831"}],"curies":[{"name":"wp","href":"https:\/\/api.w.org\/{rel}","templated":true}]}}