{"id":15184,"date":"2025-04-10T14:35:20","date_gmt":"2025-04-10T14:35:20","guid":{"rendered":"https:\/\/www.europesays.com\/fr\/15184\/"},"modified":"2025-04-10T14:35:20","modified_gmt":"2025-04-10T14:35:20","slug":"la-national-gallery-de-londres-offre-une-nuit-atypique-a-un-visiteur-tire-au-sort","status":"publish","type":"post","link":"https:\/\/www.europesays.com\/fr\/15184\/","title":{"rendered":"La National Gallery de Londres offre une nuit atypique \u00e0 un visiteur tir\u00e9 au sort"},"content":{"rendered":"<p>\u00c0 l\u2019occasion de la r\u00e9ouverture de l\u2019aile \u00ab\u00a0Sainsbury\u00a0\u00bb, le 10 mai 2025, le mus\u00e9e britannique organise un concours qui permettra \u00e0 l\u2019heureux \u00e9lu de passer une nuit dans l\u2019institution et de l\u2019explorer librement avant l\u2019arriv\u00e9e des foules.<\/p>\n<p class=\"fig-paragraph\">Un visiteur tir\u00e9 au sort deviendra bient\u00f4t le tout premier h\u00f4te \u00e0 passer une nuit dans la prestigieuse National Gallery de Londres, mus\u00e9e vieux de 200 ans qui a lanc\u00e9 lundi un concours pour marquer la r\u00e9ouverture d&rsquo;une aile consacr\u00e9e \u00e0 la peinture europ\u00e9enne. \u00c0 l&rsquo;occasion de la r\u00e9ouverture de l&rsquo;aile \u00ab\u00a0Sainsbury\u00a0\u00bb, le 10 mai apr\u00e8s deux ann\u00e9es de travaux de r\u00e9novation, l&rsquo;heureux \u00e9lu &#8211; choisi au hasard dans une liste d&rsquo;abonn\u00e9s \u00e0 la lettre d&rsquo;information du mus\u00e9e &#8211; se r\u00e9veillera avec un petit-d\u00e9jeuner au lit et aura le privil\u00e8ge d&rsquo;explorer la National Gallery avant l&rsquo;arriv\u00e9e des foules.<\/p>\n<p class=\"fig-paragraph\">Certaines des \u0153uvres les plus anciennes de la collection seront \u00e0 nouveau visibles, comme le Bapt\u00eame du Christ de Piero della Francesca datant du XVe si\u00e8cle, install\u00e9 dans une pi\u00e8ce aux allures de chapelle. Le Retable de San Pier Maggiore de Jacopo di Cione (XIVe si\u00e8cle) sera dot\u00e9 d&rsquo;un nouvel encadrement, tandis que la c\u00e9l\u00e8bre Bataille de San Romano de Paolo Uccello (XVe si\u00e8cle) fera son grand retour apr\u00e8s trois ann\u00e9es de restauration.<\/p>\n<p>Une nuit entour\u00e9e de plus de 1000 \u0153uvres d\u2019art<\/p>\n<p class=\"fig-paragraph\">La pr\u00e9sentation des peintures d&rsquo;Europe occidentale du XIIIe au XXe si\u00e8cle sera compl\u00e8tement r\u00e9organis\u00e9e, pr\u00e9cise le mus\u00e9e qui proposera des salles d\u00e9di\u00e9es \u00e0 des artistes comme Monet, Titien, Rembrandt et Gainsborough. L&rsquo;h\u00f4te chanceux passera la nuit du 9 au 10 mai dans un lit install\u00e9 sur le pont reliant le b\u00e2timent principal \u00e0 l&rsquo;aile Sainsbury et b\u00e9n\u00e9ficiera d&rsquo;une visite priv\u00e9e en fin de soir\u00e9e avec un conservateur, avant d&rsquo;\u00eatre autoris\u00e9 \u00e0 se promener librement le lendemain matin parmi \u00ab\u00a0plus de 1000 \u0153uvres d&rsquo;art\u00a0\u00bb dont certaines \u00ab\u00a0n&rsquo;ont jamais \u00e9t\u00e9 vues auparavant dans la National Gallery\u00a0\u00bb. Le lit sera pr\u00eat \u00e0 21H00, apr\u00e8s un d\u00eener offert \u00e0 19H30. Le concours est ouvert jusqu&rsquo;au 28 avril \u00e0 18H00 (17H00 GMT).<\/p>\n<p class=\"fig-paragraph\">La National Gallery a d\u00e9j\u00e0 organis\u00e9 des \u00e9v\u00e9nements nocturnes, mais pas pour une seule personne. Le 17 janvier, elle avait ainsi ouvert ses portes toute la nuit pour donner aux amateurs d&rsquo;art une derni\u00e8re chance de voir son exposition phare sur Vincent van Gogh, apr\u00e8s une d\u00e9cision similaire en 2012 pour une exposition consacr\u00e9e \u00e0 L\u00e9onard de Vinci. La National Gallery, dont l&rsquo;entr\u00e9e est gratuite, a \u00e9t\u00e9 fond\u00e9e en 1824 et poss\u00e8de une collection de plus de 2300 peintures.<\/p>\n<p>\u00a0\u00bb<br \/>\n        data-script=\u00a0\u00bbhttps:\/\/static.lefigaro.fr\/widget-video\/short-ttl\/video\/index.js\u00a0\u00bb<br \/>\n    &gt;<\/p>\n","protected":false},"excerpt":{"rendered":"\u00c0 l\u2019occasion de la r\u00e9ouverture de l\u2019aile \u00ab\u00a0Sainsbury\u00a0\u00bb, le 10 mai 2025, le mus\u00e9e britannique organise un concours&hellip;\n","protected":false},"author":2,"featured_media":15185,"comment_status":"","ping_status":"","sticky":false,"template":"","format":"standard","meta":{"footnotes":""},"categories":[1358],"tags":[47,1350,1348,1384,1385,1345,650,251,1386,58,59,1349,1346,1011,27,1351,4534,3048,873,6403,252,1347,1352],"class_list":{"0":"post-15184","1":"post","2":"type-post","3":"status-publish","4":"format-standard","5":"has-post-thumbnail","7":"category-arts-et-design","8":"tag-actualite","9":"tag-architecture","10":"tag-arts","11":"tag-arts-and-design","12":"tag-arts-et-design","13":"tag-cine","14":"tag-cinema","15":"tag-culture","16":"tag-design","17":"tag-divertissement","18":"tag-entertainment","19":"tag-expositions","20":"tag-films","21":"tag-fr","22":"tag-france","23":"tag-litterature","24":"tag-londres","25":"tag-musee","26":"tag-musique","27":"tag-national-gallery","28":"tag-television","29":"tag-theatre","30":"tag-urbanisme"},"share_on_mastodon":{"url":"https:\/\/pubeurope.com\/@fr\/114314171197339072","error":""},"_links":{"self":[{"href":"https:\/\/www.europesays.com\/fr\/wp-json\/wp\/v2\/posts\/15184","targetHints":{"allow":["GET"]}}],"collection":[{"href":"https:\/\/www.europesays.com\/fr\/wp-json\/wp\/v2\/posts"}],"about":[{"href":"https:\/\/www.europesays.com\/fr\/wp-json\/wp\/v2\/types\/post"}],"author":[{"embeddable":true,"href":"https:\/\/www.europesays.com\/fr\/wp-json\/wp\/v2\/users\/2"}],"replies":[{"embeddable":true,"href":"https:\/\/www.europesays.com\/fr\/wp-json\/wp\/v2\/comments?post=15184"}],"version-history":[{"count":0,"href":"https:\/\/www.europesays.com\/fr\/wp-json\/wp\/v2\/posts\/15184\/revisions"}],"wp:featuredmedia":[{"embeddable":true,"href":"https:\/\/www.europesays.com\/fr\/wp-json\/wp\/v2\/media\/15185"}],"wp:attachment":[{"href":"https:\/\/www.europesays.com\/fr\/wp-json\/wp\/v2\/media?parent=15184"}],"wp:term":[{"taxonomy":"category","embeddable":true,"href":"https:\/\/www.europesays.com\/fr\/wp-json\/wp\/v2\/categories?post=15184"},{"taxonomy":"post_tag","embeddable":true,"href":"https:\/\/www.europesays.com\/fr\/wp-json\/wp\/v2\/tags?post=15184"}],"curies":[{"name":"wp","href":"https:\/\/api.w.org\/{rel}","templated":true}]}}