{"id":151843,"date":"2025-06-04T16:39:44","date_gmt":"2025-06-04T16:39:44","guid":{"rendered":"https:\/\/www.europesays.com\/fr\/151843\/"},"modified":"2025-06-04T16:39:44","modified_gmt":"2025-06-04T16:39:44","slug":"nancy-ouvertures-dateliers-plutot-deux-fois-quune","status":"publish","type":"post","link":"https:\/\/www.europesays.com\/fr\/151843\/","title":{"rendered":"Nancy. Ouvertures d\u2019ateliers\u00a0: plut\u00f4t deux fois qu\u2019une"},"content":{"rendered":"<p>Les artistes ont toujours \u00e9t\u00e9 tr\u00e8s preneurs de ce rendez-vous. Une occasion de rencontrer le public, \u00e7a ne se refuse pas\u00a0! Ce qui a fait sans doute la p\u00e9rennit\u00e9 des Ouvertures d\u2019Ateliers depuis des ann\u00e9es.<\/p>\n<p>Jusqu\u2019\u00e0 ce que l\u2019association Tekhn\u00e9 jette l\u2019\u00e9ponge. Mauvaise nouvelle\u2026 bient\u00f4t suivie d\u2019une excellente\u00a0! La nature, en particulier artistique, ayant peur du vide, d\u2019autres ont d\u00e9cid\u00e9 de prendre le relais. Et plut\u00f4t deux, voire quatre fois qu\u2019une\u00a0!<\/p>\n<p>Non seulement l\u2019op\u00e9ration, qui suivait un rythme de biennale, adopte d\u00e9sormais un rythme annuel. Mais mieux encore, elle se d\u00e9double chaque ann\u00e9e. \u00ab\u00a0Une ouverture pour ouvrir la saison estivale, une autre pour la fermer.\u00a0\u00bb Que ces deux week-ends s\u2019inscrivent donc sur les agendas de tous les amateurs d\u2019art, du simple curieux en goguette jusqu\u2019au collectionneur av\u00e9r\u00e9\u00a0: 6-7-8 juin et 29-30-31 ao\u00fbt.<\/p>\n<p>Abondance de bien ne nuit certes pas. Encore fallait-il des organisateurs pour porter cet ambitieux projet. En l\u2019esp\u00e8ce, ce sont les associations Open Space (qui a notamment repris l\u2019espace La Factorine, rue Stanislas), et NAO.<\/p>\n<p>\u00c0 chacune son week-end, avec pour chacune quelques sp\u00e9cificit\u00e9s. Mais la base reste la m\u00eame\u00a0: il s\u2019agit, pour les artistes participants, d\u2019ouvrir leur espace de travail deux jours durant au public, dans une ambiance conviviale. Et m\u00eame, \u00e9ventuellement, y recevoir un ou deux coll\u00e8gues.<\/p>\n<p>  Nouveau volet pro<\/p>\n<p>Quelque 29 ateliers s\u2019inscriront ainsi d\u00e8s le week-end prochain sur ce parcours qui permettra aux amateurs de d\u00e9couvrir le travail d\u2019une cinquantaine d\u2019artistes au total. De quoi couvrir un large spectre des techniques exploit\u00e9es\u00a0: peinture, photo, vid\u00e9o, gravure, installation, s\u00e9rigraphie, c\u00e9ramique,\u00a0etc. Libre \u00e0 chacun de glaner telle ou telle adresse \u00e0 explorer.<\/p>\n<p>Mais l\u00e0 ne s\u2019arr\u00eate pas la proposition 2025. \u00ab\u00a0Pour le premier week-end, on a voulu ajouter un volet professionnel\u00a0\u00bb, pr\u00e9cise en effet Vincent Verl\u00e9, d\u2019Open Space.<\/p>\n<p>Soit cinq professionnels des arts visuels invit\u00e9s \u00e0 Nancy, commissaire ou directeurs d\u2019expo \u00e0 Tr\u00e8ves, Grenoble, Strasbourg,\u00a0etc., qui vont \u00e9changer avec 5 artistes nanc\u00e9iens s\u00e9lectionn\u00e9s parmi les exposants du week-end. Sous forme d\u2019un entretien flash d\u2019une demi-heure, ils auront tout loisir d\u2019exposer la nature de leur travail. \u00ab\u00a0L\u2019occasion de promouvoir la dynamique artistique de Nancy et sa r\u00e9gion hors ses fronti\u00e8res.\u00a0\u00bb<\/p>\n<p>Nouveaut\u00e9 aussi\u00a0: la soir\u00e9e d\u2019inauguration, programm\u00e9e \u00e0 la MJC Lillebonne, sera confi\u00e9e \u00e0 l\u2019un des artistes participants. Lequel en profitera pour l\u2019impr\u00e9gner de son esth\u00e9tique. Pour la premi\u00e8re, vendredi\u00a06 (de 19\u00a0h \u00e0 minuit), la mission en a \u00e9t\u00e9 confi\u00e9e au collectif Grave, qui y d\u00e9veloppera une performance autour des arts audiovisuels.<\/p>\n<p>Comment pr\u00e9parer son circuit de visites\u00a0? Deux possibilit\u00e9s\u00a0: le site internet (ateliers-ouverts-nancy.net) ou l\u2019un des 2 0000 d\u00e9pliants mis \u00e0 disposition dans la ville, notamment \u00e0 l\u2019office de tourisme. Ou alors se fier au has\u2019art, qui peut bien faire les choses aussi\u00a0!<\/p>\n","protected":false},"excerpt":{"rendered":"Les artistes ont toujours \u00e9t\u00e9 tr\u00e8s preneurs de ce rendez-vous. Une occasion de rencontrer le public, \u00e7a ne&hellip;\n","protected":false},"author":2,"featured_media":151844,"comment_status":"","ping_status":"","sticky":false,"template":"","format":"standard","meta":{"footnotes":""},"categories":[9635],"tags":[1111,11,1687,1704,1777,674,2271,1011,27,775,1702,1703,12,25],"class_list":{"0":"post-151843","1":"post","2":"type-post","3":"status-publish","4":"format-standard","5":"has-post-thumbnail","7":"category-nancy","8":"tag-actu","9":"tag-actualites","10":"tag-culture-loisirs","11":"tag-edition-nancy-et-agglomeration","12":"tag-eu","13":"tag-europe","14":"tag-exposition-arts-plastiques","15":"tag-fr","16":"tag-france","17":"tag-grand-est","18":"tag-nancy","19":"tag-nancy-ville-54b","20":"tag-news","21":"tag-republique-francaise"},"share_on_mastodon":{"url":"https:\/\/pubeurope.com\/@fr\/114626085912232428","error":""},"_links":{"self":[{"href":"https:\/\/www.europesays.com\/fr\/wp-json\/wp\/v2\/posts\/151843","targetHints":{"allow":["GET"]}}],"collection":[{"href":"https:\/\/www.europesays.com\/fr\/wp-json\/wp\/v2\/posts"}],"about":[{"href":"https:\/\/www.europesays.com\/fr\/wp-json\/wp\/v2\/types\/post"}],"author":[{"embeddable":true,"href":"https:\/\/www.europesays.com\/fr\/wp-json\/wp\/v2\/users\/2"}],"replies":[{"embeddable":true,"href":"https:\/\/www.europesays.com\/fr\/wp-json\/wp\/v2\/comments?post=151843"}],"version-history":[{"count":0,"href":"https:\/\/www.europesays.com\/fr\/wp-json\/wp\/v2\/posts\/151843\/revisions"}],"wp:featuredmedia":[{"embeddable":true,"href":"https:\/\/www.europesays.com\/fr\/wp-json\/wp\/v2\/media\/151844"}],"wp:attachment":[{"href":"https:\/\/www.europesays.com\/fr\/wp-json\/wp\/v2\/media?parent=151843"}],"wp:term":[{"taxonomy":"category","embeddable":true,"href":"https:\/\/www.europesays.com\/fr\/wp-json\/wp\/v2\/categories?post=151843"},{"taxonomy":"post_tag","embeddable":true,"href":"https:\/\/www.europesays.com\/fr\/wp-json\/wp\/v2\/tags?post=151843"}],"curies":[{"name":"wp","href":"https:\/\/api.w.org\/{rel}","templated":true}]}}