{"id":151847,"date":"2025-06-04T16:41:09","date_gmt":"2025-06-04T16:41:09","guid":{"rendered":"https:\/\/www.europesays.com\/fr\/151847\/"},"modified":"2025-06-04T16:41:09","modified_gmt":"2025-06-04T16:41:09","slug":"vous-etes-passionne-dastronomie-ce-samedi-soir-venez-observer-gratuitement-la-lune-depuis-la-plage-des-sablettes","status":"publish","type":"post","link":"https:\/\/www.europesays.com\/fr\/151847\/","title":{"rendered":"Vous \u00eates passionn\u00e9 d&rsquo;astronomie? Ce samedi soir, venez observer gratuitement la lune depuis la plage des Sablettes"},"content":{"rendered":"<p>Dans le cadre de l\u2019op\u00e9ration nationale baptis\u00e9e \u00ab\u00a0On the moon again\u00a0\u00bb, le club d\u2019astronomie de La Seyne organise,<strong> samedi 7 juin en soir\u00e9e, une s\u00e9ance publique d\u2019observation de la Lune depuis la plage des Sablettes.<\/strong>\u00a0<\/p>\n<p>Plusieurs t\u00e9lescopes seront mis \u00e0 la disposition des visiteurs afin d\u2019observer l\u2019astre de nos nuits. Les membres du club donneront les explications techniques, en particulier sur les crat\u00e8res lunaires dont ils poss\u00e8dent des photos qui pourront \u00eatre consult\u00e9es sur un ordinateur.<\/p>\n<p>En cette p\u00e9riode, indique le club, le ciel est g\u00e9n\u00e9ralement d\u00e9gag\u00e9 et les conditions d\u2019observation sont bonnes. Environ 83% de la surface de la Lune devraient \u00eatre visibles samedi soir. \u00ab\u00a0On pourra aussi essayer d\u2019observer des constellations et autres objets c\u00e9lestes actuellement visibles dans le ciel. Mais il faut savoir que, quand la Lune est pr\u00e9sente, sa lumi\u00e8re \u201c\u00e9teint\u201d g\u00e9n\u00e9ralement le ciel et rend peu faciles les autres observations.\u00a0\u00bb<\/p>\n<p><strong>Le rendez-vous est donc fix\u00e9 samedi \u00e0 partir de 20h30,<\/strong> \u00e0 c\u00f4t\u00e9 du poste de secours, o\u00f9 les t\u00e9lescopes seront accessibles jusqu\u2019\u00e0 23h30. <strong>Cet \u00e9v\u00e9nement est ouvert \u00e0 tous, gratuit et sans r\u00e9servation.<\/strong><\/p>\n<p>\u00a0<\/p>\n<p>L\u2019an dernier, cette m\u00eame op\u00e9ration avait attir\u00e9 environ deux cents personnes pour une soir\u00e9e \u00ab\u00a0dans la Lune\u00a0\u00bb. Cette s\u00e9ance sera \u00e9galement l\u2019occasion pour les adh\u00e9rents d\u2019Antar\u00e8s de pr\u00e9senter les activit\u00e9s de leur association et d\u2019attirer de nouveaux membres. \u00c0 cet \u00e9gard, il est rappel\u00e9 que le club d\u2019astronomie organise, une fois par mois, une soir\u00e9e publique \u00e0 l\u2019observatoire situ\u00e9 au sommet du chemin des Eaux.<\/p>\n<p><strong>Savoir+<\/strong><\/p>\n<p>Contacter le 04.94.87.74.47. <br \/>&#13;<br \/>\nMail: <a href=\"https:\/\/www.varmatin.com\/vie-locale\/mailto:observatoire.antares@free.fr\" target=\"_blank\" rel=\"noopener nofollow\">observatoire.antares@free.fr<\/a><\/p>\n","protected":false},"excerpt":{"rendered":"Dans le cadre de l\u2019op\u00e9ration nationale baptis\u00e9e \u00ab\u00a0On the moon again\u00a0\u00bb, le club d\u2019astronomie de La Seyne organise,&hellip;\n","protected":false},"author":2,"featured_media":151848,"comment_status":"","ping_status":"","sticky":false,"template":"","format":"standard","meta":{"footnotes":""},"categories":[9619],"tags":[1111,11,1777,674,1011,27,12,882,25,2310,3366],"class_list":{"0":"post-151847","1":"post","2":"type-post","3":"status-publish","4":"format-standard","5":"has-post-thumbnail","7":"category-toulon","8":"tag-actu","9":"tag-actualites","10":"tag-eu","11":"tag-europe","12":"tag-fr","13":"tag-france","14":"tag-news","15":"tag-provence-alpes-cote-dazur","16":"tag-republique-francaise","17":"tag-toulon","18":"tag-vie-locale"},"share_on_mastodon":{"url":"https:\/\/pubeurope.com\/@fr\/114626093576170377","error":""},"_links":{"self":[{"href":"https:\/\/www.europesays.com\/fr\/wp-json\/wp\/v2\/posts\/151847","targetHints":{"allow":["GET"]}}],"collection":[{"href":"https:\/\/www.europesays.com\/fr\/wp-json\/wp\/v2\/posts"}],"about":[{"href":"https:\/\/www.europesays.com\/fr\/wp-json\/wp\/v2\/types\/post"}],"author":[{"embeddable":true,"href":"https:\/\/www.europesays.com\/fr\/wp-json\/wp\/v2\/users\/2"}],"replies":[{"embeddable":true,"href":"https:\/\/www.europesays.com\/fr\/wp-json\/wp\/v2\/comments?post=151847"}],"version-history":[{"count":0,"href":"https:\/\/www.europesays.com\/fr\/wp-json\/wp\/v2\/posts\/151847\/revisions"}],"wp:featuredmedia":[{"embeddable":true,"href":"https:\/\/www.europesays.com\/fr\/wp-json\/wp\/v2\/media\/151848"}],"wp:attachment":[{"href":"https:\/\/www.europesays.com\/fr\/wp-json\/wp\/v2\/media?parent=151847"}],"wp:term":[{"taxonomy":"category","embeddable":true,"href":"https:\/\/www.europesays.com\/fr\/wp-json\/wp\/v2\/categories?post=151847"},{"taxonomy":"post_tag","embeddable":true,"href":"https:\/\/www.europesays.com\/fr\/wp-json\/wp\/v2\/tags?post=151847"}],"curies":[{"name":"wp","href":"https:\/\/api.w.org\/{rel}","templated":true}]}}