{"id":151857,"date":"2025-06-04T16:49:10","date_gmt":"2025-06-04T16:49:10","guid":{"rendered":"https:\/\/www.europesays.com\/fr\/151857\/"},"modified":"2025-06-04T16:49:10","modified_gmt":"2025-06-04T16:49:10","slug":"finale-grenoble-montauban-finances-des-clubs-biarritz-yann-roubert-lnr-dit-tout-sur-la-pro-d2","status":"publish","type":"post","link":"https:\/\/www.europesays.com\/fr\/151857\/","title":{"rendered":"Finale Grenoble-Montauban, finances des clubs, Biarritz&#8230; Yann Roubert (LNR) dit tout sur la Pro D2"},"content":{"rendered":"<p>            Par<br \/>\n        <strong><br \/>\n            <a href=\"https:\/\/actu.fr\/auteur\/clement-mazella\" title=\"Consulter tous les articles de Cl\u00e9ment Mazella\" target=\"_blank\" rel=\"noopener\">Cl\u00e9ment Mazella<\/a><br \/>\n        <\/strong><\/p>\n<p>        Publi\u00e9 le<\/p>\n<p>            4 juin 2025 \u00e0 17h41        <\/p>\n<p>\u00c9lu depuis mars 2025, <strong>Yann Roubert<\/strong> va assister samedi 7 juin \u00e0 Toulouse, lors de <a href=\"https:\/\/actu.fr\/rugby\/equipe\/grenoble_64dbdff47b8c09c4fec7b0a4\/\" target=\"_blank\" rel=\"noopener\">Grenoble<\/a>\u2013<a href=\"https:\/\/actu.fr\/rugby\/equipe\/montauban_64dbdff67b8c09c4fec7b138\/\" target=\"_blank\" rel=\"noopener\">Montauban<\/a>, \u00e0 sa <strong>premi\u00e8re finale<\/strong> en tant que pr\u00e9sident de <a href=\"https:\/\/actu.fr\/tag\/lnr\" target=\"_blank\" rel=\"noopener\">la LNR<\/a>. L\u2019homme de 47 ans, toujours souriant, s\u2019est pos\u00e9 quelques minutes pour \u00e9voquer aupr\u00e8s d\u2019<a href=\"https:\/\/actu.fr\/rugby\/\" target=\"_blank\" rel=\"noopener\">Actu Rugby<\/a> ce championnat de Pro D2 qui ne cesse d\u2019attirer les foules, mais qui voit aussi ann\u00e9e apr\u00e8s ann\u00e9e des clubs souffrir sur le plan financier.<\/p>\n<p>Grenoble-Montauban sera votre premi\u00e8re finale en tant que pr\u00e9sident de la LNR. Comment appr\u00e9hendez-vous cela ?<\/p>\n<p class=\" wall-content\">\u00ab\u00a0Avec un peu d\u2019\u00e9motion, je l\u2019admets. Je vais remettre un bouclier de champion que je connais bien pour l\u2019avoir remport\u00e9 2 fois avec mon club de Lyon. Il y aura aussi beaucoup de passion car il n\u2019y a rien de plus beau que de voir de tels \u00e9v\u00e9nements se d\u00e9rouler. Je me fais une grande joie de participer \u00e0 cette grande f\u00eate du rugby. J\u2019ai encore un peu le r\u00e9flexe de l\u2019ancien pr\u00e9sident de club : je m\u2019associe d\u2019ores et d\u00e9j\u00e0 au bonheur du vainqueur, et en parall\u00e8le la d\u00e9ception du battu.<\/p>\n<p>Voir une surprise comme Montauban, cela n\u2019apporte-t-il pas une curiosit\u00e9 suppl\u00e9mentaire \u00e0 la finale de Pro D2, qui a souvent mis aux prises les favoris ?<\/p>\n<p class=\" wall-content\">\u00ab\u00a0Cela montre surtout que rien n\u2019est \u00e9tabli, et que tous les matchs ont un int\u00e9r\u00eat exceptionnel. Bravo \u00e0 Montauban pour ce parcours impressionnant, rel\u00e8ve de la surprise pour certains, mais l\u2019USM n\u2019a rien vol\u00e9 sur le terrain. J\u2019\u00e9tais pr\u00e9sent \u00e0 la demi-finale contre Brive, et je peux vous dire que Montauban a largement m\u00e9rit\u00e9 sa place en finale. J\u2019ai aussi en m\u00e9moire que la saison r\u00e9guli\u00e8re a \u00e9t\u00e9 haletante jusqu\u2019au bout, et \u00e7a montre tout l\u2019int\u00e9r\u00eat de cette Pro D2. F\u00e9licitations \u00e9galement \u00e0 Grenoble, premier et qui sera \u00e9galement au rendez-vous de la finale\u00a0\u00bb.<\/p>\n<p>2200 places sont attribu\u00e9es \u00e0 chaque club, mais il semblerait qu\u2019on se dirige vers une vague noire et verte vu que la finale se dispute \u00e0 Toulouse. Est-il possible de contr\u00f4ler cela afin d\u2019\u00e9viter qu\u2019une \u00e9quipe comme Montauban ne soit presque pas \u00ab\u00a0\u00e0 domicile\u00a0\u00bb en finale ?<\/p>\n<p class=\" wall-content\">\u00ab\u00a0Ce sont de bons probl\u00e8mes, et \u00e7a montre qu\u2019il y a un r\u00e9el enthousiasme pour cette finale. La programmation du match \u00e0 Toulouse est pr\u00e9vue depuis longtemps, et on a m\u00eame p\u00e9rennis\u00e9 cela. Et pour la petite anecdote, cette finale est \u00e0 guichets ferm\u00e9s pour la seconde fois de suite avant m\u00eame de conna\u00eetre les finalistes. Cela prouve que le ph\u00e9nom\u00e8ne s\u2019installe afin de faire de ce rendez-vous une grande f\u00eate du rugby\u00a0\u00bb.\u00a0<\/p>\n<p>Tout nouveau pr\u00e9sident de la LNR, quel bilan pouvez-vous tirer de cette saison 2024-2025 de Pro D2 ?<\/p>\n<p class=\" wall-content\">\u00ab\u00a0Sur le plan qualitatif, nous avons assist\u00e9 \u00e0 de grands matchs. Et j\u2019esp\u00e8re que le plus grand d\u2019entre eux reste \u00e0 venir pour cette finale. Niveau chiffres, ils sont exceptionnels. Les audiences, mais aussi les fr\u00e9quentations des stades sont en nette augmentation. On parle d\u2019une hausse de plus de 6% de spectateurs, avec environ 6000 personnes par match en moyenne. Il y a un vrai succ\u00e8s populaire, avec un r\u00e9el ancrage des clubs dans leur terroir. C\u2019est une tr\u00e8s bonne nouvelle pour la Pro D2, mais aussi le rugby en g\u00e9n\u00e9ral. Car cette tendance, elle est g\u00e9n\u00e9rale, comme l\u2019atteste l\u2019engouement autour du Top 14 et du XV de France\u00a0\u00bb.<\/p>\n<p>Et quelle est la tendance financi\u00e8re ? Certains clubs sont contraints de r\u00e9duire leurs masses salariales selon nos informations\u2026<\/p>\n<p class=\" wall-content\">\u00ab\u00a0Cette Pro D2 se porte plut\u00f4t bien, m\u00eame si, comme vous le d\u00eetes \u00e0 juste titre, des clubs sont en d\u00e9ficit. La dynamique autour de l\u2019engouement est formidable, mais la situation financi\u00e8re globale est fragile. Au total, Top 14 et Pro D2 r\u00e9unis, le d\u00e9ficit atteint les 75 millions d\u2019euros\u00a0\u00bb.\u00a0<\/p>\n<p>    <img   decoding=\"async\" loading=\"lazy\" src=\"https:\/\/www.europesays.com\/fr\/wp-content\/uploads\/2025\/06\/yann-roubert-president-lnr-rugby-2025-1-960x640.jpg\" alt=\"Yann Roubert se r\u00e9jouit de l'engouement populaire grandissant autour de la Pro D2.\" width=\"960\" height=\"640\"\/><br \/>\n    Yann Roubert se r\u00e9jouit de l\u2019engouement populaire grandissant autour de la Pro D2. (\u00a9Icon Sport)<\/p>\n<p class=\" wall-content\"><strong>Que pouvez-vous nous dire sur le dossier Biarritz Olympique ? (l\u2019entretien a \u00e9t\u00e9 r\u00e9alis\u00e9 peu avant l\u2019appel formul\u00e9 par le club, rel\u00e9gu\u00e9 en Nationale en raison de la situation financi\u00e8re de la SASP du club, NDLR)<\/strong><\/p>\n<p class=\" wall-content\">\u00ab\u00a0On souhaite que le directoire et le conseil de surveillance vont trouver les solutions financi\u00e8res afin d\u2019attaquer la saison prochaine en Pro D2. On leur souhaite, Biarritz \u00e9tant une terre de rugby\u00a0\u00bb.<\/p>\n<p>Aujourd\u2019hui Biarritz, hier Grenoble, Montauban ou encore Carcassonne : \u00eates-vous inquiet que des clubs de Pro D2 soient aussi fragiles financi\u00e8rement parlant.<\/p>\n<p class=\" wall-content\">\u00ab\u00a0Cela montre qu\u2019il faut agir avec passion mais aussi avec raison. Les clubs qui font un travail formidable pour se structurer ne peuvent pas se reposer sur leurs lauriers car il reste toujours du boulot afin de ne pas vivre au-dessus de ses moyens. Et \u00e7a, c\u2019est tentant quand on a des ambitions sportives \u00e9lev\u00e9es, en recrutant au-del\u00e0 de ses moyens. L\u2019A2R est l\u00e0 pour les accompagner, tout comme la LNR. Ce n\u2019est facile pour personne, mais il y a des dirigeants engag\u00e9s et comp\u00e9tents, et ils font la sant\u00e9 de la Pro D2.<\/p>\n<p>Vous \u00eates en poste depuis bient\u00f4t 3 mois : ce r\u00f4le de pr\u00e9sident de la LNR est-il encore plus dur que vous ne l\u2019imaginiez ?<\/p>\n<p class=\" wall-content\">\u00ab\u00a0Il est passionnant, \u00e0 d\u00e9faut d\u2019\u00eatre reposant ! (rires). J\u2019y ai trouv\u00e9 des \u00e9quipes dont l\u2019expertise et l\u2019exp\u00e9rience sont pr\u00e9cieuses pour notre rugby. Je vois aussi pas mal du pays : j\u2019ai fait 5 matchs le week-end dernier. Je vais \u00e0 Toulouse pour la finale, en \u00e9tant aussi un peu sur Paris. Tant que ma famille tient, je suis ravi d\u2019\u00eatre \u00e0 ce poste et d\u00e9termin\u00e9 \u00e0 poursuivre avec le m\u00eame enthousiasme\u00a0\u00bb.\u00a0<\/p>\n<p class=\" wall-content\">Suivez toute l\u2019actualit\u00e9 de vos villes et m\u00e9dias favoris en vous inscrivant \u00e0 <a href=\"https:\/\/moncompte.actu.fr\" title=\"D\u00e9couvez Mon Actu\" rel=\"nofollow noopener\" data-trk=\"{&quot;cta&quot;:{&quot;action&quot;:&quot;https:\\\/\\\/moncompte.actu.fr&quot;,&quot;category&quot;:&quot;mon compte&quot;,&quot;from&quot;:&quot;article footer&quot;,&quot;name&quot;:&quot;Mon actu&quot;,&quot;type&quot;:&quot;cta&quot;}}\" target=\"_blank\">Mon Actu<\/a>.<\/p>\n","protected":false},"excerpt":{"rendered":"Par Cl\u00e9ment Mazella Publi\u00e9 le 4 juin 2025 \u00e0 17h41 \u00c9lu depuis mars 2025, Yann Roubert va assister&hellip;\n","protected":false},"author":2,"featured_media":151858,"comment_status":"","ping_status":"","sticky":false,"template":"","format":"standard","meta":{"footnotes":""},"categories":[9566],"tags":[1111,11,2430,1777,674,1011,27,2731,2947,12,2308,25,479,60],"class_list":{"0":"post-151857","1":"post","2":"type-post","3":"status-publish","4":"format-standard","5":"has-post-thumbnail","7":"category-grenoble","8":"tag-actu","9":"tag-actualites","10":"tag-auvergne-rhone-alpes","11":"tag-eu","12":"tag-europe","13":"tag-fr","14":"tag-france","15":"tag-grenoble","16":"tag-lnr","17":"tag-news","18":"tag-pro-d2","19":"tag-republique-francaise","20":"tag-rugby","21":"tag-sports"},"share_on_mastodon":{"url":"https:\/\/pubeurope.com\/@fr\/114626125191605465","error":""},"_links":{"self":[{"href":"https:\/\/www.europesays.com\/fr\/wp-json\/wp\/v2\/posts\/151857","targetHints":{"allow":["GET"]}}],"collection":[{"href":"https:\/\/www.europesays.com\/fr\/wp-json\/wp\/v2\/posts"}],"about":[{"href":"https:\/\/www.europesays.com\/fr\/wp-json\/wp\/v2\/types\/post"}],"author":[{"embeddable":true,"href":"https:\/\/www.europesays.com\/fr\/wp-json\/wp\/v2\/users\/2"}],"replies":[{"embeddable":true,"href":"https:\/\/www.europesays.com\/fr\/wp-json\/wp\/v2\/comments?post=151857"}],"version-history":[{"count":0,"href":"https:\/\/www.europesays.com\/fr\/wp-json\/wp\/v2\/posts\/151857\/revisions"}],"wp:featuredmedia":[{"embeddable":true,"href":"https:\/\/www.europesays.com\/fr\/wp-json\/wp\/v2\/media\/151858"}],"wp:attachment":[{"href":"https:\/\/www.europesays.com\/fr\/wp-json\/wp\/v2\/media?parent=151857"}],"wp:term":[{"taxonomy":"category","embeddable":true,"href":"https:\/\/www.europesays.com\/fr\/wp-json\/wp\/v2\/categories?post=151857"},{"taxonomy":"post_tag","embeddable":true,"href":"https:\/\/www.europesays.com\/fr\/wp-json\/wp\/v2\/tags?post=151857"}],"curies":[{"name":"wp","href":"https:\/\/api.w.org\/{rel}","templated":true}]}}