{"id":151859,"date":"2025-06-04T16:50:20","date_gmt":"2025-06-04T16:50:20","guid":{"rendered":"https:\/\/www.europesays.com\/fr\/151859\/"},"modified":"2025-06-04T16:50:20","modified_gmt":"2025-06-04T16:50:20","slug":"nous-avons-double-nos-effectifs-en-deux-ans-a-rennes-airbus-muscle-son-antenne-cyber","status":"publish","type":"post","link":"https:\/\/www.europesays.com\/fr\/151859\/","title":{"rendered":"\u00ab\u00a0Nous avons doubl\u00e9 nos effectifs en deux ans\u00a0\u00bb\u00a0: \u00e0 Rennes, Airbus muscle son antenne cyber"},"content":{"rendered":"<p>On conna\u00eet Airbus pour ses avions, ses h\u00e9licopt\u00e8res et ses satellites. Moins pour ses activit\u00e9s dans la cybers\u00e9curit\u00e9. Si le gros de l\u2019\u00e9quipe se r\u00e9partit entre \u00c9lancourt (78), en r\u00e9gion parisienne, et Toulouse, une partie est install\u00e9e depuis 2018 \u00e0 Saint-Jacques-de-la-Lande (35), dans le quartier de la Courrouze, tout \u00e0 c\u00f4t\u00e9 de Rennes. Une quasi-\u00e9vidence pour le groupe europ\u00e9en. \u00ab Rennes, c\u2019est un petit peu <a href=\"https:\/\/www.letelegramme.fr\/ille-et-vilaine\/rennes-35000\/cyberdefense-comment-rennes-profite-de-sa-place-centrale-6572979.php\" target=\"_blank\" rel=\"noopener\">la cybervall\u00e9e fran\u00e7aise<\/a>. M\u00eame plus qu\u2019un petit peu ! \u00bb, lance Nicolas Razy, patron des programmes cyber en France chez Airbus Defence and Space.<\/p>\n<p>Depuis son implantation dans la capitale bretonne, le petit site d\u2019Airbus a bien grandi. Alors que l\u2019\u00e9quipe ne comptait qu\u2019une poign\u00e9e d\u2019ing\u00e9nieurs et de chercheurs au d\u00e9part, elle est pass\u00e9e \u00e0 une vingtaine en 2021 et \u00e0 60 aujourd\u2019hui. \u00ab Nous avons doubl\u00e9 nos effectifs au cours des deux derni\u00e8res ann\u00e9es, se f\u00e9licite Nicolas Rauzy, dont un quart des \u00e9quipes sont aujourd\u2019hui install\u00e9es \u00e0 Rennes. Une croissance, port\u00e9e par l\u2019explosion de la menace cyber, qui a oblig\u00e9 Airbus \u00e0 agrandir petit \u00e0 petit ses bureaux bretons. Fin 2024, le groupe a ainsi investi un second \u00e9tage au sein du b\u00e2timent qu\u2019il occupe.<\/p>\n<p>D\u00e9tection des attaques et lutte contre les fake news<\/p>\n<p>\u00c0 Rennes, Airbus se concentre sur la s\u00e9curisation des syst\u00e8mes informatiques et la d\u00e9tection des cyberattaques au profit du secteur priv\u00e9 et, surtout, de la d\u00e9fense et du minist\u00e8re des Arm\u00e9es. Ce dernier est tr\u00e8s pr\u00e9sent dans la m\u00e9tropole rennaise, avec, par exemple, la DGA-MI (Direction g\u00e9n\u00e9rale de l\u2019armement-Ma\u00eetrise de l\u2019information), \u00e0 Bruz (35), et le Comcyber (Commandement de la cyberd\u00e9fense des arm\u00e9es fran\u00e7aises), \u00e0 Saint-Jacques-de-la-Lande.<\/p>\n<p><img decoding=\"async\" src=\"https:\/\/www.europesays.com\/fr\/wp-content\/uploads\/2025\/06\/68401a7530fb237b600e15e6.1.jpeg\" width=\"480\" height=\"300\" class=\"web_golden_m\" loading=\"lazy\" alt=\"Nicolas Razy dirige les activit\u00e9s cyber d\u2019Airbus en France.\"\/>Nicolas Razy dirige les activit\u00e9s cyber d\u2019Airbus en France. (Photo Airbus Defence and Space)<\/p>\n<p>Airbus travaille aussi sur la lutte contre la d\u00e9sinformation, les fake news propag\u00e9es en ligne et les deepfakes, ces fausses images ou vid\u00e9os g\u00e9n\u00e9r\u00e9es par l\u2019intelligence artificielle (IA). \u00ab C\u2019est un nouveau pilier qui s\u2019est d\u00e9velopp\u00e9 depuis 2021 \u00bb, indique Nicolas Razy, dont l\u2019\u00e9quipe rennaise s\u2019est \u00e9galement sp\u00e9cialis\u00e9e dans le \u00ab cyberentra\u00eenement \u00bb, c\u2019est-\u00e0-dire la pr\u00e9paration aux cyberattaques gr\u00e2ce \u00e0 la simulation virtuelle, l\u2019IA et d\u2019autres outils num\u00e9riques. \u00ab Nous avons aussi d\u00e9velopp\u00e9 une plateforme de formation que l\u2019on met \u00e0 disposition des \u00e9coles d\u2019ing\u00e9nieurs et des universit\u00e9s. \u00bb Parmi elles : l\u2019IMT Atlantique de Rennes, Brest et Nantes, le P\u00f4le sup de La Salle de Rennes ou l\u2019Ensibs de Lorient.<\/p>\n<p>Recrutements en permanence<\/p>\n<p>En se positionnant sur ces diff\u00e9rents segments d\u2019activit\u00e9, Airbus compte bien continuer \u00e0 g\u00e9n\u00e9rer de la croissance dans la cyber, une activit\u00e9 \u00e9pargn\u00e9e par <a href=\"https:\/\/www.letelegramme.fr\/economie\/airbus-va-supprimer-jusqua-2-500-postes-dans-sa-branche-defense-et-espace-6683466.php\" target=\"_blank\" rel=\"noopener\">les 540 suppressions de postes<\/a> pr\u00e9vues en France dans la branche Airbus Defence and Space. \u00ab Nous recrutons en permanence \u00bb, souligne Nicolas Razy. Pour lui, l\u2019avenir de l\u2019activit\u00e9 cyber \u00ab d\u00e9pendra un peu des fonds publics. Mais on voit bien qu\u2019avec le r\u00e9armement de l\u2019Europe, les enjeux sont extr\u00eamement forts \u00e0 tous les niveaux, y compris en cyber \u00bb. Rennes en profitera-t-il ? \u00ab On s\u2019est bien d\u00e9velopp\u00e9, notre site est trois plus grand qu\u2019au d\u00e9but, je ne vois pas de raison pour que \u00e7a s\u2019arr\u00eate, surtout dans le contexte actuel. \u00bb<\/p>\n","protected":false},"excerpt":{"rendered":"On conna\u00eet Airbus pour ses avions, ses h\u00e9licopt\u00e8res et ses satellites. Moins pour ses activit\u00e9s dans la cybers\u00e9curit\u00e9.&hellip;\n","protected":false},"author":2,"featured_media":151860,"comment_status":"","ping_status":"","sticky":false,"template":"","format":"standard","meta":{"footnotes":""},"categories":[2821],"tags":[1111,11,829,1777,674,1011,27,848,4555,12,584,25],"class_list":{"0":"post-151859","1":"post","2":"type-post","3":"status-publish","4":"format-standard","5":"has-post-thumbnail","7":"category-rennes","8":"tag-actu","9":"tag-actualites","10":"tag-bretagne","11":"tag-eu","12":"tag-europe","13":"tag-fr","14":"tag-france","15":"tag-ille-et-vilaine","16":"tag-local","17":"tag-news","18":"tag-rennes","19":"tag-republique-francaise"},"share_on_mastodon":{"url":"https:\/\/pubeurope.com\/@fr\/114626129052956470","error":""},"_links":{"self":[{"href":"https:\/\/www.europesays.com\/fr\/wp-json\/wp\/v2\/posts\/151859","targetHints":{"allow":["GET"]}}],"collection":[{"href":"https:\/\/www.europesays.com\/fr\/wp-json\/wp\/v2\/posts"}],"about":[{"href":"https:\/\/www.europesays.com\/fr\/wp-json\/wp\/v2\/types\/post"}],"author":[{"embeddable":true,"href":"https:\/\/www.europesays.com\/fr\/wp-json\/wp\/v2\/users\/2"}],"replies":[{"embeddable":true,"href":"https:\/\/www.europesays.com\/fr\/wp-json\/wp\/v2\/comments?post=151859"}],"version-history":[{"count":0,"href":"https:\/\/www.europesays.com\/fr\/wp-json\/wp\/v2\/posts\/151859\/revisions"}],"wp:featuredmedia":[{"embeddable":true,"href":"https:\/\/www.europesays.com\/fr\/wp-json\/wp\/v2\/media\/151860"}],"wp:attachment":[{"href":"https:\/\/www.europesays.com\/fr\/wp-json\/wp\/v2\/media?parent=151859"}],"wp:term":[{"taxonomy":"category","embeddable":true,"href":"https:\/\/www.europesays.com\/fr\/wp-json\/wp\/v2\/categories?post=151859"},{"taxonomy":"post_tag","embeddable":true,"href":"https:\/\/www.europesays.com\/fr\/wp-json\/wp\/v2\/tags?post=151859"}],"curies":[{"name":"wp","href":"https:\/\/api.w.org\/{rel}","templated":true}]}}