{"id":15186,"date":"2025-04-10T14:36:06","date_gmt":"2025-04-10T14:36:06","guid":{"rendered":"https:\/\/www.europesays.com\/fr\/15186\/"},"modified":"2025-04-10T14:36:06","modified_gmt":"2025-04-10T14:36:06","slug":"le-centre-dart-gwinzegal-sort-son-premier-livre-pour-enfants","status":"publish","type":"post","link":"https:\/\/www.europesays.com\/fr\/15186\/","title":{"rendered":"Le centre d\u2019art GwinZegal sort son premier livre pour enfants"},"content":{"rendered":"<p>Il s\u2019appelle Aurore se l\u00e8ve, parce que la photographe Aurore Bagarry se levait t\u00f4t pour prendre <a href=\"https:\/\/guingamp.maville.com\/actu\/actudet_-de-la-bretagne-a-la-martinique-les-photos-d-aurore-bagarry-sont-a-decouvrir-a-guingamp-_5-6679921_actu.Htm?utm_source=troove&amp;utm_medium=site\" target=\"_self\" rel=\"noopener\">les photos qu\u2019elle expose dans \u00ab\u00a0De la c\u00f4te\u00a0\u00bb, actuellement propos\u00e9e \u00e0 GwinZegal<\/a>. Ce livre est le premier ouvrage jeunesse propos\u00e9 par <a href=\"https:\/\/gwinzegal.com\/actualites\" target=\"_self\" rel=\"noopener\">la maison d\u2019\u00e9dition du centre d\u2019art de Guingamp<\/a>.<\/p>\n<p>\u00a0On re\u00e7oit souvent un public familial, pr\u00e9sente Solange Reboul, codirectrice de GwinZegal. Quand on vient voir une exposition, les enfants ne sont pas toujours tr\u00e8s attentifs. Ce livre est un super outil pour reparler de ce travail et de l\u2019image.\u00a0 \u00a0C\u2019est plus \u00e9vident de les marquer en passant par le biais d\u2019une histoire\u00a0, ajoute Jeanne Verlhac.<\/p>\n<p>Une plong\u00e9e originale dans l\u2019univers d\u2019Aurore Bagarry<\/p>\n<p>Dans ce livre, cette autrice et illustratrice guingampaise a voulu \u00a0restituer l\u2019univers et l\u2019ambiance\u00a0 dans laquelle travaille Aurore Bagarry. Elle s\u2019est inspir\u00e9e de photos pour illustrer cet ouvrage tr\u00e8s color\u00e9. Mais a aussi laiss\u00e9 courir son imagination. Tout comme dans le r\u00e9cit qui \u00e9voque notamment le cycle de la roche, la fa\u00e7on dont la nature fa\u00e7onne le paysage, la pr\u00e9sence de l\u2019eau\u2026<\/p>\n<p>R\u00e9alis\u00e9 en un mois, Aurore se l\u00e8ve est en vente au centre d\u2019art GwinZegal, au tarif de 5\u00a0\u20ac. Et ce premier livre jeunesse pourrait en appeler d\u2019autres.<\/p>\n<p>\u00a0<\/p>\n","protected":false},"excerpt":{"rendered":"Il s\u2019appelle Aurore se l\u00e8ve, parce que la photographe Aurore Bagarry se levait t\u00f4t pour prendre les photos&hellip;\n","protected":false},"author":2,"featured_media":15187,"comment_status":"","ping_status":"","sticky":false,"template":"","format":"standard","meta":{"footnotes":""},"categories":[1357],"tags":[3734,1379,3335,58,1719,59,1011,27,4044,6404,2003,1380,4102],"class_list":{"0":"post-15186","1":"post","2":"type-post","3":"status-publish","4":"format-standard","5":"has-post-thumbnail","7":"category-livres","8":"tag-art","9":"tag-books","10":"tag-centre","11":"tag-divertissement","12":"tag-enfants","13":"tag-entertainment","14":"tag-fr","15":"tag-france","16":"tag-guingamp","17":"tag-gwinzegal","18":"tag-livre","19":"tag-livres","20":"tag-sort"},"share_on_mastodon":{"url":"https:\/\/pubeurope.com\/@fr\/114314174972302423","error":""},"_links":{"self":[{"href":"https:\/\/www.europesays.com\/fr\/wp-json\/wp\/v2\/posts\/15186","targetHints":{"allow":["GET"]}}],"collection":[{"href":"https:\/\/www.europesays.com\/fr\/wp-json\/wp\/v2\/posts"}],"about":[{"href":"https:\/\/www.europesays.com\/fr\/wp-json\/wp\/v2\/types\/post"}],"author":[{"embeddable":true,"href":"https:\/\/www.europesays.com\/fr\/wp-json\/wp\/v2\/users\/2"}],"replies":[{"embeddable":true,"href":"https:\/\/www.europesays.com\/fr\/wp-json\/wp\/v2\/comments?post=15186"}],"version-history":[{"count":0,"href":"https:\/\/www.europesays.com\/fr\/wp-json\/wp\/v2\/posts\/15186\/revisions"}],"wp:featuredmedia":[{"embeddable":true,"href":"https:\/\/www.europesays.com\/fr\/wp-json\/wp\/v2\/media\/15187"}],"wp:attachment":[{"href":"https:\/\/www.europesays.com\/fr\/wp-json\/wp\/v2\/media?parent=15186"}],"wp:term":[{"taxonomy":"category","embeddable":true,"href":"https:\/\/www.europesays.com\/fr\/wp-json\/wp\/v2\/categories?post=15186"},{"taxonomy":"post_tag","embeddable":true,"href":"https:\/\/www.europesays.com\/fr\/wp-json\/wp\/v2\/tags?post=15186"}],"curies":[{"name":"wp","href":"https:\/\/api.w.org\/{rel}","templated":true}]}}