{"id":151863,"date":"2025-06-04T16:52:08","date_gmt":"2025-06-04T16:52:08","guid":{"rendered":"https:\/\/www.europesays.com\/fr\/151863\/"},"modified":"2025-06-04T16:52:08","modified_gmt":"2025-06-04T16:52:08","slug":"une-nouvelle-residence-etudiante-va-voir-le-jour-a-strasbourg","status":"publish","type":"post","link":"https:\/\/www.europesays.com\/fr\/151863\/","title":{"rendered":"une nouvelle r\u00e9sidence \u00e9tudiante va voir le jour \u00e0 Strasbourg"},"content":{"rendered":"<p>            Par<br \/>\n        <strong><br \/>\n            <a href=\"https:\/\/actu.fr\/auteur\/margot-fournie\" title=\"Consulter tous les articles de Margot Fournie\" rel=\"nofollow noopener\" target=\"_blank\">Margot Fournie<\/a><br \/>\n        <\/strong><\/p>\n<p>        Publi\u00e9 le<\/p>\n<p>            4 juin 2025 \u00e0 18h20        <\/p>\n<p>L\u2019ancien si\u00e8ge de la Chambre r\u00e9gionale des comptes, un immeuble de cinq \u00e9tages situ\u00e9 rue du Faubourg-de-Pierre \u00e0 <a href=\"https:\/\/actu.fr\/strasbourg\/\" rel=\"nofollow noopener\" target=\"_blank\">Strasbourg<\/a>, fait l\u2019objet de <a href=\"https:\/\/actu.fr\/tag\/travaux\" rel=\"nofollow noopener\" target=\"_blank\">travaux<\/a> dont le <strong>co\u00fbt pr\u00e9visionnel<\/strong> s\u2019\u00e9l\u00e8ve \u00e0 <strong>5\u00a0millions d\u2019euros<\/strong>.<\/p>\n<p class=\" wall-content\">Le but de ce chantier\u2009: la cr\u00e9ation d\u2019une <strong>r\u00e9sidence \u00e9tudiante moderne<\/strong> avec tout le confort n\u00e9cessaire. Elle a \u00e9t\u00e9 pr\u00e9sent\u00e9e mardi. Et \u00e0 cette occasion, un partenariat a \u00e9t\u00e9 sign\u00e9 entre la Ville de Strasbourg, l\u2019Eurom\u00e9tropole, le propri\u00e9taire et le bailleur.<\/p>\n<p>57 logements \u00e9tudiants de 11 \u00e0 42m2<\/p>\n<p class=\" wall-content\">La Fonci\u00e8re de Transformation Immobili\u00e8re (FTI) a fait l\u2019acquisition du b\u00e2timent, aid\u00e9e par une subvention de 510\u2009000\u00a0euros de l\u2019Eurom\u00e9tropole. Les travaux ont \u00e9t\u00e9 command\u00e9s par le bailleur Domial et orchestr\u00e9s par Lama Architectes et Balla Architectes.<\/p>\n<p class=\" wall-content\">D\u00e9but\u00e9s en d\u00e9cembre\u00a02022, ils devraient se terminer en juillet.<\/p>\n<p>Vid\u00e9os : en ce moment sur Actu<\/p>\n<p class=\" wall-content\">\u00c0 terme, la r\u00e9sidence comprendra <strong>57 logements<\/strong>, allant de 11m2 \u00e0 42m2. Tous seront \u00e9quip\u00e9s avec un bureau, une chaise, un meuble de penderie, un lit. \u00c0 charge aux \u00e9tudiants, aux jeunes travailleurs d\u2019apporter le linge de maison, la vaisselle et la d\u00e9coration.<\/p>\n<p class=\" wall-content\"><strong>Les loyers<\/strong> pour ces appartements ne sont <strong>pas encore connus<\/strong>. Ils seront fix\u00e9s plus tard par la MGEL (mutuelle g\u00e9n\u00e9rale des \u00e9tudiants de l\u2019Est).<\/p>\n<p>Une salle de sport, un sauna\u2026<\/p>\n<p class=\" wall-content\">En plus des appartements, le b\u00e2timent comprendra un <strong>espace de coworking<\/strong> avec une caf\u00e9t\u00e9ria et une <strong>salle de sport<\/strong>, au rez-de-chauss\u00e9e. Ainsi qu\u2019un <strong>sauna<\/strong> et une laverie au sous-sol.<\/p>\n<p class=\" wall-content\"><strong>80 arceaux de v\u00e9lo<\/strong> seront install\u00e9s dans la cour.<\/p>\n<p class=\" wall-content\">La MGEL aura ses bureaux au deuxi\u00e8me \u00e9tage. Les employ\u00e9s de la mutuelle auront \u00e9galement acc\u00e8s \u00e0 <strong>une terrasse<\/strong> donnant sur la cour int\u00e9rieure.<\/p>\n<p class=\" wall-content\">Suivez toute l\u2019actualit\u00e9 de vos villes et m\u00e9dias favoris en vous inscrivant \u00e0 <a href=\"https:\/\/moncompte.actu.fr\" title=\"D\u00e9couvez Mon Actu\" rel=\"nofollow noopener\" data-trk=\"{&quot;cta&quot;:{&quot;action&quot;:&quot;https:\\\/\\\/moncompte.actu.fr&quot;,&quot;category&quot;:&quot;mon compte&quot;,&quot;from&quot;:&quot;article footer&quot;,&quot;name&quot;:&quot;Mon actu&quot;,&quot;type&quot;:&quot;cta&quot;}}\" target=\"_blank\">Mon Actu<\/a>.<\/p>\n","protected":false},"excerpt":{"rendered":"Par Margot Fournie Publi\u00e9 le 4 juin 2025 \u00e0 18h20 L\u2019ancien si\u00e8ge de la Chambre r\u00e9gionale des comptes,&hellip;\n","protected":false},"author":2,"featured_media":151864,"comment_status":"","ping_status":"","sticky":false,"template":"","format":"standard","meta":{"footnotes":""},"categories":[2820],"tags":[1111,11,1777,674,1011,27,775,12,25,104,640,2086],"class_list":{"0":"post-151863","1":"post","2":"type-post","3":"status-publish","4":"format-standard","5":"has-post-thumbnail","7":"category-strasbourg","8":"tag-actu","9":"tag-actualites","10":"tag-eu","11":"tag-europe","12":"tag-fr","13":"tag-france","14":"tag-grand-est","15":"tag-news","16":"tag-republique-francaise","17":"tag-societe","18":"tag-strasbourg","19":"tag-travaux"},"share_on_mastodon":{"url":"https:\/\/pubeurope.com\/@fr\/114626136887458559","error":""},"_links":{"self":[{"href":"https:\/\/www.europesays.com\/fr\/wp-json\/wp\/v2\/posts\/151863","targetHints":{"allow":["GET"]}}],"collection":[{"href":"https:\/\/www.europesays.com\/fr\/wp-json\/wp\/v2\/posts"}],"about":[{"href":"https:\/\/www.europesays.com\/fr\/wp-json\/wp\/v2\/types\/post"}],"author":[{"embeddable":true,"href":"https:\/\/www.europesays.com\/fr\/wp-json\/wp\/v2\/users\/2"}],"replies":[{"embeddable":true,"href":"https:\/\/www.europesays.com\/fr\/wp-json\/wp\/v2\/comments?post=151863"}],"version-history":[{"count":0,"href":"https:\/\/www.europesays.com\/fr\/wp-json\/wp\/v2\/posts\/151863\/revisions"}],"wp:featuredmedia":[{"embeddable":true,"href":"https:\/\/www.europesays.com\/fr\/wp-json\/wp\/v2\/media\/151864"}],"wp:attachment":[{"href":"https:\/\/www.europesays.com\/fr\/wp-json\/wp\/v2\/media?parent=151863"}],"wp:term":[{"taxonomy":"category","embeddable":true,"href":"https:\/\/www.europesays.com\/fr\/wp-json\/wp\/v2\/categories?post=151863"},{"taxonomy":"post_tag","embeddable":true,"href":"https:\/\/www.europesays.com\/fr\/wp-json\/wp\/v2\/tags?post=151863"}],"curies":[{"name":"wp","href":"https:\/\/api.w.org\/{rel}","templated":true}]}}