{"id":151865,"date":"2025-06-04T16:53:09","date_gmt":"2025-06-04T16:53:09","guid":{"rendered":"https:\/\/www.europesays.com\/fr\/151865\/"},"modified":"2025-06-04T16:53:09","modified_gmt":"2025-06-04T16:53:09","slug":"pentecote-fonctionnement-de-la-collecte-des-dechets-et-des-decheteries","status":"publish","type":"post","link":"https:\/\/www.europesays.com\/fr\/151865\/","title":{"rendered":"Pentec\u00f4te\u00a0: Fonctionnement de la collecte des d\u00e9chets et des d\u00e9ch\u00e8teries"},"content":{"rendered":"<p class=\"st-surtitre\">\n            Le lundi de Pentec\u00f4te \u00e9tant f\u00e9ri\u00e9, la collecte des d\u00e9chets sur le territoire de l\u2019Eurom\u00e9tropole de Strasbourg et le fonctionnement des d\u00e9ch\u00e8teries peuvent \u00eatre modifi\u00e9s.\u00a0\n        <\/p>\n<p><img loading=\"lazy\" decoding=\"async\" alt=\"\" data-fileentryid=\"537179131\" height=\"400\" src=\"https:\/\/www.europesays.com\/fr\/wp-content\/uploads\/2025\/06\/dechets_interieur-1-jpg.jpeg\" style=\"margin:10px; float:left\" width=\"600\"\/>Afin de garantir le bon fonctionnement de la collecte des d\u00e9chets, les habitants sont invit\u00e9s \u00e0 se reporter \u00e0 leur calendrier de collecte pour 2025, \u00e0 consulter <a href=\"https:\/\/www.strasbourg.eu\/calendriers-collecte-des-dechets\/\" target=\"_blank\" rel=\"noopener\">les pages d\u00e9di\u00e9es de ce site web<\/a>\u00a0ou\u00a0\u00e0 contacter le n\u00b0 info d\u00e9chet au 03.68.98.51.90.<\/p>\n<p><b>Les collectes de la semaine du 9 au 13 juin sont d\u00e9cal\u00e9es d&rsquo;une journ\u00e9e.<\/b><br \/>Ainsi<\/p>\n<ul>\n<li>Les collectes du lundi 9 juin sont report\u00e9es au mardi 10 juin<\/li>\n<li>Les collectes du mardi 10 juin sont report\u00e9es au mercredi 11 juin<\/li>\n<li>Les collectes du mercredi 11 juin sont report\u00e9es au jeudi 12 juin<\/li>\n<li>Les collectes du jeudi 12 juin sont report\u00e9es au vendredi 13 juin<\/li>\n<li>Les collectes du vendredi 13 juin sont report\u00e9es au samedi 14 juin<\/li>\n<\/ul>\n<p><b>Ouverture des d\u00e9ch\u00e8teries\u00a0<\/b><\/p>\n<ul>\n<li>Dimanche 8 juin\u00a0: Toutes les d\u00e9ch\u00e8teries seront ferm\u00e9es.<\/li>\n<li>Lundi 9 juin\u00a0: Toutes les d\u00e9ch\u00e8teries seront ouvertes de 8h \u00e0 12h.<\/li>\n<\/ul>\n<p>\u00c0 noter\u00a0: dernier acc\u00e8s autoris\u00e9 15 minutes avant la fermeture des sites.<\/p>\n<p>Les collectes d\u2019ordures m\u00e9nag\u00e8res et les collectes s\u00e9lectives du verre\u00a0sont \u00e9galement modifi\u00e9es dans les communes de<b> Achenheim, Breuschwickersheim, Hangenbieten, Kolbsheim et Osthoffen.<\/b><\/p>\n<ul>\n<li>\u00e0 Achenheim :\u00a0 celles du lundi 9 juin sont report\u00e9es au mardi 10.<\/li>\n<li>\u00e0 Breuschwickersheim et Kolbsheim :\u00a0celles\u00a0du jeudi 12 juin sont report\u00e9es au vendredi 13 juin<\/li>\n<li>\u00e0 Hangenbieten et Osthoffen\u00a0: celles du vendredi 13 juin sont report\u00e9es au samedi 14 juin<\/li>\n<\/ul>\n","protected":false},"excerpt":{"rendered":"Le lundi de Pentec\u00f4te \u00e9tant f\u00e9ri\u00e9, la collecte des d\u00e9chets sur le territoire de l\u2019Eurom\u00e9tropole de Strasbourg et&hellip;\n","protected":false},"author":2,"featured_media":151866,"comment_status":"","ping_status":"","sticky":false,"template":"","format":"standard","meta":{"footnotes":""},"categories":[2820],"tags":[24061,1111,11,13205,24062,28124,20963,28125,28126,28123,11353,24063,3908,24064,436,4373,21619,1777,674,10594,1011,27,7533,4076,775,24437,20545,28127,15899,24065,3088,8419,24066,9440,10462,24067,24068,28128,3327,28129,3264,28130,28131,28132,12,13182,17351,21307,28133,24069,6611,23868,28134,23331,7092,25,24566,28135,5512,16322,640,28136,17241,24070],"class_list":{"0":"post-151865","1":"post","2":"type-post","3":"status-publish","4":"format-standard","5":"has-post-thumbnail","7":"category-strasbourg","8":"tag-achenheim","9":"tag-actu","10":"tag-actualites","11":"tag-bischheim","12":"tag-blaesheim","13":"tag-bourse-krutenau","14":"tag-breuschwickersheim","15":"tag-cronenbourg-nord","16":"tag-cronenbourg-sud","17":"tag-demarches","18":"tag-eckbolsheim","19":"tag-eckwersheim","20":"tag-elsau","21":"tag-entzheim","22":"tag-environnement","23":"tag-eschau","24":"tag-esplanade","25":"tag-eu","26":"tag-europe","27":"tag-fegersheim","28":"tag-fr","29":"tag-france","30":"tag-gare","31":"tag-geispolsheim","32":"tag-grand-est","33":"tag-grande-ile","34":"tag-hangenbieten","35":"tag-hautepierre","36":"tag-hoenheim","37":"tag-holtzheim","38":"tag-illkirch-graffenstaden","39":"tag-koenigshoffen","40":"tag-kolbsheim","41":"tag-la-wantzenau","42":"tag-lampertheim","43":"tag-lingolsheim","44":"tag-lipsheim","45":"tag-meinau","46":"tag-mittelhausbergen","47":"tag-montagne-verte","48":"tag-mundolsheim","49":"tag-neudorf-musau","50":"tag-neuhof-nord","51":"tag-neuhof-sud","52":"tag-news","53":"tag-niederhausbergen","54":"tag-oberhausbergen","55":"tag-oberschaeffolsheim","56":"tag-orangerie-conseil-des-xv","57":"tag-osthoffen","58":"tag-ostwald","59":"tag-plobsheim","60":"tag-port-du-rhin","61":"tag-poteries-hohberg","62":"tag-reichstett","63":"tag-republique-francaise","64":"tag-robertsau-cite-de-lill","65":"tag-robertsau-wacken","66":"tag-schiltigheim","67":"tag-souffelweyersheim","68":"tag-strasbourg","69":"tag-tribunal-contades","70":"tag-vendenheim","71":"tag-wolfisheim"},"share_on_mastodon":{"url":"","error":"Validation failed: Text character limit of 500 exceeded"},"_links":{"self":[{"href":"https:\/\/www.europesays.com\/fr\/wp-json\/wp\/v2\/posts\/151865","targetHints":{"allow":["GET"]}}],"collection":[{"href":"https:\/\/www.europesays.com\/fr\/wp-json\/wp\/v2\/posts"}],"about":[{"href":"https:\/\/www.europesays.com\/fr\/wp-json\/wp\/v2\/types\/post"}],"author":[{"embeddable":true,"href":"https:\/\/www.europesays.com\/fr\/wp-json\/wp\/v2\/users\/2"}],"replies":[{"embeddable":true,"href":"https:\/\/www.europesays.com\/fr\/wp-json\/wp\/v2\/comments?post=151865"}],"version-history":[{"count":0,"href":"https:\/\/www.europesays.com\/fr\/wp-json\/wp\/v2\/posts\/151865\/revisions"}],"wp:featuredmedia":[{"embeddable":true,"href":"https:\/\/www.europesays.com\/fr\/wp-json\/wp\/v2\/media\/151866"}],"wp:attachment":[{"href":"https:\/\/www.europesays.com\/fr\/wp-json\/wp\/v2\/media?parent=151865"}],"wp:term":[{"taxonomy":"category","embeddable":true,"href":"https:\/\/www.europesays.com\/fr\/wp-json\/wp\/v2\/categories?post=151865"},{"taxonomy":"post_tag","embeddable":true,"href":"https:\/\/www.europesays.com\/fr\/wp-json\/wp\/v2\/tags?post=151865"}],"curies":[{"name":"wp","href":"https:\/\/api.w.org\/{rel}","templated":true}]}}