{"id":151867,"date":"2025-06-04T16:54:11","date_gmt":"2025-06-04T16:54:11","guid":{"rendered":"https:\/\/www.europesays.com\/fr\/151867\/"},"modified":"2025-06-04T16:54:11","modified_gmt":"2025-06-04T16:54:11","slug":"pour-sa-nouvelle-edition-lalmanach-de-la-federation-des-associations-du-comte-de-nice-deroule-le-tapis-rouge-au-cinema-local","status":"publish","type":"post","link":"https:\/\/www.europesays.com\/fr\/151867\/","title":{"rendered":"Pour sa nouvelle \u00e9dition, l\u2019almanach de la F\u00e9d\u00e9ration des associations du Comt\u00e9 de Nice d\u00e9roule le tapis rouge au cin\u00e9ma local"},"content":{"rendered":"<p>Armanac Nissart moteur! Pour cette ann\u00e9e 2025, <strong>l\u2019almanach \u00e9dit\u00e9 par la F\u00e9d\u00e9ration des associations du Comt\u00e9 de Nice<\/strong> et qui vient de sortir, a la vedette. L\u2019\u00e9pais dossier est en fin de livret, mais il tient la t\u00eate d\u2019affiche avec son th\u00e8me: Le cin\u00e9ma dans le Comt\u00e9 de Nice. On en apprend \u00e9norm\u00e9ment sur le 7e art \u00e0 la ni\u00e7oise, car qui dit cin\u00e9ma \u00e0 Nice, ne dit pas que<strong> studios de la Victorine<\/strong>, dont l\u2019historique se d\u00e9roule sur trois pages.<\/p>\n<p>Renoir, Vigo, Lautner <\/p>\n<p>D\u2019autres, en effet, ouvr\u00e8rent la marche vers les plateaux comme le studio de Charles Path\u00e9, cr\u00e9\u00e9 en 1908, route de Turin, dans une fabrique de savon d\u00e9saffect\u00e9e ou <strong>le studio de L\u00e9on Gaumont<\/strong>, ouvert en 1913, \u00e0 Carras. Les salles de cin\u00e9ma de quartier, le coquin Studio 34, le premier film de Jean Renoir, Catherine, la vision de Nice \u00e0 travers l\u2019\u0153il de Jean Vigo, les personnalit\u00e9s enterr\u00e9es \u00e0 Nice ou dans la r\u00e9gion comme Georges Lautner au cimeti\u00e8re du Ch\u00e2teau, Jacques Toja \u00e0 Caucade, Francis Blanche \u00e0 \u00c8ze, Georges Geret \u00e0 Saint-Paul-de-Vence&#8230; ont aussi le beau r\u00f4le dans ce num\u00e9ro, o\u00f9 on \u00e9voque \u00e9galement H\u00e9l\u00e8ne Rex, star du cin\u00e9ma muet \u00e0 Nice.<\/p>\n<p>Au casting de ces 212 pages, d\u2019autres sujets captent la lumi\u00e8re des projecteurs, tels que les 100 ans de la <strong>Ciamada Nissarda<\/strong>, le d\u00e9fil\u00e9 d\u2019autres associations locales et r\u00e9gionales dans tous les domaines y compris les plus inattendus, le calendrier annuel, une s\u00e9quence sur les chasseurs alpins de Saint-Martin d\u2019Entraunes \u00e0 la Belle \u00c9poque et bien entendu, quelques recettes savoureuses.<\/p>\n<p><strong>Savoir+<\/strong><br \/>&#13;<br \/>\nL\u2019Armanac Nissart est disponible gratuitement dans les locaux de la FACN, 2, ter, rue Pierre Blancon, le mercredi de 8h30 \u00e0 15h30.<br \/>&#13;<br \/>\nT\u00e9l: 04.92.04.11.81 ou sur <a href=\"http:\/\/comtedenice.fr\" target=\"_blank\" rel=\"noopener nofollow\">comtedenice.fr<\/a><\/p>\n","protected":false},"excerpt":{"rendered":"Armanac Nissart moteur! Pour cette ann\u00e9e 2025, l\u2019almanach \u00e9dit\u00e9 par la F\u00e9d\u00e9ration des associations du Comt\u00e9 de Nice&hellip;\n","protected":false},"author":2,"featured_media":151868,"comment_status":"","ping_status":"","sticky":false,"template":"","format":"standard","meta":{"footnotes":""},"categories":[2819],"tags":[1111,11,650,251,1777,674,1011,27,12,2401,882,25],"class_list":{"0":"post-151867","1":"post","2":"type-post","3":"status-publish","4":"format-standard","5":"has-post-thumbnail","7":"category-nice","8":"tag-actu","9":"tag-actualites","10":"tag-cinema","11":"tag-culture","12":"tag-eu","13":"tag-europe","14":"tag-fr","15":"tag-france","16":"tag-news","17":"tag-nice","18":"tag-provence-alpes-cote-dazur","19":"tag-republique-francaise"},"share_on_mastodon":{"url":"https:\/\/pubeurope.com\/@fr\/114626144788036908","error":""},"_links":{"self":[{"href":"https:\/\/www.europesays.com\/fr\/wp-json\/wp\/v2\/posts\/151867","targetHints":{"allow":["GET"]}}],"collection":[{"href":"https:\/\/www.europesays.com\/fr\/wp-json\/wp\/v2\/posts"}],"about":[{"href":"https:\/\/www.europesays.com\/fr\/wp-json\/wp\/v2\/types\/post"}],"author":[{"embeddable":true,"href":"https:\/\/www.europesays.com\/fr\/wp-json\/wp\/v2\/users\/2"}],"replies":[{"embeddable":true,"href":"https:\/\/www.europesays.com\/fr\/wp-json\/wp\/v2\/comments?post=151867"}],"version-history":[{"count":0,"href":"https:\/\/www.europesays.com\/fr\/wp-json\/wp\/v2\/posts\/151867\/revisions"}],"wp:featuredmedia":[{"embeddable":true,"href":"https:\/\/www.europesays.com\/fr\/wp-json\/wp\/v2\/media\/151868"}],"wp:attachment":[{"href":"https:\/\/www.europesays.com\/fr\/wp-json\/wp\/v2\/media?parent=151867"}],"wp:term":[{"taxonomy":"category","embeddable":true,"href":"https:\/\/www.europesays.com\/fr\/wp-json\/wp\/v2\/categories?post=151867"},{"taxonomy":"post_tag","embeddable":true,"href":"https:\/\/www.europesays.com\/fr\/wp-json\/wp\/v2\/tags?post=151867"}],"curies":[{"name":"wp","href":"https:\/\/api.w.org\/{rel}","templated":true}]}}