{"id":151871,"date":"2025-06-04T16:56:10","date_gmt":"2025-06-04T16:56:10","guid":{"rendered":"https:\/\/www.europesays.com\/fr\/151871\/"},"modified":"2025-06-04T16:56:10","modified_gmt":"2025-06-04T16:56:10","slug":"pres-de-nantes-cet-homme-marchait-nu-en-se-masturbant-au-bord-de-la-route","status":"publish","type":"post","link":"https:\/\/www.europesays.com\/fr\/151871\/","title":{"rendered":"Pr\u00e8s de Nantes, cet homme marchait nu en se masturbant au bord de la route"},"content":{"rendered":"<p>            Par<br \/>\n        <strong><br \/>\n            <a href=\"https:\/\/actu.fr\/auteur\/journaliste-sm\" title=\"Consulter tous les articles de R\u00e9daction Clisson\" rel=\"nofollow noopener\" target=\"_blank\">R\u00e9daction Clisson<\/a><br \/>\n        <\/strong><\/p>\n<p>        Publi\u00e9 le<\/p>\n<p>            4 juin 2025 \u00e0 18h36        <\/p>\n<p>Pr\u00e9vue en<b> septembre\u00a02024, l<\/b>\u2019affaire avait d\u00e9j\u00e0 \u00e9t\u00e9 <b>renvoy\u00e9e<\/b>\u00a0pour que le <b>pr\u00e9venu puisse faire l\u2019objet d\u2019une expertise psychiatrique<\/b>.<\/p>\n<blockquote class=\"ac-article-quote wall-content\">\n<p>Il y a de vrais enjeux et il souffre d\u2019un gros probl\u00e8me d\u2019alcool et de stup\u00e9fiants.<\/p>\n<p>Le parquet<\/p><\/blockquote>\n<p class=\" wall-content\">Il avait dress\u00e9 un portrait, \u00e0 l\u2019\u00e9poque, de ce<b> sans domicile fixe<\/b> (SDF) d\u00e9j\u00e0<b> condamn\u00e9 le 28\u00a0novembre 2022 <\/b>\u00e0<b> six mois de prison avec sursis<\/b> pour des \u00ab<b>\u2009menaces de mort<\/b>\u2009\u00bb, un \u00ab\u2009<b>recel de vol\u2009<\/b>\u00bb et une \u00ab\u2009<b>exhibition sexuelle<\/b>\u2009\u00bb.<\/p>\n<p class=\" wall-content\">Ce Nantais d\u2019origine de 37\u00a0ans ne s\u2019\u00e9tait toutefois \u00ab\u2009pas pr\u00e9sent\u00e9\u2009\u00bb \u00e0 son rendez-vous m\u00e9dical, pr\u00e9vu chez la psychiatre le 14\u00a0avril 2025.<b> Son avocate n\u2019avait, elle aussi, plus de nouvelles de son client,<\/b> et s\u2019est vue \u00ab\u2009d\u00e9cerner acte\u2009\u00bb de sa pr\u00e9sence en d\u00e9but d\u2019audience avant de tourner les talons. <b>Le pr\u00e9venu a donc \u00e9t\u00e9 jug\u00e9 en son absence<\/b>.<\/p>\n<p class=\" wall-content\">Deux t\u00e9moins avaient en fait rep\u00e9r\u00e9<b> l\u2019homme \u00ab\u2009relativement alcoolis\u00e9\u2009\u00bb<\/b> vers 8\u2009h, le <b>11\u00a0juillet 2024<\/b>, sur \u00ab\u2009la voie publique\u2009\u00bb \u00e0 <a href=\"https:\/\/actu.fr\/pays-de-la-loire\/basse-goulaine_44009\" rel=\"nofollow noopener\" target=\"_blank\"><b>Basse-Goulaine<\/b><\/a>\u2009: l\u2019un avait rapport\u00e9 qu\u2019il \u00ab\u2009<b>marchait nu\u2009<\/b>\u00bb et l\u2019autre qu\u2019il s<b>e \u00ab\u2009masturbait\u2009\u00bb.<\/b><\/p>\n<p class=\" wall-content\">Interrog\u00e9 dans la foul\u00e9e,<b> <\/b>le pr\u00e9venu avait indiqu\u00e9 aux enqu\u00eateurs avoir \u00ab\u2009exerc\u00e9 une seule petite pression\u2009\u00bb<b> <\/b>et avait \u00e9t\u00e9 plac\u00e9 <b>le 12\u00a0juillet 2024 sous contr\u00f4le judiciaire dans l\u2019attente de son proc\u00e8s<\/b>. Un contr\u00f4le judiciaire qui avait \u00e9t\u00e9 \u00ab\u2009maintenu\u2009\u00bb \u00e0 l\u2019issue d\u2019un premier renvoi de l\u2019affaire en septembre\u00a02024.<\/p>\n<p class=\" wall-content\">Dans ces conditions, la pr\u00e9sidente du tribunal correctionnel de Nantes a donc<b> condamn\u00e9 cet homme \u00e0 six mois de prison ferme <\/b>pour son <b>\u00ab\u2009exhibition sexuelle\u2009\u00bb<\/b> et \u00e0 100\u00a0\u20ac d\u2019amende pour son <b>\u00ab\u2009ivresse sur la voie publique\u2009\u00bb<\/b>, suivant en cela \u00e0 la lettre les r\u00e9quisitions de la procureure de la R\u00e9publique.<\/p>\n<p class=\" wall-content\">Suivez toute l\u2019actualit\u00e9 de vos villes et m\u00e9dias favoris en vous inscrivant \u00e0 <a href=\"https:\/\/moncompte.actu.fr\" title=\"D\u00e9couvez Mon Actu\" rel=\"nofollow noopener\" data-trk=\"{&quot;cta&quot;:{&quot;action&quot;:&quot;https:\\\/\\\/moncompte.actu.fr&quot;,&quot;category&quot;:&quot;mon compte&quot;,&quot;from&quot;:&quot;article footer&quot;,&quot;name&quot;:&quot;Mon actu&quot;,&quot;type&quot;:&quot;cta&quot;}}\" target=\"_blank\">Mon Actu<\/a>.<\/p>\n","protected":false},"excerpt":{"rendered":"Par R\u00e9daction Clisson Publi\u00e9 le 4 juin 2025 \u00e0 18h36 Pr\u00e9vue en septembre\u00a02024, l\u2019affaire avait d\u00e9j\u00e0 \u00e9t\u00e9 renvoy\u00e9e\u00a0pour&hellip;\n","protected":false},"author":2,"featured_media":151872,"comment_status":"","ping_status":"","sticky":false,"template":"","format":"standard","meta":{"footnotes":""},"categories":[2818],"tags":[1111,11,1777,674,118,1011,27,303,766,12,2636,13832,25,799],"class_list":{"0":"post-151871","1":"post","2":"type-post","3":"status-publish","4":"format-standard","5":"has-post-thumbnail","7":"category-nantes","8":"tag-actu","9":"tag-actualites","10":"tag-eu","11":"tag-europe","12":"tag-faits-divers","13":"tag-fr","14":"tag-france","15":"tag-justice","16":"tag-nantes","17":"tag-news","18":"tag-pays-de-la-loire","19":"tag-psy","20":"tag-republique-francaise","21":"tag-violences-sexuelles"},"share_on_mastodon":{"url":"https:\/\/pubeurope.com\/@fr\/114626152680591345","error":""},"_links":{"self":[{"href":"https:\/\/www.europesays.com\/fr\/wp-json\/wp\/v2\/posts\/151871","targetHints":{"allow":["GET"]}}],"collection":[{"href":"https:\/\/www.europesays.com\/fr\/wp-json\/wp\/v2\/posts"}],"about":[{"href":"https:\/\/www.europesays.com\/fr\/wp-json\/wp\/v2\/types\/post"}],"author":[{"embeddable":true,"href":"https:\/\/www.europesays.com\/fr\/wp-json\/wp\/v2\/users\/2"}],"replies":[{"embeddable":true,"href":"https:\/\/www.europesays.com\/fr\/wp-json\/wp\/v2\/comments?post=151871"}],"version-history":[{"count":0,"href":"https:\/\/www.europesays.com\/fr\/wp-json\/wp\/v2\/posts\/151871\/revisions"}],"wp:featuredmedia":[{"embeddable":true,"href":"https:\/\/www.europesays.com\/fr\/wp-json\/wp\/v2\/media\/151872"}],"wp:attachment":[{"href":"https:\/\/www.europesays.com\/fr\/wp-json\/wp\/v2\/media?parent=151871"}],"wp:term":[{"taxonomy":"category","embeddable":true,"href":"https:\/\/www.europesays.com\/fr\/wp-json\/wp\/v2\/categories?post=151871"},{"taxonomy":"post_tag","embeddable":true,"href":"https:\/\/www.europesays.com\/fr\/wp-json\/wp\/v2\/tags?post=151871"}],"curies":[{"name":"wp","href":"https:\/\/api.w.org\/{rel}","templated":true}]}}