{"id":151873,"date":"2025-06-04T16:57:11","date_gmt":"2025-06-04T16:57:11","guid":{"rendered":"https:\/\/www.europesays.com\/fr\/151873\/"},"modified":"2025-06-04T16:57:11","modified_gmt":"2025-06-04T16:57:11","slug":"les-agents-du-crous-annoncent-faire-greve","status":"publish","type":"post","link":"https:\/\/www.europesays.com\/fr\/151873\/","title":{"rendered":"les agents du Crous annoncent faire gr\u00e8ve"},"content":{"rendered":"<p>            Par<br \/>\n        <strong><br \/>\n            <a href=\"https:\/\/actu.fr\/auteur\/clemence-pays02-actu-fr\" title=\"Consulter tous les articles de Cl\u00e9mence Pays\" target=\"_blank\" rel=\"noopener\">Cl\u00e9mence Pays<\/a><br \/>\n        <\/strong><\/p>\n<p>        Publi\u00e9 le<\/p>\n<p>            4 juin 2025 \u00e0 18h33        <\/p>\n<p>\u00c0 Nantes, <strong>les agents du Crous ont d\u00e9pos\u00e9 un pr\u00e9avis de gr\u00e8ve<\/strong> pour la journ\u00e9e du jeudi 5\u00a0juin 2025. Ce sont plus particuli\u00e8rement les salari\u00e9s du <strong>restaurant universitaire (RU) du Tertre<\/strong> qui ont d\u00e9cid\u00e9 de faire entendre leur voix.<\/p>\n<p class=\" wall-content\">\u00ab\u2009Une dizaine de personnes va monter un <strong>piquet de gr\u00e8ve<\/strong> devant le RU\u2009\u00bb, indique Christophe Piron, secr\u00e9taire g\u00e9n\u00e9ral CGT Crous de Nantes\/Pays de la Loire, sollicit\u00e9 par <a href=\"https:\/\/actu.fr\/nantes\" target=\"_blank\" rel=\"noopener\">actu Nantes.<\/a><\/p>\n<p class=\" wall-content\">Une gr\u00e8ve qui pourrait bien <strong>perturber les services<\/strong> du Crous, notamment les repas du midi. \u00ab\u2009On ne sait pas encore si la structure sera ferm\u00e9e ou pas\u2009\u00bb, livre le repr\u00e9sentant syndical.<\/p>\n<p>111 postes vacants en Pays de la Loire<\/p>\n<p class=\" wall-content\">Dans un communiqu\u00e9, les agents du Tertre d\u00e9noncent un <strong>\u00ab\u2009manque important de main-d\u2019\u0153uvre<\/strong> (h\u00e9bergement-restauration-secr\u00e9tariat)\u2009\u00bb, mais aussi \u00ab\u2009des <strong>conditions de travail<\/strong> qui se d\u00e9gradent d\u2019ann\u00e9e en ann\u00e9e du fait du non-recrutement de personnels titulaires\u2009\u00bb.<\/p>\n<blockquote class=\"ac-article-quote wall-content\">\n<p>Dans la r\u00e9gion, on a 111 postes vacants, mais qui sont occup\u00e9s par des CDD. On aimerait leur titularisation.<\/p>\n<p>    <strong>Christophe Piron<\/strong><br \/>\n        Secr\u00e9taire g\u00e9n\u00e9ral CGT Crous de Nantes\/Pays de la Loire    <\/p><\/blockquote>\n<p>Vid\u00e9os : en ce moment sur Actu<\/p>\n<p class=\" wall-content\">D\u2019autre part, Christophe Piron affirme que la r\u00e9alit\u00e9 du terrain a chang\u00e9 ces derni\u00e8res ann\u00e9es avec <strong>\u00ab\u200910 \u00e0 15\u2009% de fr\u00e9quentation estudiantine suppl\u00e9mentaire,<\/strong> sans plus d\u2019embauche\u2009\u00bb.<\/p>\n<p class=\" wall-content\">Sans compter que le Crous du Tertre est \u00ab\u2009une <strong>structure vieillissante,<\/strong> avec du mat\u00e9riel d\u00e9fectueux\u2009\u00bb. \u00ab\u2009Les \u00e9quipes ont du mal \u00e0 suivre.\u2009\u00bb<\/p>\n<p class=\" wall-content\">Le communiqu\u00e9 met \u00e9galement en avant \u00ab\u2009des <strong>pratiques manag\u00e9riales inadapt\u00e9es<\/strong> de la part de certaines directions locales\u2009\u00bb.<\/p>\n<p>Une journ\u00e9e de mobilisation \u00e0 Nantes<\/p>\n<p class=\" wall-content\">Le piquet de gr\u00e8ve des personnels du Crous, organis\u00e9 \u00e0 l\u2019initiative des agents de Nantes, se tiendra donc <strong>jeudi 5\u00a0juin, \u00e0 10\u2009h,<\/strong> devant le restaurant universitaire du Tertre.<\/p>\n<p class=\" wall-content\">\u00ab\u2009Une d\u00e9l\u00e9gation des personnels sera re\u00e7ue par la direction r\u00e9gionale<strong> \u00e0 11h\u2009\u00bb,<\/strong> pr\u00e9cise Christophe Piron.<\/p>\n<p class=\" wall-content\">Cette mobilisation s\u2019inscrit dans le cadre d\u2019une<strong> journ\u00e9e de manifestation \u00e0 Nantes.<\/strong> Pour rappel, la CGT appelle les Nantaises et Nantais \u00e0 se r\u00e9unir dans la rue pour r\u00e9clamer de meilleures conditions de travail et l\u2019abrogation de la r\u00e9forme des retraites.<\/p>\n<p class=\" wall-content\">Une autre manifestation a \u00e9t\u00e9 annonc\u00e9e, <a href=\"https:\/\/actu.fr\/pays-de-la-loire\/nantes_44109\/nuit-du-bien-commun-a-nantes-la-manifestation-contre-le-gala-reactionnaire-interdite_62726461.html\" target=\"_blank\" rel=\"noopener\">contre la tenue de la Nuit du bien commun<\/a>.<\/p>\n<p class=\" wall-content\">Suivez toute l\u2019actualit\u00e9 de vos villes et m\u00e9dias favoris en vous inscrivant \u00e0 <a href=\"https:\/\/moncompte.actu.fr\" title=\"D\u00e9couvez Mon Actu\" rel=\"nofollow noopener\" data-trk=\"{&quot;cta&quot;:{&quot;action&quot;:&quot;https:\\\/\\\/moncompte.actu.fr&quot;,&quot;category&quot;:&quot;mon compte&quot;,&quot;from&quot;:&quot;article footer&quot;,&quot;name&quot;:&quot;Mon actu&quot;,&quot;type&quot;:&quot;cta&quot;}}\" target=\"_blank\">Mon Actu<\/a>.<\/p>\n","protected":false},"excerpt":{"rendered":"Par Cl\u00e9mence Pays Publi\u00e9 le 4 juin 2025 \u00e0 18h33 \u00c0 Nantes, les agents du Crous ont d\u00e9pos\u00e9&hellip;\n","protected":false},"author":2,"featured_media":151874,"comment_status":"","ping_status":"","sticky":false,"template":"","format":"standard","meta":{"footnotes":""},"categories":[2818],"tags":[1111,11,13684,1777,674,1011,27,6151,1272,766,12,2636,25,104],"class_list":{"0":"post-151873","1":"post","2":"type-post","3":"status-publish","4":"format-standard","5":"has-post-thumbnail","7":"category-nantes","8":"tag-actu","9":"tag-actualites","10":"tag-crous","11":"tag-eu","12":"tag-europe","13":"tag-fr","14":"tag-france","15":"tag-greve","16":"tag-manifestations","17":"tag-nantes","18":"tag-news","19":"tag-pays-de-la-loire","20":"tag-republique-francaise","21":"tag-societe"},"share_on_mastodon":{"url":"https:\/\/pubeurope.com\/@fr\/114626156654737523","error":""},"_links":{"self":[{"href":"https:\/\/www.europesays.com\/fr\/wp-json\/wp\/v2\/posts\/151873","targetHints":{"allow":["GET"]}}],"collection":[{"href":"https:\/\/www.europesays.com\/fr\/wp-json\/wp\/v2\/posts"}],"about":[{"href":"https:\/\/www.europesays.com\/fr\/wp-json\/wp\/v2\/types\/post"}],"author":[{"embeddable":true,"href":"https:\/\/www.europesays.com\/fr\/wp-json\/wp\/v2\/users\/2"}],"replies":[{"embeddable":true,"href":"https:\/\/www.europesays.com\/fr\/wp-json\/wp\/v2\/comments?post=151873"}],"version-history":[{"count":0,"href":"https:\/\/www.europesays.com\/fr\/wp-json\/wp\/v2\/posts\/151873\/revisions"}],"wp:featuredmedia":[{"embeddable":true,"href":"https:\/\/www.europesays.com\/fr\/wp-json\/wp\/v2\/media\/151874"}],"wp:attachment":[{"href":"https:\/\/www.europesays.com\/fr\/wp-json\/wp\/v2\/media?parent=151873"}],"wp:term":[{"taxonomy":"category","embeddable":true,"href":"https:\/\/www.europesays.com\/fr\/wp-json\/wp\/v2\/categories?post=151873"},{"taxonomy":"post_tag","embeddable":true,"href":"https:\/\/www.europesays.com\/fr\/wp-json\/wp\/v2\/tags?post=151873"}],"curies":[{"name":"wp","href":"https:\/\/api.w.org\/{rel}","templated":true}]}}