{"id":151881,"date":"2025-06-04T17:01:11","date_gmt":"2025-06-04T17:01:11","guid":{"rendered":"https:\/\/www.europesays.com\/fr\/151881\/"},"modified":"2025-06-04T17:01:11","modified_gmt":"2025-06-04T17:01:11","slug":"concert-theatre-cine-brocante-voici-dix-idees-de-sorties-a-toulouse-pour-le-week-end","status":"publish","type":"post","link":"https:\/\/www.europesays.com\/fr\/151881\/","title":{"rendered":"Concert, th\u00e9\u00e2tre, cin\u00e9, brocante&#8230; Voici dix id\u00e9es de sorties \u00e0 Toulouse pour le week-end"},"content":{"rendered":"<p>            Par<br \/>\n        <strong><br \/>\n            <a href=\"https:\/\/actu.fr\/auteur\/lucie-2\" title=\"Consulter tous les articles de Lucie Fraisse\" rel=\"nofollow noopener\" target=\"_blank\">Lucie Fraisse<\/a><br \/>\n        <\/strong><\/p>\n<p>        Publi\u00e9 le<\/p>\n<p>            4 juin 2025 \u00e0 18h46        <\/p>\n<p>Que de belles propositions culturelles et artistiques \u00e0 <a href=\"https:\/\/actu.fr\/toulouse\/\" rel=\"nofollow noopener\" target=\"_blank\">Toulouse<\/a> en ce d\u00e9but de mois de juin. Voici notre s\u00e9lection de sorties \u00e0 faire dans la Ville rose et aux alentours du 5 au 11\u00a0juin 2025<\/p>\n<p class=\" wall-content\"><strong>#1.Panayotis Pascot au Casino<\/strong><\/p>\n<p>    <img   decoding=\"async\" loading=\"lazy\" src=\"https:\/\/www.europesays.com\/fr\/wp-content\/uploads\/2025\/06\/a09b827e24c26b49b827e24c2789b8v-960x640.jpeg\" alt=\"Panayotis Pascot va se produire plusieurs soirs de suite au Casino Barri\u00e8re de Toulouse.\" width=\"960\" height=\"640\"\/><br \/>\n    Panayotis Pascot va se produire plusieurs soirs de suite au Casino Barri\u00e8re de Toulouse. (\u00a9Marc Andr, Donato)<\/p>\n<p class=\" wall-content\">On l\u2019a d\u00e9couvert tout jeune dans les \u00e9missions de Yann Barth\u00e8s et depuis<a href=\"https:\/\/actu.fr\/ile-de-france\/lieusaint_77251\/panayotis-pascot-en-therapie_47536594.html\" rel=\"nofollow noopener\" target=\"_blank\"> Panayotis Pascot<\/a> a bien grandi. Pass\u00e9 par le cin\u00e9ma, il a aussi \u00e9crit son autobiographie qui a s\u00e9duit de nombreux lecteurs et a \u00e9t\u00e9 adapt\u00e9e sur sc\u00e8ne avec Vassili Schneider, qui a obtenu un Moli\u00e8re pour son interpr\u00e9tation. Il vient \u00e0 Toulouse pour pr\u00e9senter son deuxi\u00e8me seul en sc\u00e8ne.<\/p>\n<p>Au Casino Barri\u00e8re, du 7 au 9\u00a0juin. Tarifs\u2009: \u00e0 partir de 39,20\u00a0euros.<\/p>\n<p>#2. Passe ton Bach d\u2019abord<br \/>\n    <img   decoding=\"async\" loading=\"lazy\" src=\"https:\/\/www.europesays.com\/fr\/wp-content\/uploads\/2025\/06\/bd2a83c75ae368b3a83c75ae38f3a8v-960x640.jpg\" alt=\"Passe ton Bach d'abord un festival d\u00e9di\u00e9 \u00e0 la musique baroque.\" width=\"960\" height=\"640\"\/><br \/>\n    Passe ton Bach d\u2019abord un festival d\u00e9di\u00e9 \u00e0 la musique baroque. (\u00a9Droits r\u00e9serv\u00e9s. Photo fournie par le Conservatoire &amp; Orchestre de Caen.)<\/p>\n<p class=\" wall-content\">Le festival d\u00e9di\u00e9 aux musiques de Bach organis\u00e9 par l\u2019Ensemble baroque de Toulouse est plac\u00e9 cette ann\u00e9e sous le th\u00e8me \u00ab\u2009\u00e0 l\u2019improviste\u2009\u00bb. Rendez-vous musical majeur, Passe ton Bach d\u2019abord r\u00e9uni chaque ann\u00e9e 10\u2009000\u00a0spectateurs, pendant trois jours.<\/p>\n<p>Du 6 au 8\u00a0juin, dans plusieurs lieux de la Ville rose. Programme d\u00e9taill\u00e9 et complet <a href=\"https:\/\/www.baroquetoulouse.com\/\" rel=\"nofollow noopener\" target=\"_blank\">sur le site du festival<\/a>.<\/p>\n<p class=\" wall-content\"><strong>#3. Les contes refaits<\/strong><\/p>\n<p class=\" wall-content\">C\u2019est l\u2019un des rendez-vous de la saison d\u00e9localis\u00e9e d\u2019Odyssud. La compagnie toulousaine Le Phun pr\u00e9sente Les contes refaits, une revisite des contes traditionnels qui ne se passent plus dans les for\u00eats et les ch\u00e2teaux forts, mais sur les parkings et dans les grandes surfaces. Un spectacle plein d\u2019humanit\u00e9 et d\u2019humour.<\/p>\n<p>Du 5 au 7\u00a0juin, \u00e0 15\u00a0heures, sur le parking galerie marchande Blagnac. Gratuit.<\/p>\n<p>#4. Star Wars en cin\u00e9 concert<br \/>\n    <img   decoding=\"async\" loading=\"lazy\" src=\"https:\/\/www.europesays.com\/fr\/wp-content\/uploads\/2025\/06\/onct-credit-romain-alcaraz-960x640.jpeg\" alt=\"L'Orchestre national du Caoitole s'attaque \u00e0 Star Wars.\" width=\"960\" height=\"640\"\/><br \/>\n    L\u2019Orchestre national du Capitole s\u2019attaque \u00e0 Star Wars. (\u00a9Romain Alcaraz)<\/p>\n<p class=\" wall-content\">L\u2019Orchestre national du Capitole de Toulouse s\u2019attaque \u00e0 un monument de la musique de films\u2009: Star Wars et les m\u00e9lodies si connues imagin\u00e9es par John Williams pour un cin\u00e9-concert d\u2019exception. Sur \u00e9cran, l\u2019\u00e9pisode IV de la saga Un nouvel espoir. Le film sera diffus\u00e9 en version originale sous-titr\u00e9e et les musiciens joueront en live.<\/p>\n<p>Z\u00e9nith de Toulouse, jeudi 5\u00a0juin, \u00e0 20\u00a0heures. Tarifs\u2009: de 18 \u00e0 68\u00a0euros.<\/p>\n<p>#5. Brocante sur les all\u00e9es<br \/>\n    <img   decoding=\"async\" loading=\"lazy\" src=\"https:\/\/www.europesays.com\/fr\/wp-content\/uploads\/2025\/06\/brocante-F-Verdier-D.-Russeil-768x512.jpg\" alt=\"Rendez-vous \u00e0 Fran\u00e7ois-Verdier pour sa c\u00e9l\u00e8bre brocante ! \" width=\"768\" height=\"512\"\/><br \/>\n    Rendez-vous \u00e0 Fran\u00e7ois-Verdier pour sa c\u00e9l\u00e8bre brocante\u2009! (archives)<\/p>\n<p class=\" wall-content\">Rendez-vous du 6 au 8\u00a0juin pour la brocante des all\u00e9es Fran\u00e7ois-Verdier, le rendez-vous de la chine de qualit\u00e9 qui revient chaque d\u00e9but de mois. Plus de cent exposants seront pr\u00e9sents pendant trois jours\u2009: tableau, objet d\u2019art, mobilier ancien, fripes haut de gamme, livres, gravures anciennes, il y en aura pour tous les go\u00fbts\u2009!<\/p>\n<p class=\" wall-content\">Deux camions de restauration seront pr\u00e9sents sur place.<\/p>\n<p>Vendredi de 7h \u00e0 17\u2009h, samedi et dimanche de 9h \u00e0 18\u2009h.<\/p>\n<p>#6. Festa Tudo Bem<\/p>\n<p class=\" wall-content\">Foro, pagode, carimbo, afro-fusion\u2026 Voici un festival de poche qui met les musiques br\u00e9siliennes \u00e0 l\u2019honneur, du 7 au 8\u00a0juin. Les principaux artistes de la diaspora br\u00e9silienne de Toulouse seront pr\u00e9sents\u2009: initiations aux danses du Br\u00e9sil et nombreux concerts vont rythmer le week-end organis\u00e9 dans le cadre de la saison Br\u00e9sil-France.<\/p>\n<p>Du 7 au 8\u00a0juin, de 13\u00a0heures \u00e0 22\u00a0heures, place du Ravelin.<\/p>\n<p>#7. Dimanche des cr\u00e9ateurs<br \/>\n    <img   decoding=\"async\" loading=\"lazy\" src=\"https:\/\/www.europesays.com\/fr\/wp-content\/uploads\/2025\/06\/saint-pierre-aujourdhui-768x512.png\" alt=\"Rendez-vous place Saint-Pierre pour un march\u00e9 des cr\u00e9ateurs\/\" width=\"768\" height=\"512\"\/><br \/>\n    Rendez-vous place Saint-Pierre pour un march\u00e9 des cr\u00e9ateurs\/<\/p>\n<p class=\" wall-content\">Un joli but de promenade dominicale, ce march\u00e9 des cr\u00e9ateurs qui s\u2019installe sur la place Saint-Pierre, les dimanches, aux beaux jours.<\/p>\n<p class=\" wall-content\">Une quarantaine de cr\u00e9ateurs seront sur place avec leurs productions uniques\u2009: bijoux, meubles, articles de mode, maroquinerie, d\u00e9co, articles pour les enfants\u2026 L\u2019occasion de se faire de beaux cadeaux\u2009!<\/p>\n<p>Place Saint-Pierre, dimanche 8\u00a0juin. De 10\u00a0heures \u00e0 19\u00a0heures.<\/p>\n<p>#8. Boum g\u00e9ante \u00e0 l\u2019Esmeralda<\/p>\n<p class=\" wall-content\">Envie de sortir\u2009? Le vendredi 6\u00a0juin, Toulouse s\u2019appr\u00eate \u00e0 revivre les bouleversements musicaux des d\u00e9cennies pass\u00e9es lors de la <a href=\"https:\/\/actu.fr\/occitanie\/toulouse_31555\/toulouse-la-boum-geante-cette-soiree-exceptionnelle-qui-vous-fera-voyager-dans-les-annees-80-et-90_62588631.html\" rel=\"nofollow noopener\" target=\"_blank\">Boum G\u00e9ante<\/a>. L\u2019Esm\u00e9ralda, discoth\u00e8que embl\u00e9matique situ\u00e9e dans le nord de la Ville rose est privatis\u00e9e pour l\u2019occasion. Un moment de nostalgie dansante sur les plus grands hits des ann\u00e9es 80, 90 et d\u00e9but 2000\u00a0dans un \u00ab\u2009d\u00e9cor XXL\u2009\u00bb, entre jeux de lumi\u00e8re et goodies exclusifs.<\/p>\n<p>A L\u2019Esmeralada, vendredi 6\u00a0juin soir. Sur r\u00e9servation.<\/p>\n<p>#9. Saint-Cyprien en f\u00eate<\/p>\n<p class=\" wall-content\">Le <a href=\"https:\/\/actu.fr\/occitanie\/toulouse_31555\/toulouse-jeux-expositions-concerts-le-quartier-saint-cyprien-est-en-fete-pendant-plusieurs-jours_62640278.html\" rel=\"nofollow noopener\" target=\"_blank\">quartier Saint-Cyprien est en f\u00eate<\/a> jusqu\u2019au dimanche 8\u00a0juin. Au programme d\u00e8s jeudi\u00a05 et vendredi 6\u00a0juin\u2009: inauguration de l\u2019exposition des Ateliers Couture, avant-premi\u00e8re du film documentaire \u00ab\u2009Ch\u0153urs atlantiques\u2009\u00bb\u2026 Et \u00e0 l\u2019approche du week-end, les nocturnes d\u00e9buteront bien \u00e9videmment. Jeudi, place \u00e0 la f\u00eate de la grande rue Saint-Nicolas\u2009: ap\u00e9ro, divers concerts\u2026 jusqu\u2019\u00e0 minuit\u2009! Et vendredi, la place de l\u2019estrapade sera anim\u00e9e.<\/p>\n<p class=\" wall-content\">Une f\u00eate de quartier n\u2019existerait pas sans musique et Saint-Cyprien l\u2019a bien compris. Pour ce week-end de f\u00eate, DJ set, drag show, chorales corse et occitane, musique electro sont pr\u00e9vus. Et ce, dans plusieurs espaces de quartier.<\/p>\n<p class=\" wall-content\">Saint-Cyprien prendra aussi les couleurs du Br\u00e9sil durant sa f\u00eate. Dans le cadre du partenariat avec le festival Rio Loco et la Saison France Br\u00e9sil, des concerts ax\u00e9s sur la musique Br\u00e9silienne sont pr\u00e9vus.<\/p>\n<p>Du 3 au 8\u00a0juin dans le quartier Saint-Cyprien.<\/p>\n<p>#10. Nocturne \u00e0 Victor Hugo<\/p>\n<p class=\" wall-content\">C\u2019est un \u00e9v\u00e9nement convivial et gourmand que les amateurs de bonne ch\u00e8re ne manqueraient pour rien au monde. L\u2019occasion de d\u00e9guster des produits de qualit\u00e9 sur les \u00e9tals du march\u00e9 Victor-Hugo, le tout dans une ambiance festive et chaleureuse.<\/p>\n<p>Au march\u00e9 Victor-Hugo, le 11\u00a0juin de 18h30 \u00e0 22h30.<\/p>\n<p class=\" wall-content\">Suivez toute l\u2019actualit\u00e9 de vos villes et m\u00e9dias favoris en vous inscrivant \u00e0 <a href=\"https:\/\/moncompte.actu.fr\" title=\"D\u00e9couvez Mon Actu\" rel=\"nofollow noopener\" data-trk=\"{&quot;cta&quot;:{&quot;action&quot;:&quot;https:\\\/\\\/moncompte.actu.fr&quot;,&quot;category&quot;:&quot;mon compte&quot;,&quot;from&quot;:&quot;article footer&quot;,&quot;name&quot;:&quot;Mon actu&quot;,&quot;type&quot;:&quot;cta&quot;}}\" target=\"_blank\">Mon Actu<\/a>.<\/p>\n","protected":false},"excerpt":{"rendered":"Par Lucie Fraisse Publi\u00e9 le 4 juin 2025 \u00e0 18h46 Que de belles propositions culturelles et artistiques \u00e0&hellip;\n","protected":false},"author":2,"featured_media":151882,"comment_status":"","ping_status":"","sticky":false,"template":"","format":"standard","meta":{"footnotes":""},"categories":[2816],"tags":[1111,11,6961,1697,1777,674,1011,27,1652,12,2680,25,1341,2312],"class_list":{"0":"post-151881","1":"post","2":"type-post","3":"status-publish","4":"format-standard","5":"has-post-thumbnail","7":"category-toulouse","8":"tag-actu","9":"tag-actualites","10":"tag-brocante","11":"tag-concert","12":"tag-eu","13":"tag-europe","14":"tag-fr","15":"tag-france","16":"tag-loisirs-culture","17":"tag-news","18":"tag-occitanie","19":"tag-republique-francaise","20":"tag-sortir-a-toulouse","21":"tag-toulouse"},"share_on_mastodon":{"url":"https:\/\/pubeurope.com\/@fr\/114626172459777907","error":""},"_links":{"self":[{"href":"https:\/\/www.europesays.com\/fr\/wp-json\/wp\/v2\/posts\/151881","targetHints":{"allow":["GET"]}}],"collection":[{"href":"https:\/\/www.europesays.com\/fr\/wp-json\/wp\/v2\/posts"}],"about":[{"href":"https:\/\/www.europesays.com\/fr\/wp-json\/wp\/v2\/types\/post"}],"author":[{"embeddable":true,"href":"https:\/\/www.europesays.com\/fr\/wp-json\/wp\/v2\/users\/2"}],"replies":[{"embeddable":true,"href":"https:\/\/www.europesays.com\/fr\/wp-json\/wp\/v2\/comments?post=151881"}],"version-history":[{"count":0,"href":"https:\/\/www.europesays.com\/fr\/wp-json\/wp\/v2\/posts\/151881\/revisions"}],"wp:featuredmedia":[{"embeddable":true,"href":"https:\/\/www.europesays.com\/fr\/wp-json\/wp\/v2\/media\/151882"}],"wp:attachment":[{"href":"https:\/\/www.europesays.com\/fr\/wp-json\/wp\/v2\/media?parent=151881"}],"wp:term":[{"taxonomy":"category","embeddable":true,"href":"https:\/\/www.europesays.com\/fr\/wp-json\/wp\/v2\/categories?post=151881"},{"taxonomy":"post_tag","embeddable":true,"href":"https:\/\/www.europesays.com\/fr\/wp-json\/wp\/v2\/tags?post=151881"}],"curies":[{"name":"wp","href":"https:\/\/api.w.org\/{rel}","templated":true}]}}