{"id":151886,"date":"2025-06-04T17:04:09","date_gmt":"2025-06-04T17:04:09","guid":{"rendered":"https:\/\/www.europesays.com\/fr\/151886\/"},"modified":"2025-06-04T17:04:09","modified_gmt":"2025-06-04T17:04:09","slug":"ce-dernier-sondage-devoile-les-favoris-pour-la-mairie-de-marseille","status":"publish","type":"post","link":"https:\/\/www.europesays.com\/fr\/151886\/","title":{"rendered":"ce dernier sondage d\u00e9voile les favoris pour la mairie de Marseille"},"content":{"rendered":"<p>            Par<br \/>\n        <strong><br \/>\n            <a href=\"https:\/\/actu.fr\/auteur\/thibault-nadal-actu-fr\" title=\"Consulter tous les articles de Thibault Nadal\" rel=\"nofollow noopener\" target=\"_blank\">Thibault Nadal<\/a><br \/>\n        <\/strong><\/p>\n<p>        Publi\u00e9 le<\/p>\n<p>            4 juin 2025 \u00e0 18h52        <\/p>\n<p>\u00c0 dix mois des <a href=\"https:\/\/actu.fr\/marseille\/politique\/elections-municipales\" rel=\"nofollow noopener\" target=\"_blank\">municipales<\/a>, les premi\u00e8res tendances se d\u00e9gagent pour la course \u00e0 la mairie de <a href=\"https:\/\/actu.fr\/marseille\/\" rel=\"nofollow noopener\" target=\"_blank\">Marseille<\/a>. <strong>Extr\u00eame droite au plus haut<\/strong>, Beno\u00eet Payan en t\u00eate, Martine Vassal talonn\u00e9e, voici les conclusions de ce sondage Ipsos command\u00e9 par le mouvement Marseille \u00e0 c\u0153ur de Fr\u00e9d\u00e9ric Collart et relay\u00e9 par <a href=\"https:\/\/www.bfmtv.com\/marseille\/municipales-2026-a-marseille-un-sondage-place-payan-et-vassal-au-coude-a-coude-l-extreme-droite-a-un-haut-niveau_AN-202506040578.html\" rel=\"nofollow noopener\" target=\"_blank\">BFM Marseille Provence<\/a> et <a href=\"https:\/\/www.laprovence.com\/article\/politique\/449959366018914\/municipales-a-marseille-frederic-collart-talonne-martine-vassal-benoit-payan-en-tete-l-extreme-droite-forte\" rel=\"nofollow noopener\" target=\"_blank\">La Provence<\/a>.<\/p>\n<p>La gauche contre l\u2019extr\u00eame droite\u2009?<\/p>\n<p class=\" wall-content\">C\u2019est sans doute l\u2019enseignement de ce sondage. Avec <strong>36\u2009%<\/strong>, l\u2019extr\u00eame droite r\u00e9aliserait un score tr\u00e8s haut dans la cit\u00e9 phoc\u00e9enne. Mais attention, deux candidats sont test\u00e9s s\u00e9par\u00e9ment\u2009: <strong>Franck Allisio<\/strong> pour <a href=\"https:\/\/actu.fr\/tag\/rassemblement-national-rn\" rel=\"nofollow noopener\" target=\"_blank\">le Rassemblement national<\/a> avec 19\u2009% et <a href=\"https:\/\/actu.fr\/provence-alpes-cote-d-azur\/marseille_13055\/marseille-stephane-ravier-benoit-payan-pense-que-les-trafiquants-sont-des-victimes_61724638.html\" rel=\"nofollow noopener\" target=\"_blank\">St\u00e9phane Ravier<\/a> pour le \u00ab\u2009Rassemblement marseillais\u2009\u00bb qui r\u00e9aliserait entre 15 et 17\u2009% suivant les configurations.<\/p>\n<p class=\" wall-content\">\n<p class=\" wall-content\">Bien devant <a href=\"https:\/\/actu.fr\/tag\/benoit-payan\" rel=\"nofollow noopener\" target=\"_blank\">Beno\u00eet Payan<\/a> (DVG). Mais l\u2019actuel maire de Marseille r\u00e9alise le meilleur score individuellement. Dans tous les sc\u00e9narios, il arrive en t\u00eate avec <strong>25 \u00e0 28\u2009% des voix<\/strong>. Et ceux avec ou sans alliance \u00e0 gauche\u2009: <a href=\"https:\/\/actu.fr\/provence-alpes-cote-d-azur\/marseille_13055\/avec-son-plan-marseille-en-vrai-lfi-abat-ses-premieres-cartes-pour-les-municipales_62641366.html\" rel=\"nofollow noopener\" target=\"_blank\">S\u00e9bastien Delogu pour la France insoumise<\/a> et S\u00e9bastien Barles pour Europe \u00c9cologie les Verts ont \u00e9t\u00e9 test\u00e9s pour ce sondage. Seul, le d\u00e9put\u00e9 originaire des quartiers nord recueillerait <strong>13\u2009%<\/strong> des voix. Avec EELV, il grimperait \u00e0 16\u2009%.<\/p>\n<p class=\" wall-content\">Au total, les scores des diff\u00e9rentes listes de gauche se situeraient entre 42 et 45\u2009%. Mais au moment de ce sondage, <a href=\"https:\/\/actu.fr\/provence-alpes-cote-d-azur\/marseille_13055\/municipales-2026-a-marseille-lfi-acte-sa-rupture-avec-benoit-payan-et-designe-ses-chefs-de-file_62657416.html\" rel=\"nofollow noopener\" target=\"_blank\">une alliance entre le Printemps marseillais et LFI appara\u00eet comme hautement improbable<\/a> vu l\u2019inimiti\u00e9 entre les deux camps.<\/p>\n<p>Vid\u00e9os : en ce moment sur ActuLa droite entend jouer sa partition<\/p>\n<p class=\" wall-content\">Si un duel semble dessiner entre la gauche et l\u2019extr\u00eame droite semble se dessiner, le bloc central et la droite n\u2019ont pas dit leur dernier mot.<\/p>\n<p class=\" wall-content\">Avec <strong>un score compris entre 23 et 24\u2009%<\/strong>, Martine Vassal (DVD), la pr\u00e9sidente de la M\u00e9tropole et du d\u00e9partement, arriverait en deuxi\u00e8me position. Juste devant\u2026 <strong>Fr\u00e9d\u00e9ric Collart qui recueillerait 19 \u00e0 20\u2009%<\/strong> des voix et serait \u00e0 \u00e9galit\u00e9 avec Franck Allisio sur la troisi\u00e8me marche du podium.<\/p>\n<p class=\" wall-content\">Le chirurgien de profession est test\u00e9 dans une configuration o\u00f9 il b\u00e9n\u00e9ficierait du soutien de <a href=\"https:\/\/actu.fr\/tag\/renaissance-ex-lrem\" rel=\"nofollow noopener\" target=\"_blank\">Renaissance<\/a> et des <a href=\"https:\/\/actu.fr\/tag\/les-republicains-lr\" rel=\"nofollow noopener\" target=\"_blank\">R\u00e9publicains<\/a>. Mais \u00e0 l\u2019heure actuelle, ces deux partis n\u2019ont pas d\u00e9sign\u00e9 le candidat. D\u2019autant plus que, r\u00e9cemment, Renaud Muselier, le pr\u00e9sident de la r\u00e9gion Paca et pilote du parti pr\u00e9sidentiel pour la campagne, <a href=\"https:\/\/actu.fr\/provence-alpes-cote-d-azur\/marseille_13055\/municipales-2026-a-marseille-martine-vassal-candidate-elle-recoit-un-soutien-de-poids_62628684.html\" rel=\"nofollow noopener\" target=\"_blank\">appelait \u00e0 soutenir Martine Vassal<\/a>.<\/p>\n<p>M\u00e9thodologie : ce sondage Ipsos pour le mouvement Marseille \u00e0 c\u0153ur a \u00e9t\u00e9 r\u00e9alis\u00e9 en ligne du 12 au 22 mai 2025 aupr\u00e8s de 821 habitants de Marseille.<\/p>\n<p class=\" wall-content\">Suivez toute l\u2019actualit\u00e9 de vos villes et m\u00e9dias favoris en vous inscrivant \u00e0 <a href=\"https:\/\/moncompte.actu.fr\" title=\"D\u00e9couvez Mon Actu\" rel=\"nofollow noopener\" data-trk=\"{&quot;cta&quot;:{&quot;action&quot;:&quot;https:\\\/\\\/moncompte.actu.fr&quot;,&quot;category&quot;:&quot;mon compte&quot;,&quot;from&quot;:&quot;article footer&quot;,&quot;name&quot;:&quot;Mon actu&quot;,&quot;type&quot;:&quot;cta&quot;}}\" target=\"_blank\">Mon Actu<\/a>.<\/p>\n","protected":false},"excerpt":{"rendered":"Par Thibault Nadal Publi\u00e9 le 4 juin 2025 \u00e0 18h52 \u00c0 dix mois des municipales, les premi\u00e8res tendances&hellip;\n","protected":false},"author":2,"featured_media":151887,"comment_status":"","ping_status":"","sticky":false,"template":"","format":"standard","meta":{"footnotes":""},"categories":[2814],"tags":[1111,11,6469,4188,1777,674,1011,27,884,3434,12,316,882,2556,25],"class_list":{"0":"post-151886","1":"post","2":"type-post","3":"status-publish","4":"format-standard","5":"has-post-thumbnail","7":"category-marseille","8":"tag-actu","9":"tag-actualites","10":"tag-benoit-payan","11":"tag-elections-municipales","12":"tag-eu","13":"tag-europe","14":"tag-fr","15":"tag-france","16":"tag-marseille","17":"tag-municipales-2026","18":"tag-news","19":"tag-politique","20":"tag-provence-alpes-cote-dazur","21":"tag-rassemblement-national-rn","22":"tag-republique-francaise"},"share_on_mastodon":{"url":"https:\/\/pubeurope.com\/@fr\/114626184215654053","error":""},"_links":{"self":[{"href":"https:\/\/www.europesays.com\/fr\/wp-json\/wp\/v2\/posts\/151886","targetHints":{"allow":["GET"]}}],"collection":[{"href":"https:\/\/www.europesays.com\/fr\/wp-json\/wp\/v2\/posts"}],"about":[{"href":"https:\/\/www.europesays.com\/fr\/wp-json\/wp\/v2\/types\/post"}],"author":[{"embeddable":true,"href":"https:\/\/www.europesays.com\/fr\/wp-json\/wp\/v2\/users\/2"}],"replies":[{"embeddable":true,"href":"https:\/\/www.europesays.com\/fr\/wp-json\/wp\/v2\/comments?post=151886"}],"version-history":[{"count":0,"href":"https:\/\/www.europesays.com\/fr\/wp-json\/wp\/v2\/posts\/151886\/revisions"}],"wp:featuredmedia":[{"embeddable":true,"href":"https:\/\/www.europesays.com\/fr\/wp-json\/wp\/v2\/media\/151887"}],"wp:attachment":[{"href":"https:\/\/www.europesays.com\/fr\/wp-json\/wp\/v2\/media?parent=151886"}],"wp:term":[{"taxonomy":"category","embeddable":true,"href":"https:\/\/www.europesays.com\/fr\/wp-json\/wp\/v2\/categories?post=151886"},{"taxonomy":"post_tag","embeddable":true,"href":"https:\/\/www.europesays.com\/fr\/wp-json\/wp\/v2\/tags?post=151886"}],"curies":[{"name":"wp","href":"https:\/\/api.w.org\/{rel}","templated":true}]}}