{"id":151890,"date":"2025-06-04T17:06:10","date_gmt":"2025-06-04T17:06:10","guid":{"rendered":"https:\/\/www.europesays.com\/fr\/151890\/"},"modified":"2025-06-04T17:06:10","modified_gmt":"2025-06-04T17:06:10","slug":"nouvelle-date-de-concert-pour-julien-dore-a-lyon","status":"publish","type":"post","link":"https:\/\/www.europesays.com\/fr\/151890\/","title":{"rendered":"Nouvelle date de concert pour Julien Dor\u00e9 \u00e0 Lyon !"},"content":{"rendered":"<p>Julien Dor\u00e9 sera de passage \u00e0 Lyon une troisi\u00e8me fois avec sa tourn\u00e9e des z\u00e9niths de France. Rendez-vous le samedi 4 avril 2026 !<\/p>\n<p>C&rsquo;est une excellente nouvelle pour tous les fans du chanteur \u00e0 la chevelure blonde soyeuse. <b>Julien Dor\u00e9<\/b> donnera un troisi\u00e8me concert \u00e0 l&rsquo;Arena de D\u00e9cines, pr\u00e8s de Lyon !<\/p>\n<p>Il sera de passage <b>le samedi 4 avril 2026<\/b>, apr\u00e8s un premier concert le 13 mars 2025 et un autre show qui est pr\u00e9vu le 5 d\u00e9cembre 2025.<\/p>\n<p>Ouverture de la billetterie <b>le vendredi 6 juin 2025<\/b>, \u00e0 midi.<\/p>\n<p><img loading=\"lazy\" decoding=\"async\" src=\"https:\/\/www.europesays.com\/fr\/wp-content\/uploads\/2025\/06\/1749056770_769_img\" width=\"350\" height=\"200\" border=\"0\" title=\"Design sans titre (3)\"\/><\/p>\n<p>\u25baCulture<\/p>\n<p style=\"font-size: 22px;\"><b>Linkin Park donnera un concert \u00e0 Lyon en 2026<\/b><\/p>\n<p>Le groupe Linkin Park a annonc\u00e9, vendredi 30 mai,&#8230;<\/p>\n<p><\/p>\n","protected":false},"excerpt":{"rendered":"Julien Dor\u00e9 sera de passage \u00e0 Lyon une troisi\u00e8me fois avec sa tourn\u00e9e des z\u00e9niths de France. Rendez-vous&hellip;\n","protected":false},"author":2,"featured_media":151891,"comment_status":"","ping_status":"","sticky":false,"template":"","format":"standard","meta":{"footnotes":""},"categories":[1889],"tags":[1111,11,13705,2430,1697,13706,1777,674,1011,27,28138,2428,12,25],"class_list":{"0":"post-151890","1":"post","2":"type-post","3":"status-publish","4":"format-standard","5":"has-post-thumbnail","7":"category-lyon","8":"tag-actu","9":"tag-actualites","10":"tag-arena","11":"tag-auvergne-rhone-alpes","12":"tag-concert","13":"tag-dcines","14":"tag-eu","15":"tag-europe","16":"tag-fr","17":"tag-france","18":"tag-julien-dor","19":"tag-lyon","20":"tag-news","21":"tag-republique-francaise"},"share_on_mastodon":{"url":"https:\/\/pubeurope.com\/@fr\/114626192048452179","error":""},"_links":{"self":[{"href":"https:\/\/www.europesays.com\/fr\/wp-json\/wp\/v2\/posts\/151890","targetHints":{"allow":["GET"]}}],"collection":[{"href":"https:\/\/www.europesays.com\/fr\/wp-json\/wp\/v2\/posts"}],"about":[{"href":"https:\/\/www.europesays.com\/fr\/wp-json\/wp\/v2\/types\/post"}],"author":[{"embeddable":true,"href":"https:\/\/www.europesays.com\/fr\/wp-json\/wp\/v2\/users\/2"}],"replies":[{"embeddable":true,"href":"https:\/\/www.europesays.com\/fr\/wp-json\/wp\/v2\/comments?post=151890"}],"version-history":[{"count":0,"href":"https:\/\/www.europesays.com\/fr\/wp-json\/wp\/v2\/posts\/151890\/revisions"}],"wp:featuredmedia":[{"embeddable":true,"href":"https:\/\/www.europesays.com\/fr\/wp-json\/wp\/v2\/media\/151891"}],"wp:attachment":[{"href":"https:\/\/www.europesays.com\/fr\/wp-json\/wp\/v2\/media?parent=151890"}],"wp:term":[{"taxonomy":"category","embeddable":true,"href":"https:\/\/www.europesays.com\/fr\/wp-json\/wp\/v2\/categories?post=151890"},{"taxonomy":"post_tag","embeddable":true,"href":"https:\/\/www.europesays.com\/fr\/wp-json\/wp\/v2\/tags?post=151890"}],"curies":[{"name":"wp","href":"https:\/\/api.w.org\/{rel}","templated":true}]}}