{"id":151898,"date":"2025-06-04T17:10:08","date_gmt":"2025-06-04T17:10:08","guid":{"rendered":"https:\/\/www.europesays.com\/fr\/151898\/"},"modified":"2025-06-04T17:10:08","modified_gmt":"2025-06-04T17:10:08","slug":"apres-une-matinee-difficile-de-nouveaux-bouchons-monstres-autour-de-paris-en-fin-de-journee","status":"publish","type":"post","link":"https:\/\/www.europesays.com\/fr\/151898\/","title":{"rendered":"Apr\u00e8s une matin\u00e9e difficile, de nouveaux bouchons monstres autour de Paris en fin de journ\u00e9e"},"content":{"rendered":"<p>            Par<br \/>\n        <strong><br \/>\n            <a href=\"https:\/\/actu.fr\/auteur\/redaction-paris\" title=\"Consulter tous les articles de R\u00e9daction Paris\" target=\"_blank\" rel=\"noopener\">R\u00e9daction Paris<\/a><br \/>\n        <\/strong><\/p>\n<p>        Publi\u00e9 le<\/p>\n<p>            4 juin 2025 \u00e0 18h15        <\/p>\n<p>Une soir\u00e9e sous le signe des coups de klaxons et des jurons. La circulation est toujours tr\u00e8s difficile ce mercredi 4\u00a0juin 2025 autour de <a href=\"https:\/\/actu.fr\/paris\/\" target=\"_blank\" rel=\"noopener\">Paris<\/a>. Au total,<strong> 385\u00a0km de bouchons ont \u00e9t\u00e9 recens\u00e9s par Sytadin<\/strong> \u00e0 18\u00a0heures. Une situation qualifi\u00e9e \u00ab\u2009d\u2019exceptionnelle\u2009\u00bb.<\/p>\n<p>Des accidents sur le p\u00e9riph\u00e9rique et l\u2019A86<\/p>\n<p class=\" wall-content\">Les probl\u00e8mes touchent principalement la partie sud du p\u00e9riph\u00e9rique. Deux accidents se sont produits en fin d\u2019apr\u00e8s-midi sur le boulevard int\u00e9rieur. Le premier au niveau de la porte d\u2019Auteuil. Le second au niveau de la <strong>porte d\u2019Ivry<\/strong>. Sur l\u2019A86, un accident impliquant une moto s\u2019est produit sur l\u2019A86 non loin de Nogent-sur-Marne. Sur les deux voies, une est ferm\u00e9e \u00e0 gauche, indique Sytadin.<\/p>\n<p>Des bouchons li\u00e9s aux gr\u00e8ves\u2009?<\/p>\n<p class=\" wall-content\">Cette situation pourrait \u00eatre li\u00e9e \u00e0 la gr\u00e8ve lanc\u00e9e par la CGT-Cheminots. Cette derni\u00e8re perturbe plusieurs lignes de RER et de transiliens ce mercredi. Ces difficult\u00e9s dans les transports en commun ont pu pousser les usagers \u00e0 prendre le volant, occasionnant cette saturation sur l\u2019asphalte.<\/p>\n<p class=\" wall-content\">Suivez toute l\u2019actualit\u00e9 de vos villes et m\u00e9dias favoris en vous inscrivant \u00e0 <a href=\"https:\/\/moncompte.actu.fr\" title=\"D\u00e9couvez Mon Actu\" rel=\"nofollow noopener\" data-trk=\"{&quot;cta&quot;:{&quot;action&quot;:&quot;https:\\\/\\\/moncompte.actu.fr&quot;,&quot;category&quot;:&quot;mon compte&quot;,&quot;from&quot;:&quot;article footer&quot;,&quot;name&quot;:&quot;Mon actu&quot;,&quot;type&quot;:&quot;cta&quot;}}\" target=\"_blank\">Mon Actu<\/a>.<\/p>\n","protected":false},"excerpt":{"rendered":"Par R\u00e9daction Paris Publi\u00e9 le 4 juin 2025 \u00e0 18h15 Une soir\u00e9e sous le signe des coups de&hellip;\n","protected":false},"author":2,"featured_media":151899,"comment_status":"","ping_status":"","sticky":false,"template":"","format":"standard","meta":{"footnotes":""},"categories":[1888],"tags":[119,1111,1928,11,1927,3542,1777,674,118,1011,27,12,1926,626,1925,4013,25],"class_list":{"0":"post-151898","1":"post","2":"type-post","3":"status-publish","4":"format-standard","5":"has-post-thumbnail","7":"category-paris","8":"tag-accident","9":"tag-actu","10":"tag-actu-paris","11":"tag-actualites","12":"tag-actualites-paris","13":"tag-circulation","14":"tag-eu","15":"tag-europe","16":"tag-faits-divers","17":"tag-fr","18":"tag-france","19":"tag-news","20":"tag-news-paris","21":"tag-paris","22":"tag-paris-news","23":"tag-peripherique","24":"tag-republique-francaise"},"share_on_mastodon":{"url":"https:\/\/pubeurope.com\/@fr\/114626207788100657","error":""},"_links":{"self":[{"href":"https:\/\/www.europesays.com\/fr\/wp-json\/wp\/v2\/posts\/151898","targetHints":{"allow":["GET"]}}],"collection":[{"href":"https:\/\/www.europesays.com\/fr\/wp-json\/wp\/v2\/posts"}],"about":[{"href":"https:\/\/www.europesays.com\/fr\/wp-json\/wp\/v2\/types\/post"}],"author":[{"embeddable":true,"href":"https:\/\/www.europesays.com\/fr\/wp-json\/wp\/v2\/users\/2"}],"replies":[{"embeddable":true,"href":"https:\/\/www.europesays.com\/fr\/wp-json\/wp\/v2\/comments?post=151898"}],"version-history":[{"count":0,"href":"https:\/\/www.europesays.com\/fr\/wp-json\/wp\/v2\/posts\/151898\/revisions"}],"wp:featuredmedia":[{"embeddable":true,"href":"https:\/\/www.europesays.com\/fr\/wp-json\/wp\/v2\/media\/151899"}],"wp:attachment":[{"href":"https:\/\/www.europesays.com\/fr\/wp-json\/wp\/v2\/media?parent=151898"}],"wp:term":[{"taxonomy":"category","embeddable":true,"href":"https:\/\/www.europesays.com\/fr\/wp-json\/wp\/v2\/categories?post=151898"},{"taxonomy":"post_tag","embeddable":true,"href":"https:\/\/www.europesays.com\/fr\/wp-json\/wp\/v2\/tags?post=151898"}],"curies":[{"name":"wp","href":"https:\/\/api.w.org\/{rel}","templated":true}]}}