{"id":151902,"date":"2025-06-04T17:12:10","date_gmt":"2025-06-04T17:12:10","guid":{"rendered":"https:\/\/www.europesays.com\/fr\/151902\/"},"modified":"2025-06-04T17:12:10","modified_gmt":"2025-06-04T17:12:10","slug":"trois-anciens-militaires-dont-un-ancien-de-lelysee-mis-en-examen-pour-atteinte-au-secret-defense","status":"publish","type":"post","link":"https:\/\/www.europesays.com\/fr\/151902\/","title":{"rendered":"Trois anciens militaires, dont un ancien de l\u2019\u00c9lys\u00e9e, mis en examen pour atteinte au secret d\u00e9fense"},"content":{"rendered":"<p>\tTrois anciens militaires, dont un ancien de l\u2019\u00c9lys\u00e9e, mis en examen pour atteinte au secret d\u00e9fense &#8211; Valeurs actuelles<\/p>\n<p><a href=\"https:\/\/www.valeursactuelles.com\/\" target=\"_blank\" rel=\"noopener\">Accueil<\/a> \u00bb <a href=\"https:\/\/www.valeursactuelles.com\/faits-divers\" target=\"_blank\" rel=\"noopener\">Faits divers<\/a> \u00bb Trois anciens militaires, dont un ancien de l\u2019\u00c9lys\u00e9e, mis en examen pour atteinte au secret d\u00e9fense<\/p>\n","protected":false},"excerpt":{"rendered":"Trois anciens militaires, dont un ancien de l\u2019\u00c9lys\u00e9e, mis en examen pour atteinte au secret d\u00e9fense &#8211; Valeurs&hellip;\n","protected":false},"author":2,"featured_media":151903,"comment_status":"","ping_status":"","sticky":false,"template":"","format":"standard","meta":{"footnotes":""},"categories":[1888],"tags":[11,554,4527,1777,674,1011,27,303,13264,12,626,25,23299],"class_list":{"0":"post-151902","1":"post","2":"type-post","3":"status-publish","4":"format-standard","5":"has-post-thumbnail","7":"category-paris","8":"tag-actualites","9":"tag-defense","10":"tag-elysee","11":"tag-eu","12":"tag-europe","13":"tag-fr","14":"tag-france","15":"tag-justice","16":"tag-militaires","17":"tag-news","18":"tag-paris","19":"tag-republique-francaise","20":"tag-secret"},"share_on_mastodon":{"url":"https:\/\/pubeurope.com\/@fr\/114626215649742027","error":""},"_links":{"self":[{"href":"https:\/\/www.europesays.com\/fr\/wp-json\/wp\/v2\/posts\/151902","targetHints":{"allow":["GET"]}}],"collection":[{"href":"https:\/\/www.europesays.com\/fr\/wp-json\/wp\/v2\/posts"}],"about":[{"href":"https:\/\/www.europesays.com\/fr\/wp-json\/wp\/v2\/types\/post"}],"author":[{"embeddable":true,"href":"https:\/\/www.europesays.com\/fr\/wp-json\/wp\/v2\/users\/2"}],"replies":[{"embeddable":true,"href":"https:\/\/www.europesays.com\/fr\/wp-json\/wp\/v2\/comments?post=151902"}],"version-history":[{"count":0,"href":"https:\/\/www.europesays.com\/fr\/wp-json\/wp\/v2\/posts\/151902\/revisions"}],"wp:featuredmedia":[{"embeddable":true,"href":"https:\/\/www.europesays.com\/fr\/wp-json\/wp\/v2\/media\/151903"}],"wp:attachment":[{"href":"https:\/\/www.europesays.com\/fr\/wp-json\/wp\/v2\/media?parent=151902"}],"wp:term":[{"taxonomy":"category","embeddable":true,"href":"https:\/\/www.europesays.com\/fr\/wp-json\/wp\/v2\/categories?post=151902"},{"taxonomy":"post_tag","embeddable":true,"href":"https:\/\/www.europesays.com\/fr\/wp-json\/wp\/v2\/tags?post=151902"}],"curies":[{"name":"wp","href":"https:\/\/api.w.org\/{rel}","templated":true}]}}