{"id":151912,"date":"2025-06-04T17:17:09","date_gmt":"2025-06-04T17:17:09","guid":{"rendered":"https:\/\/www.europesays.com\/fr\/151912\/"},"modified":"2025-06-04T17:17:09","modified_gmt":"2025-06-04T17:17:09","slug":"une-etude-avance-quune-majorite-de-la-population-britannique-sera-issue-de-limmigration-dici-2063","status":"publish","type":"post","link":"https:\/\/www.europesays.com\/fr\/151912\/","title":{"rendered":"une \u00e9tude avance qu\u2019une majorit\u00e9 de la population britannique sera issue de l\u2019immigration d\u2019ici 2063"},"content":{"rendered":"<p>Un universitaire, class\u00e9 \u00e0 droite et connu pour ses prises de position anti-immigration a effectu\u00e9 des projections \u00e0 partir des taux de migration, de natalit\u00e9 et de mortalit\u00e9 dans le pays.<\/p>\n<p class=\"fig-paragraph\">D\u2019ici 2100, six personnes sur dix au\u00a0<a href=\"http:\/\/www.lefigaro.fr\/flash-actu\/royaume-uni-pres-de-37-000-arrivees-clandestines-de-migrants-par-la-manche-en-2024-20250101\" target=\"_blank\" data-fig-type=\"NewsFlash\" rel=\"noopener\" data-gtm-custom-categorie=\"navigation\" data-gtm-custom-action=\"crossclick\" data-gtm-custom-label=\"Contextuel\" data-gtm-event=\"customEventSPE\" data-fig-domain=\"LEFIGARO\">Royaume-Uni<\/a>\u00a0pourraient n\u2019\u00eatre pas n\u00e9es dans le pays. C\u2019est le r\u00e9sultat d\u2019une \u00e9tude men\u00e9e par Matt Godwin, professeur honoraire \u00e0 l\u2019Universit\u00e9 du Kent (Angleterre) et politologue britannique, dont les r\u00e9sultats ont \u00e9t\u00e9 d\u00e9taill\u00e9s dans le journal The Telegraph ce mardi 3 juin.<\/p>\n<p class=\"fig-paragraph\">L\u2019universitaire, class\u00e9 \u00e0 droite et connu pour ses prises de position anti-immigration sur son compte X (ex-Twitter) a effectu\u00e9 des projections en appliquant les taux de f\u00e9condit\u00e9, de mortalit\u00e9 et de migration, par \u00e2ge et par sexe, \u00e0 la population britannique recens\u00e9e en 2022. \u00abNos projections, qui sont bas\u00e9es sur les donn\u00e9es les plus fiables du pays, sugg\u00e8rent que les Britanniques blancs [d\u00e9finis comme des personnes qui n\u2019ont pas de parent immigr\u00e9, NDLR] deviendront une minorit\u00e9 d\u2019ici 2063, que les personnes n\u00e9es \u00e0 l\u2019\u00e9tranger et leurs descendants imm\u00e9diats deviendront une majorit\u00e9 dans le pays d\u2019ici 2079 et qu\u2019une personne sur cinq au Royaume-Uni suivra l\u2019Islam d\u2019ici la fin du si\u00e8cle actuel\u00bb, a-t-il \u00e9crit dans sa newsletter \u00ab\u00c0 quoi ressemblera la Grande-Bretagne en 2100\u00a0?\u00bb suivie par pr\u00e8s de 80.000 personnes dans 181 pays.<\/p>\n<p class=\"fig-paragraph\">L\u2019analyse sugg\u00e8re que les Britanniques blancs, repr\u00e9sentant aujourd\u2019hui 73% de la population de Grande-Bretagne, ne seront plus que 57% d\u2019ici 2050, avant de devenir une minorit\u00e9 d\u2019ici 2063, et de constituer 39% de la population totale en 2100. La part de la population compos\u00e9e de personnes n\u00e9es \u00e0 l\u2019\u00e9tranger augmentera, elle, d\u2019un peu plus de 18 % \u00e0 pr\u00e8s de 26 % au cours de la m\u00eame p\u00e9riode. \u00abEn d\u2019autres termes, d\u2019ici la fin du si\u00e8cle actuel, d\u2019ici 2100, selon les tendances actuelles, environ six personnes sur dix au Royaume-Uni ne seront pas n\u00e9es au Royaume-Uni ou ne seront pas n\u00e9es de parents n\u00e9s au Royaume-Uni\u00bb, explique le chercheur dans son \u00e9tude.<\/p>\n<p>\u00abTransformation d\u00e9mographique spectaculaire\u00bb<\/p>\n<p class=\"fig-paragraph\">Selon les\u00a0<a href=\"http:\/\/www.lefigaro.fr\/international\/immigration-le-royaume-uni-divise-les-flux-par-deux-en-un-an-20250523\" target=\"_blank\" data-fig-type=\"Article\" rel=\"noopener\" data-gtm-custom-categorie=\"navigation\" data-gtm-custom-action=\"crossclick\" data-gtm-custom-label=\"Contextuel\" data-gtm-event=\"customEventSPE\" data-fig-domain=\"LEFIGARO\">chiffres de l\u2019Office national des statistiques (ONS)<\/a>\u00a0parus il y a quelques jours, l\u2019immigration nette britannique a diminu\u00e9 de moiti\u00e9 entre 2023 et 2024, passant de 860.000 personnes arriv\u00e9es sur le territoire en 2023 \u00e0 431.000 en 2024. Mais avant que les mesures adopt\u00e9es par le gouvernement conservateur de Rishi Sunak en 2023 portent leurs fruits, le pays a \u00e9t\u00e9 pl\u00e9biscit\u00e9 par les \u00e9trangers ces cinq derni\u00e8res ann\u00e9es, en d\u00e9pit des promesses des instigateurs du Brexit qui entendaient \u00abreprendre le contr\u00f4le de l\u2019immigration. En 2023, la Grande-Bretagne occupait la premi\u00e8re place, devant les 38 pays membres de l\u2019Organisation de coop\u00e9ration et de d\u00e9veloppement \u00e9conomiques (OCDE), en nombre de migrants install\u00e9s de mani\u00e8re permanente dans le pays par rapport \u00e0 sa population. L\u2019an dernier, 162.000 personnes ont obtenu un titre de r\u00e9sident permanent, soit 35% de plus que l\u2019ann\u00e9e pr\u00e9c\u00e9dente.<\/p>\n<p class=\"fig-paragraph\">L\u2019immigration ill\u00e9gale est, elle, sans pr\u00e9c\u00e9dent\u00a0: en 2024, quelque 36.800 personnes, essentiellement des Afghans, Syriens et Iraniens, sont arriv\u00e9es ill\u00e9galement dans le pays, tandis qu\u2019elles \u00e9taient 24.000 en 2023. Depuis le seul d\u00e9but de l\u2019ann\u00e9e 2025, pr\u00e8s de 15.000 personnes ont travers\u00e9 la Manche dans l\u2019espoir de s\u2019installer au Royaume-Uni.<\/p>\n<p class=\"fig-paragraph\">\u00c0 c\u00f4t\u00e9 de cela, l\u2019\u00e9tude d\u00e9montre qu\u2019une fois install\u00e9s, les \u00e9trangers ont davantage d\u2019enfants que les Britanniques n\u00e9s au Royaume-Uni. Selon les projections pr\u00e9sent\u00e9es, le taux de f\u00e9condit\u00e9 des personnes n\u00e9es \u00e0 l\u2019\u00e9tranger (1,97) est sup\u00e9rieur de pr\u00e8s de six points \u00e0 celui des personnes n\u00e9es au Royaume-Uni (1,39). Les personnes de confession musulmane font aussi plus d\u2019enfants (2,35) que les non-musulmans (1,54).<\/p>\n<p class=\"fig-paragraph\">Sous la pression du parti anti-immigration Reform UK de Nigel Farage, qui est sorti vainqueur des \u00e9lections locales du 1er mai dernier, le premier ministre Keir Starmer a toutefois d\u00e9voil\u00e9 il y a quelques jours un\u00a0<a href=\"http:\/\/www.lefigaro.fr\/international\/le-gouvernement-britannique-devoile-son-plan-radical-pour-reduire-l-immigration-20250512\" target=\"_blank\" data-fig-type=\"NewsFlash\" rel=\"noopener\" data-gtm-custom-categorie=\"navigation\" data-gtm-custom-action=\"crossclick\" data-gtm-custom-label=\"Contextuel\" data-gtm-event=\"customEventSPE\" data-fig-domain=\"LEFIGARO\">plan \u00abradical\u00bb pour r\u00e9duire encore davantage l\u2019immigration dans le pays<\/a>. Le premier ministre britannique envisage notamment de conditionner l\u2019obtention du titre de r\u00e9sident permanent \u00e0 10 ans de pr\u00e9sence sur le territoire au lieu de cinq actuellement, ou de durcir les conditions d\u2019octroi de visas de travail, deuxi\u00e8me source d\u2019installation d\u2019\u00e9trangers dans le pays (369.000 en 2024). D\u00e9but mai, Keir Starmer a \u00e9galement dit vouloir restreindre les visas de travail et \u00e9tudiants pour les ressortissants de pays comme le Pakistan, le Nigeria et le Sri Lanka, les plus susceptibles de demander l\u2019asile.<\/p>\n","protected":false},"excerpt":{"rendered":"Un universitaire, class\u00e9 \u00e0 droite et connu pour ses prises de position anti-immigration a effectu\u00e9 des projections \u00e0&hellip;\n","protected":false},"author":2,"featured_media":151913,"comment_status":"","ping_status":"","sticky":false,"template":"","format":"standard","meta":{"footnotes":""},"categories":[1588],"tags":[259,11,260,1777,674,5072,1061,14,261,12,262,473,1853,1851,1850,1852],"class_list":{"0":"post-151912","1":"post","2":"type-post","3":"status-publish","4":"format-standard","5":"has-post-thumbnail","7":"category-royaume-uni","8":"tag-actualite-internationale","9":"tag-actualites","10":"tag-affaires-etrangeres","11":"tag-eu","12":"tag-europe","13":"tag-grande-bretagne","14":"tag-immigration","15":"tag-international","16":"tag-ministere-des-affaires-etrangeres","17":"tag-news","18":"tag-politique-etrangere","19":"tag-royaume-uni","20":"tag-royaume-uni-de-grande-bretagne-et-dirlande-du-nord","21":"tag-uk","22":"tag-united-kingdom","23":"tag-united-kingdom-of-great-britain-and-northern-ireland"},"share_on_mastodon":{"url":"https:\/\/pubeurope.com\/@fr\/114626235168876928","error":""},"_links":{"self":[{"href":"https:\/\/www.europesays.com\/fr\/wp-json\/wp\/v2\/posts\/151912","targetHints":{"allow":["GET"]}}],"collection":[{"href":"https:\/\/www.europesays.com\/fr\/wp-json\/wp\/v2\/posts"}],"about":[{"href":"https:\/\/www.europesays.com\/fr\/wp-json\/wp\/v2\/types\/post"}],"author":[{"embeddable":true,"href":"https:\/\/www.europesays.com\/fr\/wp-json\/wp\/v2\/users\/2"}],"replies":[{"embeddable":true,"href":"https:\/\/www.europesays.com\/fr\/wp-json\/wp\/v2\/comments?post=151912"}],"version-history":[{"count":0,"href":"https:\/\/www.europesays.com\/fr\/wp-json\/wp\/v2\/posts\/151912\/revisions"}],"wp:featuredmedia":[{"embeddable":true,"href":"https:\/\/www.europesays.com\/fr\/wp-json\/wp\/v2\/media\/151913"}],"wp:attachment":[{"href":"https:\/\/www.europesays.com\/fr\/wp-json\/wp\/v2\/media?parent=151912"}],"wp:term":[{"taxonomy":"category","embeddable":true,"href":"https:\/\/www.europesays.com\/fr\/wp-json\/wp\/v2\/categories?post=151912"},{"taxonomy":"post_tag","embeddable":true,"href":"https:\/\/www.europesays.com\/fr\/wp-json\/wp\/v2\/tags?post=151912"}],"curies":[{"name":"wp","href":"https:\/\/api.w.org\/{rel}","templated":true}]}}