{"id":151916,"date":"2025-06-04T17:19:09","date_gmt":"2025-06-04T17:19:09","guid":{"rendered":"https:\/\/www.europesays.com\/fr\/151916\/"},"modified":"2025-06-04T17:19:09","modified_gmt":"2025-06-04T17:19:09","slug":"leurope-veut-reduire-sa-dependance-avec-13-nouveaux-sites-dextraction","status":"publish","type":"post","link":"https:\/\/www.europesays.com\/fr\/151916\/","title":{"rendered":"l\u2019Europe veut r\u00e9duire sa d\u00e9pendance avec 13 nouveaux sites d\u2019extraction"},"content":{"rendered":"<p>Bruxelles annonce le lancement de nouveaux projets d\u2019extraction de mati\u00e8res premi\u00e8res hors Europe qui assureront l\u2019approvisionnement du Vieux Continent.<\/p>\n<p class=\"fig-paragraph\">Les \u00c9tats-Unis ne sont pas seuls \u00e0 s\u2019alarmer de leur d\u00e9pendance \u00e0 la Chine vis-\u00e0-vis des mati\u00e8res premi\u00e8res strat\u00e9giques, dont les fameuses\u00a0<a href=\"http:\/\/www.lefigaro.fr\/flash-eco\/terres-rares-le-gabon-n-exportera-plus-de-manganese-brut-en-2029-20250531\" data-fig-type=\"NewsFlash\" data-gtm-custom-categorie=\"navigation\" data-gtm-custom-action=\"crossclick\" data-gtm-custom-label=\"Contextuel\" data-gtm-event=\"customEventSPE\" data-fig-domain=\"LEFIGARO\" target=\"_blank\" rel=\"noopener\">terres rares<\/a>. Selon l\u2019institut des \u00e9tudes g\u00e9ologiques des \u00c9tats-Unis (USGS), l\u2019empire du Milieu r\u00e8gne sur 70\u00a0% du march\u00e9 mondial de ces m\u00e9taux critiques indispensables \u00e0 la fabrication des puissants aimants utilis\u00e9s dans l\u2019armement, les moteurs de v\u00e9hicules \u00e9lectriques, les \u00e9crans, les syst\u00e8mes de freinage, l\u2019a\u00e9rospatial\u2026 En r\u00e9ponse aux droits de douane de Washington,\u00a0<a href=\"http:\/\/www.lefigaro.fr\/conjoncture\/des-consequences-graves-pour-les-etats-unis-pourquoi-la-chine-a-suspendu-ses-exportations-de-terres-rares-20250414\" data-fig-type=\"NewsFlash\" data-gtm-custom-categorie=\"navigation\" data-gtm-custom-action=\"crossclick\" data-gtm-custom-label=\"Contextuel\" data-gtm-event=\"customEventSPE\" data-fig-domain=\"LEFIGARO\" target=\"_blank\" rel=\"noopener\">P\u00e9kin avait d\u2019ailleurs d\u00e9cid\u00e9 de restreindre les exportations les plus indispensables parmi ces m\u00e9taux<\/a>, soumettant leur exportation \u00e0 l\u2019obtention de nouvelles licences.\u00a0Dans un communiqu\u00e9 publi\u00e9 ce mercredi, l\u2019association europ\u00e9enne des \u00e9quipementiers automobiles (Clepa) tire la sonnette d\u2019alarme, appelant \u00e0 une \u00ab\u00a0action urgente alors que les restrictions \u00e0 l\u2019exportation de terres rares impos\u00e9es par la Chine perturbent les cha\u00eenes d\u2019approvisionnement\u00a0\u00bb.<\/p>\n<p class=\"fig-body-link\">\n            \u00c0 lire aussi<br \/>\n        <a class=\"fig-body-link__link fig-premium-mark\" href=\"http:\/\/www.lefigaro.fr\/conjoncture\/les-terres-rares-un-enjeu-existentiel-au-coeur-de-l-affrontement-entre-donald-trump-et-xi-jinping-20250522\" data-fig-type=\"Article\" data-gtm-custom-categorie=\"navigation\" data-gtm-custom-action=\"crossclick\" data-gtm-custom-label=\"Contextuel\" data-gtm-event=\"customEventSPE\" data-fig-domain=\"LEFIGARO\" target=\"_blank\" rel=\"noopener\">Les terres rares, un \u00abenjeu existentiel\u00bb au c\u0153ur de l\u2019affrontement entre Donald Trump et Xi Jinping<br \/>\n    <\/a>\n<\/p>\n<p class=\"fig-paragraph\">Le Vieux Continent a bien conscience\u2026<\/p>\n<p class=\"fig-premium-paywall__infos\">\n        Cet article est r\u00e9serv\u00e9 aux abonn\u00e9s.        Il vous reste 77% \u00e0 d\u00e9couvrir.\n    <\/p>\n<p>                <img  data- alt=\"Le Figaro\" class=\"fig-img--complete fig-img\"\/><\/p>\n<p class=\"fig-premium-paywall__title\">Vente Flash<\/p>\n<p class=\"fig-premium-paywall__subtitle\">4,99\u20ac par mois pendant 12 mois. Sans engagement.<\/p>\n<p class=\"fig-premium-paywall__connect\">\n                D\u00e9j\u00e0 abonn\u00e9\u00a0?                <a class=\"fig-premium-paywall__connect-link\" href=\"https:\/\/connect.lefigaro.fr\/login?client=horizon_web&amp;type=main&amp;redirect_uri=https%3A%2F%2Fwww.lefigaro.fr%2Fconjoncture%2Fmetaux-critiques-l-europe-veut-reduire-sa-dependance-avec-13-nouveaux-sites-d-extraction-20250604\" data-js-gtm=\"{&quot;customCategorie&quot;: &quot;conversion&quot;, &quot;customAction&quot;: &quot;before_Landing_Connexion_paywall_auto&quot;, &quot;customLabel&quot;: &quot;bGVmaWdhcm8uZnJfXzFmMDQxMmI1LTkwZjAtNjZhNi1iYjlkLTdkNjU2YmIyY2M4Y19fQXJ0aWNsZQ==_M\u00e9taux critiques: l\u2019Europe veut r\u00e9duire sa d\u00e9pendance avec 13 nouveaux sites d\u2019extraction_32&quot;, &quot;customIDSPE&quot;: &quot;bGVmaWdhcm8uZnJfXzFmMDQxMmI1LTkwZjAtNjZhNi1iYjlkLTdkNjU2YmIyY2M4Y19fQXJ0aWNsZQ==&quot;, &quot;event&quot;: &quot;customEventSPE&quot;}\" target=\"_blank\" rel=\"noopener\"><br \/>\n                    Connectez-vous<br \/>\n                <\/a>\n            <\/p>\n","protected":false},"excerpt":{"rendered":"Bruxelles annonce le lancement de nouveaux projets d\u2019extraction de mati\u00e8res premi\u00e8res hors Europe qui assureront l\u2019approvisionnement du Vieux&hellip;\n","protected":false},"author":2,"featured_media":151917,"comment_status":"","ping_status":"","sticky":false,"template":"","format":"standard","meta":{"footnotes":""},"categories":[1586],"tags":[339,11,340,343,345,350,130,344,352,349,33,341,313,1777,674,1011,27,346,342,353,28140,351,347,12,348,25,20566,354],"class_list":{"0":"post-151916","1":"post","2":"type-post","3":"status-publish","4":"format-standard","5":"has-post-thumbnail","7":"category-europe","8":"tag-actualite-economique","9":"tag-actualites","10":"tag-bourse","11":"tag-cac-40","12":"tag-chef-dentreprise","13":"tag-concurrence","14":"tag-consommation","15":"tag-creation-dentreprise","16":"tag-crise","17":"tag-delocalisations","18":"tag-economie","19":"tag-emploi","20":"tag-entreprises","21":"tag-eu","22":"tag-europe","23":"tag-fr","24":"tag-france","25":"tag-grands-patrons","26":"tag-impots","27":"tag-licenciements","28":"tag-metaux-rares","29":"tag-monopole","30":"tag-multinationales","31":"tag-news","32":"tag-privatisation","33":"tag-republique-francaise","34":"tag-terres-rares","35":"tag-unio"},"share_on_mastodon":{"url":"https:\/\/pubeurope.com\/@fr\/114626243048484656","error":""},"_links":{"self":[{"href":"https:\/\/www.europesays.com\/fr\/wp-json\/wp\/v2\/posts\/151916","targetHints":{"allow":["GET"]}}],"collection":[{"href":"https:\/\/www.europesays.com\/fr\/wp-json\/wp\/v2\/posts"}],"about":[{"href":"https:\/\/www.europesays.com\/fr\/wp-json\/wp\/v2\/types\/post"}],"author":[{"embeddable":true,"href":"https:\/\/www.europesays.com\/fr\/wp-json\/wp\/v2\/users\/2"}],"replies":[{"embeddable":true,"href":"https:\/\/www.europesays.com\/fr\/wp-json\/wp\/v2\/comments?post=151916"}],"version-history":[{"count":0,"href":"https:\/\/www.europesays.com\/fr\/wp-json\/wp\/v2\/posts\/151916\/revisions"}],"wp:featuredmedia":[{"embeddable":true,"href":"https:\/\/www.europesays.com\/fr\/wp-json\/wp\/v2\/media\/151917"}],"wp:attachment":[{"href":"https:\/\/www.europesays.com\/fr\/wp-json\/wp\/v2\/media?parent=151916"}],"wp:term":[{"taxonomy":"category","embeddable":true,"href":"https:\/\/www.europesays.com\/fr\/wp-json\/wp\/v2\/categories?post=151916"},{"taxonomy":"post_tag","embeddable":true,"href":"https:\/\/www.europesays.com\/fr\/wp-json\/wp\/v2\/tags?post=151916"}],"curies":[{"name":"wp","href":"https:\/\/api.w.org\/{rel}","templated":true}]}}