{"id":151922,"date":"2025-06-04T17:22:10","date_gmt":"2025-06-04T17:22:10","guid":{"rendered":"https:\/\/www.europesays.com\/fr\/151922\/"},"modified":"2025-06-04T17:22:10","modified_gmt":"2025-06-04T17:22:10","slug":"la-commission-europeenne-met-en-suspens-la-procedure-pour-deficit-excessif-qui-vise-la-france","status":"publish","type":"post","link":"https:\/\/www.europesays.com\/fr\/151922\/","title":{"rendered":"La Commission europ\u00e9enne met \u00ab\u00a0en suspens\u00a0\u00bb la proc\u00e9dure pour d\u00e9ficit excessif qui vise la France"},"content":{"rendered":"<p>Si l\u2019Hexagone, en pleine construction de son projet de budget 2026, est loin d\u2019\u00eatre tir\u00e9 d\u2019affaire, le gouvernement s\u2019est f\u00e9licit\u00e9 de ce signal jug\u00e9 encourageant.<\/p>\n<p class=\"fig-paragraph\"><a href=\"http:\/\/www.lefigaro.fr\/conjoncture\/budget-2026-bercy-tente-de-cadrer-les-ministres-pour-respecter-les-objectifs-d-economie-20250603\" data-fig-type=\"Article\" data-gtm-custom-categorie=\"navigation\" data-gtm-custom-action=\"crossclick\" data-gtm-custom-label=\"Contextuel\" data-gtm-event=\"customEventSPE\" data-fig-domain=\"LEFIGARO\" target=\"_blank\" rel=\"noopener\">L\u2019\u00e9tau budg\u00e9taire<\/a>\u00a0se desserre (un peu) pour la France. Ce mercredi 4\u00a0juin, la Commission europ\u00e9enne a annonc\u00e9, \u00e0 l\u2019occasion d\u2019un point presse, son verdict sur la\u00a0<a href=\"http:\/\/www.lefigaro.fr\/conjoncture\/paris-va-officiellement-se-retrouver-sous-le-coup-d-une-procedure-europeenne-pour-deficit-excessif-20240716\" data-fig-type=\"Article\" data-gtm-custom-categorie=\"navigation\" data-gtm-custom-action=\"crossclick\" data-gtm-custom-label=\"Contextuel\" data-gtm-event=\"customEventSPE\" data-fig-domain=\"LEFIGARO\" target=\"_blank\" rel=\"noopener\">proc\u00e9dure pour d\u00e9ficit excessif<\/a>\u00a0qui vise la France. \u00ab\u00a0La proc\u00e9dure pour d\u00e9ficit excessif est en suspens pour la France, mais nous constatons quelques petits d\u00e9rapages. Nous attendons de voir comment ils \u00e9voluent\u00a0\u00bb, a d\u00e9clar\u00e9 le commissaire europ\u00e9en Valdis Dombrovskis. Une nouvelle salu\u00e9e par Paris, qui se f\u00e9licite d\u2019une \u00ab\u00a0\u00e9valuation positive de ses\u00a0<a href=\"http:\/\/www.lefigaro.fr\/conjoncture\/budget-2026-bercy-tente-de-cadrer-les-ministres-pour-respecter-les-objectifs-d-economie-20250603\" data-fig-type=\"Article\" data-gtm-custom-categorie=\"navigation\" data-gtm-custom-action=\"crossclick\" data-gtm-custom-label=\"Contextuel\" data-gtm-event=\"customEventSPE\" data-fig-domain=\"LEFIGARO\" target=\"_blank\" rel=\"noopener\">efforts budg\u00e9taires<\/a> \u00a0\u00bb engag\u00e9s depuis le budget 2025.<\/p>\n<p class=\"fig-paragraph\">Comme chaque ann\u00e9e, la\u00a0<a href=\"http:\/\/www.lefigaro.fr\/conjoncture\/guerre-commerciale-la-commission-europeenne-regrette-fortement-les-dernieres-surtaxes-americaines-20250604\" data-fig-type=\"NewsFlash\" data-gtm-custom-categorie=\"navigation\" data-gtm-custom-action=\"crossclick\" data-gtm-custom-label=\"Contextuel\" data-gtm-event=\"customEventSPE\" data-fig-domain=\"LEFIGARO\" target=\"_blank\" rel=\"noopener\">Commission europ\u00e9enne<\/a>\u00a0a fourni aux \u00c9tats membres des \u00ab\u00a0recommandations sp\u00e9cifiques pour relever les d\u00e9fis socio-\u00e9conomiques et rem\u00e9dier aux d\u00e9s\u00e9quilibres macro\u00e9conomiques d\u00e9tect\u00e9s\u00a0\u00bb, \u00e0 l\u2019occasion du paquet de printemps du \u00ab\u00a0semestre europ\u00e9en\u00a0\u00bb. Un travail r\u00e9alis\u00e9 \u00e0 partir de documents fournis par la France \u00e0 Bruxelles, fin avril. Cette ann\u00e9e, le gouvernement fran\u00e7ais, comme l\u2019Italie, la Hongrie ou la Pologne, engag\u00e9s dans une proc\u00e9dure identique, devait \u00e9galement pr\u00e9senter des preuves d\u2019actions \u00ab\u00a0suivies d\u2019effets\u00a0\u00bb visant \u00e0 am\u00e9liorer sa situation budg\u00e9taire.<\/p>\n<p class=\"fig-body-link\">\n            \u00c0 lire aussi<br \/>\n        <a class=\"fig-body-link__link fig-premium-mark\" href=\"http:\/\/www.lefigaro.fr\/conjoncture\/paris-va-officiellement-se-retrouver-sous-le-coup-d-une-procedure-europeenne-pour-deficit-excessif-20240716\" data-fig-type=\"Article\" data-gtm-custom-categorie=\"navigation\" data-gtm-custom-action=\"crossclick\" data-gtm-custom-label=\"Contextuel\" data-gtm-event=\"customEventSPE\" data-fig-domain=\"LEFIGARO\" target=\"_blank\" rel=\"noopener\">Paris va officiellement se retrouver sous le coup d\u2019une proc\u00e9dure europ\u00e9enne pour d\u00e9ficit excessif<br \/>\n    <\/a>\n<\/p>\n<p class=\"fig-paragraph\">Selon la Commission, \u00e0 la lumi\u00e8re de ces documents, dans l\u2019imm\u00e9diat, \u00ab\u00a0aucune mesure suppl\u00e9mentaire ne doit \u00eatre prise dans le cadre de la proc\u00e9dure pour d\u00e9ficit excessif (\u2026) \u00e0 ce stade\u00a0\u00bb.\u00a0Ainsi, dans une nuance assez caract\u00e9ristique de la communication subtile de Bruxelles, la proc\u00e9dure pour d\u00e9ficits excessifs est \u00ab\u00a0en suspens\u00a0\u00bb mais \u00ab\u00a0pas suspendue\u00a0\u00bb, d\u00e9crypte une source \u00e0 la Commission. Laquelle ajoute\u00a0: \u00ab\u00a0Nous utilisons le terme anglais en \u201cabeyance\u201d, qui signifie que l\u2019\u00c9tat membre est en bonne voie pour r\u00e9duire son d\u00e9ficit budg\u00e9taire conform\u00e9ment \u00e0 la trajectoire d\u00e9cid\u00e9e par le Conseil sur recommandation de la Commission.\u00a0\u00bb<\/p>\n<p>L\u2019Autriche aussi vis\u00e9e par une proc\u00e9dure<\/p>\n<p class=\"fig-paragraph\">Pour rappel, la France est sous le coup d\u2019une proc\u00e9dure pour d\u00e9ficit excessif\u00a0<a href=\"http:\/\/www.lefigaro.fr\/conjoncture\/paris-va-officiellement-se-retrouver-sous-le-coup-d-une-procedure-europeenne-pour-deficit-excessif-20240716\" data-fig-type=\"Article\" data-gtm-custom-categorie=\"navigation\" data-gtm-custom-action=\"crossclick\" data-gtm-custom-label=\"Contextuel\" data-gtm-event=\"customEventSPE\" data-fig-domain=\"LEFIGARO\" target=\"_blank\" rel=\"noopener\">depuis juillet dernier<\/a>, au m\u00eame titre que l\u2019Italie, la Belgique, la Hongrie, la Pologne, la Slovaquie et Malte, ainsi que la Roumanie. Ces pays, dont les budgets ne respectent pas les engagements europ\u00e9ens &#8211; dette sous 60\u00a0% du PIB, d\u00e9ficit sous 3\u00a0% &#8211; doivent donc prendre des mesures correctrices au plus vite. Dans son communiqu\u00e9, la Commission estime que la Belgique doit modifier sa \u00ab\u00a0trajectoire corrective\u00a0\u00bb, et accuse la Roumanie de ne pas avoir agi suffisamment fort. Par ailleurs, \u00ab\u00a0l\u2019ouverture d\u2019une proc\u00e9dure de d\u00e9ficit excessif fond\u00e9e sur le d\u00e9ficit est justifi\u00e9e pour l\u2019Autriche\u00a0\u00bb, indique l\u2019ex\u00e9cutif europ\u00e9en.<\/p>\n<blockquote class=\"fig-quote&#10;    \">\n<p class=\"fig-quote__text\">La France est dans les clous mais elle doit faire attention<\/p>\n<p>            La Commission europ\u00e9enne\n    <\/p><\/blockquote>\n<p class=\"fig-paragraph\">La France, pour sa part, demeure bel et bien sous le coup de cette proc\u00e9dure. La mise en suspens ce mercredi, au fond, signifie simplement que le pays tient la trajectoire budg\u00e9taire sur laquelle il s\u2019est engag\u00e9 aupr\u00e8s de Bruxelles \u00ab\u00a0pour l\u2019instant\u00a0\u00bb, selon des experts. Et encore, pas parfaitement. En effet, la croissance annuelle des d\u00e9penses nettes de la France pour 2025 &#8211; un des chiffres cl\u00e9s scrut\u00e9s par Bruxelles pour \u00e9valuer la trajectoire budg\u00e9taire d\u2019un pays &#8211; s\u2019\u00e9tablit pour l\u2019heure \u00e0 0,9\u00a0% soit l\u00e9g\u00e8rement au-dessus de la trajectoire pr\u00e9vue pour Paris (0,8\u00a0%). Malgr\u00e9 ce \u00ab\u00a0petit d\u00e9rapage\u00a0\u00bb, la Commission consid\u00e8re ainsi \u00ab\u00a0que la France est dans les clous mais qu\u2019elle doit faire attention\u00a0\u00bb, pr\u00e9vient un connaisseur, \u00ab\u00a0elle reste sous surveillance tr\u00e8s rapproch\u00e9e\u00a0\u00bb.<\/p>\n<p class=\"fig-paragraph\">D\u2019ailleurs, pour l\u2019ann\u00e9e prochaine, la pr\u00e9vision de d\u00e9ficit de la Commission demeure largement plus \u00e9lev\u00e9e que celle du gouvernement (5,7\u00a0% du PIB contre 4,6\u00a0%). Cet \u00e9cart colossal (plus de 30\u00a0milliards d\u2019euros) s\u2019explique par le fait que la Commission \u00e9tablit ses chiffres \u00ab\u00a0\u00e0 politiques inchang\u00e9es\u00a0\u00bb tant que les mesures d\u2019\u00e9conomies ne sont pas act\u00e9es. Ainsi, logiquement, elle recommande \u00e0 la France d\u2019en prendre de nouvelles afin de continuer \u00e0 se conformer \u00e0 la trajectoire de r\u00e9tablissement de ses finances publiques &#8211; \u00e0 d\u00e9faut, la proc\u00e9dure de d\u00e9ficit excessif risque de ne pas rester longtemps \u00ab\u00a0en suspens\u00a0\u00bb. Bruxelles sera \u00e0 coup s\u00fbr particuli\u00e8rement attentive au contenu du plan d\u2019\u00e9conomies de 40\u00a0milliards d\u2019euros pour l\u2019ann\u00e9e prochaine que le premier ministre doit pr\u00e9senter d\u00e9but juillet.<\/p>\n<p class=\"fig-body-link\">\n            \u00c0 lire aussi<br \/>\n        <a class=\"fig-body-link__link fig-premium-mark\" href=\"http:\/\/www.lefigaro.fr\/politique\/annee-blanche-tva-sociale-niches-fiscales-les-scenarios-a-l-etude-pour-trouver-40-milliards-d-euros-d-economies-20250602\" data-fig-type=\"Article\" data-gtm-custom-categorie=\"navigation\" data-gtm-custom-action=\"crossclick\" data-gtm-custom-label=\"Contextuel\" data-gtm-event=\"customEventSPE\" data-fig-domain=\"LEFIGARO\" target=\"_blank\" rel=\"noopener\">Ann\u00e9e blanche, TVA sociale, niches fiscales\u2026 Les sc\u00e9narios \u00e0 l\u2019\u00e9tude pour trouver 40\u00a0milliards d\u2019euros d\u2019\u00e9conomies<br \/>\n    <\/a>\n<\/p>\n<p class=\"fig-paragraph\">Bref, l\u2019Hexagone, en pleine construction de son projet de budget 2026, est loin d\u2019\u00eatre tir\u00e9 d\u2019affaire. Le gouvernement va devoir poursuivre, voire amplifier des efforts budg\u00e9taires d\u00e9j\u00e0 pol\u00e9miques dans un contexte politique pour le moins conflictuel. Toutefois, il s\u2019est f\u00e9licit\u00e9 de ce signal jug\u00e9 encourageant. \u00ab\u00a0La France a bien adopt\u00e9 une premi\u00e8re s\u00e9rie d\u2019actions suivies d\u2019effets en r\u00e9ponse \u00e0 la trajectoire de correction recommand\u00e9e par le Conseil et d\u00e9clare une suspension de la proc\u00e9dure pour d\u00e9ficit excessif\u00a0\u00bb, analyse Bercy, dans un communiqu\u00e9. Le gouvernement Bayrou \u00ab\u00a0prend note de cette \u00e9valuation positive de ses efforts\u00a0\u00bb, et \u00ab\u00a0demeure pleinement engag\u00e9 \u00e0 poursuivre la mise en \u0153uvre et la mont\u00e9e en charge des r\u00e9formes pr\u00e9vues dans son plan budg\u00e9taire et structurel \u00e0 moyen terme\u00a0\u00bb.<\/p>\n","protected":false},"excerpt":{"rendered":"Si l\u2019Hexagone, en pleine construction de son projet de budget 2026, est loin d\u2019\u00eatre tir\u00e9 d\u2019affaire, le gouvernement&hellip;\n","protected":false},"author":2,"featured_media":151923,"comment_status":"","ping_status":"","sticky":false,"template":"","format":"standard","meta":{"footnotes":""},"categories":[2],"tags":[339,11,340,343,345,2196,350,130,344,352,10259,349,33,341,313,1011,27,346,342,353,351,347,12,348,25,354],"class_list":{"0":"post-151922","1":"post","2":"type-post","3":"status-publish","4":"format-standard","5":"has-post-thumbnail","7":"category-actualites","8":"tag-actualite-economique","9":"tag-actualites","10":"tag-bourse","11":"tag-cac-40","12":"tag-chef-dentreprise","13":"tag-commission-europeenne","14":"tag-concurrence","15":"tag-consommation","16":"tag-creation-dentreprise","17":"tag-crise","18":"tag-deficit","19":"tag-delocalisations","20":"tag-economie","21":"tag-emploi","22":"tag-entreprises","23":"tag-fr","24":"tag-france","25":"tag-grands-patrons","26":"tag-impots","27":"tag-licenciements","28":"tag-monopole","29":"tag-multinationales","30":"tag-news","31":"tag-privatisation","32":"tag-republique-francaise","33":"tag-unio"},"share_on_mastodon":{"url":"https:\/\/pubeurope.com\/@fr\/114626254870289141","error":""},"_links":{"self":[{"href":"https:\/\/www.europesays.com\/fr\/wp-json\/wp\/v2\/posts\/151922","targetHints":{"allow":["GET"]}}],"collection":[{"href":"https:\/\/www.europesays.com\/fr\/wp-json\/wp\/v2\/posts"}],"about":[{"href":"https:\/\/www.europesays.com\/fr\/wp-json\/wp\/v2\/types\/post"}],"author":[{"embeddable":true,"href":"https:\/\/www.europesays.com\/fr\/wp-json\/wp\/v2\/users\/2"}],"replies":[{"embeddable":true,"href":"https:\/\/www.europesays.com\/fr\/wp-json\/wp\/v2\/comments?post=151922"}],"version-history":[{"count":0,"href":"https:\/\/www.europesays.com\/fr\/wp-json\/wp\/v2\/posts\/151922\/revisions"}],"wp:featuredmedia":[{"embeddable":true,"href":"https:\/\/www.europesays.com\/fr\/wp-json\/wp\/v2\/media\/151923"}],"wp:attachment":[{"href":"https:\/\/www.europesays.com\/fr\/wp-json\/wp\/v2\/media?parent=151922"}],"wp:term":[{"taxonomy":"category","embeddable":true,"href":"https:\/\/www.europesays.com\/fr\/wp-json\/wp\/v2\/categories?post=151922"},{"taxonomy":"post_tag","embeddable":true,"href":"https:\/\/www.europesays.com\/fr\/wp-json\/wp\/v2\/tags?post=151922"}],"curies":[{"name":"wp","href":"https:\/\/api.w.org\/{rel}","templated":true}]}}